{"id":10004,"date":"2022-04-21T11:16:31","date_gmt":"2022-04-21T11:16:31","guid":{"rendered":"https:\/\/rdnews.al\/?p=10004"},"modified":"2022-04-21T11:16:31","modified_gmt":"2022-04-21T11:16:31","slug":"pronari-i-kompanise-me-te-madhe-te-naftes-ruse-jep-doreheqje-kritikoi-luften-ne-ukraine","status":"publish","type":"post","link":"https:\/\/rdnews.al\/index.php\/2022\/04\/21\/pronari-i-kompanise-me-te-madhe-te-naftes-ruse-jep-doreheqje-kritikoi-luften-ne-ukraine\/","title":{"rendered":"Pronari i kompanis\u00eb m\u00eb t\u00eb madhe t\u00eb naft\u00ebs ruse jep dor\u00ebheqje, kritikoi luft\u00ebn n\u00eb Ukrain\u00eb"},"content":{"rendered":"<p>Vaguit Alekperov, president dhe themelues i kompanis\u00eb s\u00eb madhe ruse t\u00eb naft\u00ebs\u00a0Lukoil, ka dh\u00ebn\u00eb dor\u00ebheqjen sot\u00a0\u00a0nga t\u00eb gjitha pozicionet e tij n\u00eb kompani, njoftoi kompania.<\/p>\n<p>\u201cPresidenti dhe an\u00ebtari i bordit t\u00eb drejtor\u00ebve t\u00eb Lukoil, V. Alekperov, njoftoi vendimin e tij p\u00ebr t\u00eb dh\u00ebn\u00eb dor\u00ebheqje\u201d,\u00a0thuhet n\u00eb nj\u00eb deklarat\u00eb q\u00eb\u00a0nuk shpjegon arsyet e k\u00ebsaj dor\u00ebheqjeje.<\/p>\n<p>Njoftimi vjen m\u00eb pak se\u00a0dy muaj pasi kompania private u b\u00eb kompania m\u00eb e madhe ruse q\u00eb kritikoi luft\u00ebn\u00a0n\u00eb Ukrain\u00eb\u00a0n\u00eb nj\u00eb deklarat\u00eb duke b\u00ebr\u00eb thirrje p\u00ebr &#8220;nd\u00ebrprerjen e shpejt\u00eb t\u00eb konfliktit t\u00eb armatosur&#8221; dhe &#8220;zgjidhjen n\u00eb koh\u00ebn e duhur&#8221;.<\/p>\n<p>Pavar\u00ebsisht k\u00ebsaj,\u00a0Alekperov u vendos n\u00eb nj\u00eb list\u00eb t\u00eb zez\u00eb t\u00eb personaliteteve ruse t\u00eb sanksionuar nga Mbret\u00ebria e Bashkuar\u00a0, nj\u00eb vend me t\u00eb cilin ai ka lidhje t\u00eb ngushta, dhe\u00a0Australia\u00a0.<\/p>\n<p>Alekperov drejton Lukoil q\u00eb nga viti 1993 dhe \u00ebsht\u00eb nj\u00eb nga manjat\u00ebt m\u00eb t\u00eb fuqish\u00ebm t\u00eb naft\u00ebs n\u00eb Rusi.<\/p>\n<p>Sipas Forbes, Alekperov, nj\u00eb ish-pun\u00ebtor i platform\u00ebs s\u00eb naft\u00ebs n\u00eb Detin Kaspik, \u00ebsht\u00eb personi i 90-t\u00eb m\u00eb i pasur n\u00eb bot\u00eb, me pasurin\u00eb e tij neto t\u00eb vler\u00ebsuar n\u00eb 19.3 miliard\u00eb dollar\u00eb q\u00eb nga 21 prilli 2022.<\/p>\n","protected":false},"excerpt":{"rendered":"<p>Vaguit Alekperov, president dhe themelues i kompanis\u00eb s\u00eb madhe ruse t\u00eb naft\u00ebs\u00a0Lukoil, ka dh\u00ebn\u00eb dor\u00ebheqjen sot\u00a0\u00a0nga t\u00eb gjitha pozicionet e tij n\u00eb kompani, njoftoi kompania. \u201cPresidenti dhe an\u00ebtari i bordit t\u00eb drejtor\u00ebve t\u00eb Lukoil, V. Alekperov, njoftoi vendimin e tij p\u00ebr t\u00eb dh\u00ebn\u00eb dor\u00ebheqje\u201d,\u00a0thuhet n\u00eb nj\u00eb deklarat\u00eb q\u00eb\u00a0nuk shpjegon arsyet e k\u00ebsaj dor\u00ebheqjeje. Njoftimi vjen &hellip;<\/p>\n","protected":false},"author":4,"featured_media":10005,"comment_status":"open","ping_status":"open","sticky":false,"template":"","format":"standard","meta":{"footnotes":""},"categories":[38],"tags":[],"class_list":["post-10004","post","type-post","status-publish","format-standard","has-post-thumbnail","","category-bota"],"_links":{"self":[{"href":"https:\/\/rdnews.al\/index.php\/wp-json\/wp\/v2\/posts\/10004","targetHints":{"allow":["GET"]}}],"collection":[{"href":"https:\/\/rdnews.al\/index.php\/wp-json\/wp\/v2\/posts"}],"about":[{"href":"https:\/\/rdnews.al\/index.php\/wp-json\/wp\/v2\/types\/post"}],"author":[{"embeddable":true,"href":"https:\/\/rdnews.al\/index.php\/wp-json\/wp\/v2\/users\/4"}],"replies":[{"embeddable":true,"href":"https:\/\/rdnews.al\/index.php\/wp-json\/wp\/v2\/comments?post=10004"}],"version-history":[{"count":0,"href":"https:\/\/rdnews.al\/index.php\/wp-json\/wp\/v2\/posts\/10004\/revisions"}],"wp:featuredmedia":[{"embeddable":true,"href":"https:\/\/rdnews.al\/index.php\/wp-json\/wp\/v2\/media\/10005"}],"wp:attachment":[{"href":"https:\/\/rdnews.al\/index.php\/wp-json\/wp\/v2\/media?parent=10004"}],"wp:term":[{"taxonomy":"category","embeddable":true,"href":"https:\/\/rdnews.al\/index.php\/wp-json\/wp\/v2\/categories?post=10004"},{"taxonomy":"post_tag","embeddable":true,"href":"https:\/\/rdnews.al\/index.php\/wp-json\/wp\/v2\/tags?post=10004"}],"curies":[{"name":"wp","href":"https:\/\/api.w.org\/{rel}","templated":true}]}}