{"id":100409,"date":"2025-01-03T17:35:22","date_gmt":"2025-01-03T17:35:22","guid":{"rendered":"https:\/\/rdnews.al\/?p=100409"},"modified":"2025-01-03T17:35:22","modified_gmt":"2025-01-03T17:35:22","slug":"pse-besoj-berishen-dhe-jo-ramen","status":"publish","type":"post","link":"https:\/\/rdnews.al\/index.php\/2025\/01\/03\/pse-besoj-berishen-dhe-jo-ramen\/","title":{"rendered":"Pse besoj Berish\u00ebn dhe jo Ram\u00ebn"},"content":{"rendered":"<p><strong>Nga\u00a0Agim XHAFKA<\/strong><\/p>\n<p>K\u00ebt\u00eb vit n\u00eb maj do t\u00eb b\u00ebhen zgjedhjet p\u00ebr Kuvendin e Shqip\u00ebris\u00eb. P\u00ebr fat ato jan\u00eb m\u00eb t\u00eb thjeshtat nga gjith\u00eb \u00e7\u2019jan\u00eb zhvilluar deri m\u00eb sot. Nuk ka nevoj\u00eb fare p\u00ebr fushat\u00eb, p\u00ebr programe dhe p\u00ebr harxhe televizive. Se njer\u00ebzit k\u00ebto kat\u00ebr muaj deri n\u00eb dat\u00ebn 11 maj thjesht\u00a0do b\u00ebjn\u00eb ca pyetje e do marrin shpejt plot p\u00ebrgjigje. Psh:<\/p>\n<p>-Doni o shqiptar\u00eb mos bllokoheni n\u00eb Elbasan kur shkoni n\u00eb Pogradec, Kor\u00e7\u00eb e Greqi?<\/p>\n<p>Normal q\u00eb e zgjidh ve\u00e7 Berisha. N\u00ebn qeverisjen e tij u b\u00eb dhe tuneli n\u00eb Krrab\u00eb. Nj\u00eb \u00ebnd\u00ebrr e elbasanllinjve n\u00eb shekuj. Pa folur p\u00ebr autostradat n\u00eb Jug, apo rrug\u00ebt rurale q\u00eb jan\u00eb mijra kilometra.<\/p>\n<p>-Doni karburante me \u00e7mime me t\u00eb lira?<\/p>\n<p>Normal q\u00eb ve\u00e7 Berisha e kryen.<\/p>\n<p>-Doni rroga m\u00eb t\u00eb larta?<\/p>\n<p>Normal q\u00eb Berisha do merret me to. Ua dyfishoi m\u00ebsuesve e mjek\u00ebve rrogat kur ishte kryeminist\u00ebr. Mbahet mend ajo rritje.<\/p>\n<p>-Doni ila\u00e7e cil\u00ebsore?<\/p>\n<p>Normal q\u00eb mjeku Berisha atje e ka v\u00ebmendjen.<\/p>\n<p>-Doni energji elektrike m\u00eb t\u00eb lir\u00eb, uj\u00eb t\u00eb pijsh\u00ebm n\u00eb \u00e7ezma, arsim cil\u00ebsor, mosbraktisje t\u00eb vendit, mbrojtje t\u00eb pasurive t\u00eb atdheut, zhdukjen e pagesave p\u00ebr incenirator\u00ebt, m\u00ebnjanimin si praktik\u00eb t\u00eb koncesioneve, \u00e7uarjen n\u00eb gjykat\u00eb t\u00eb hajdut\u00ebve t\u00eb paras\u00eb publike, ulje t\u00eb taksave e borxhit?<\/p>\n<p>Normal q\u00eb gjith\u00eb k\u00ebtyre halleve ve\u00e7 ai u jep zgjidhje?<\/p>\n<p>-Doni o shqiptar\u00eb n\u00eb qeverisje Ram\u00ebn apo Berish\u00ebn?<\/p>\n<p>Normal q\u00eb Berish\u00ebn.<\/p>\n<p>-Pse?<\/p>\n<p>Se ai e mban fjal\u00ebn q\u00eb jep. Nuk e kthen kurr\u00eb. Dhe kryesorja ka l\u00ebn\u00eb vepra t\u00eb pun\u00ebve t\u00eb tij. Se votuesi \u00ebsht\u00eb si sh\u00ebn Thomai. Beson nj\u00eb gj\u00eb kur e prek. K\u00ebshtu dhe ne n\u00eb maj. Do votojm\u00eb p\u00ebr doktorin. Nuk ka nevoj\u00eb p\u00ebr program e fushat\u00eb. Mjafton t\u00eb kujtojm\u00eb Rrug\u00ebn e Kombit q\u00eb e b\u00ebri p\u00ebr dy-tre vite, t\u00eb kujtojm\u00eb hyrjen n\u00eb NATO, t\u00eb sjellim nd\u00ebr mend heqjen e vizave dhe n\u00eb \u00e7ast t\u00eb shohim pastaj filmin e Ram\u00ebs xhiruar k\u00ebto 12 vite. Me largime masive t\u00eb shqiptar\u00ebve, me rritje \u00e7mimesh q\u00eb as n\u00eb \u00ebnd\u00ebrr nuk i p\u00ebrfytyron kush, me zmadhimin dy her\u00eb t\u00eb borxhit publik, me shp\u00ebrndarje e parave t\u00eb shqiptar\u00ebve n\u00eb duart e tre-kat\u00ebr shok\u00ebve t\u00eb vet, me korrupsionin masiv q\u00eb e ka futur si virus n\u00eb \u00e7do zyr\u00eb\u2026<\/p>\n<p>Sivjet n\u00eb maj zgjedhjet jan\u00eb m\u00eb t\u00eb thjeshtat zhvilluar ndonj\u00ebher\u00eb. Askush nuk e kthen kok\u00ebn nga Rama. Nuk sheh nga prapa dometh\u00ebn\u00eb. Nga varf\u00ebria e hajdut\u00ebria. Shqiptar\u00ebt duan shtet, duan nj\u00eb kryeminist\u00ebr serioz q\u00eb t\u00eb shkoj\u00eb n\u00eb zyr\u00eb dhe t\u00eb mos banoj\u00eb n\u00eb avion.<\/p>\n","protected":false},"excerpt":{"rendered":"<p>Nga\u00a0Agim XHAFKA K\u00ebt\u00eb vit n\u00eb maj do t\u00eb b\u00ebhen zgjedhjet p\u00ebr Kuvendin e Shqip\u00ebris\u00eb. P\u00ebr fat ato jan\u00eb m\u00eb t\u00eb thjeshtat nga gjith\u00eb \u00e7\u2019jan\u00eb zhvilluar deri m\u00eb sot. Nuk ka nevoj\u00eb fare p\u00ebr fushat\u00eb, p\u00ebr programe dhe p\u00ebr harxhe televizive. Se njer\u00ebzit k\u00ebto kat\u00ebr muaj deri n\u00eb dat\u00ebn 11 maj thjesht\u00a0do b\u00ebjn\u00eb ca pyetje e &hellip;<\/p>\n","protected":false},"author":4,"featured_media":64522,"comment_status":"closed","ping_status":"closed","sticky":false,"template":"","format":"standard","meta":{"footnotes":""},"categories":[44],"tags":[],"class_list":["post-100409","post","type-post","status-publish","format-standard","has-post-thumbnail","","category-editorial"],"_links":{"self":[{"href":"https:\/\/rdnews.al\/index.php\/wp-json\/wp\/v2\/posts\/100409","targetHints":{"allow":["GET"]}}],"collection":[{"href":"https:\/\/rdnews.al\/index.php\/wp-json\/wp\/v2\/posts"}],"about":[{"href":"https:\/\/rdnews.al\/index.php\/wp-json\/wp\/v2\/types\/post"}],"author":[{"embeddable":true,"href":"https:\/\/rdnews.al\/index.php\/wp-json\/wp\/v2\/users\/4"}],"replies":[{"embeddable":true,"href":"https:\/\/rdnews.al\/index.php\/wp-json\/wp\/v2\/comments?post=100409"}],"version-history":[{"count":1,"href":"https:\/\/rdnews.al\/index.php\/wp-json\/wp\/v2\/posts\/100409\/revisions"}],"predecessor-version":[{"id":100410,"href":"https:\/\/rdnews.al\/index.php\/wp-json\/wp\/v2\/posts\/100409\/revisions\/100410"}],"wp:featuredmedia":[{"embeddable":true,"href":"https:\/\/rdnews.al\/index.php\/wp-json\/wp\/v2\/media\/64522"}],"wp:attachment":[{"href":"https:\/\/rdnews.al\/index.php\/wp-json\/wp\/v2\/media?parent=100409"}],"wp:term":[{"taxonomy":"category","embeddable":true,"href":"https:\/\/rdnews.al\/index.php\/wp-json\/wp\/v2\/categories?post=100409"},{"taxonomy":"post_tag","embeddable":true,"href":"https:\/\/rdnews.al\/index.php\/wp-json\/wp\/v2\/tags?post=100409"}],"curies":[{"name":"wp","href":"https:\/\/api.w.org\/{rel}","templated":true}]}}