{"id":100411,"date":"2025-01-03T17:39:06","date_gmt":"2025-01-03T17:39:06","guid":{"rendered":"https:\/\/rdnews.al\/?p=100411"},"modified":"2025-01-03T17:39:06","modified_gmt":"2025-01-03T17:39:06","slug":"a-e-paralajmeroi-vendimin-e-sotem-gjykata-kushtetuese-kur-shtyu-seancen-e-27-dhjetorit","status":"publish","type":"post","link":"https:\/\/rdnews.al\/index.php\/2025\/01\/03\/a-e-paralajmeroi-vendimin-e-sotem-gjykata-kushtetuese-kur-shtyu-seancen-e-27-dhjetorit\/","title":{"rendered":"A e paralajm\u00ebroi vendimin e sot\u00ebm Gjykata Kushtetuese kur shtyu seanc\u00ebn e 27 dhjetorit?"},"content":{"rendered":"<p><strong>Nga Adriana KALAJA<\/strong><\/p>\n<p>Nuk e kisha nd\u00ebrmend n\u00eb k\u00ebto dit\u00eb t\u00eb para t\u00eb k\u00ebtij viti t\u00eb b\u00ebja statuse denoncuese, por si thot\u00eb ajo fjala:<\/p>\n<p>&#8211; K\u00ebto nuk t\u00eb l\u00ebne edhe kur ti nuk do &#8230;<\/p>\n<p>Po pse them un\u00eb se vendimin e sot\u00ebm, e parajmaroi Gjykata Kushtetuese, kur shtyu pa JUSTIFIKIM, seanc\u00ebn e dat\u00ebs 27 dhjetor, bazuar n\u00eb k\u00ebrkes\u00ebn e Z. Berisha?<\/p>\n<p>U ndjeva e keqardhur me vendimin e sot\u00ebm t\u00eb gjyqtarit Skifter (P\u00ebllumb), t\u00eb GJKKO &#8211; Apel, kur pash\u00eb sesi gjyqtari kishte dal\u00eb jasht\u00eb objektit t\u00eb vet\u00eb k\u00ebrkes\u00ebs s\u00eb SPAK.<\/p>\n<p>Nuk e di, por mu kujtua se i nj\u00ebjti gjyqtar skifter, kanabizimin me skem\u00eb t\u00eb vendit, e pa te Saimir Tahiri, duke e amnistuar nga vepra t\u00eb renda, vet\u00ebm si Shp\u00ebrdorim Detyre.<\/p>\n<p>Nd\u00ebrkoh\u00eb, q\u00eb k\u00ebt\u00eb vendim, argumentoj se e mori Gjykata Kushtetuese kur shtyu pa JUSTIFIKIM, seanc\u00ebn e dat\u00eb 27 dhjetor, shtyrje e cila ndikoi n\u00eb vendimin e sot\u00ebm p\u00ebr k\u00ebto arsye:<\/p>\n<p>S\u00eb pari, Gjykata Kushtetuse, n\u00ebse do zbatonte ligjin organik dhe Kushtetut\u00ebn, do duhej t\u00eb kishte bashkuar t\u00eb dy k\u00ebrkesat e Z . Berisha.<\/p>\n<p>S\u00eb dyti, duke e shkelur r\u00ebnd\u00eb Kushtetut\u00ebn lidhur me autorizimin q\u00eb duhet k\u00ebrkuar n\u00eb Kuvend, p\u00ebrve\u00e7 se krijoi nj\u00eb precedent t\u00eb rreziksh\u00ebm, i hapi rrug\u00eb Duman\u00ebve, Irenave me 3 mbiemra dhe Skifter\u00ebve n\u00eb GJKKO, ta p\u00ebrdorin si precedent sa her\u00eb i jepet urdh\u00ebr politik.<\/p>\n<p>S\u00eb treti vendimin lidhur me &#8220;arrestin sht\u00ebpiak&#8221;, kushtetuesja e mori q\u00eb kur tha se ndalimi i daljes jasht\u00eb shtetit ishte jo proporcional.<\/p>\n<p>Po pse duhej ky vendim, sot ku n\u00eb aspektin juridik nuk sjell asnj\u00eb pasoj\u00eb?<\/p>\n<p>Sepse nj\u00eb pjes\u00eb e militant\u00ebve, ngopin epshet e tyra t\u00eb s\u00ebmura, me ushqimin q\u00eb i&#8217;u jep i madh\u00ebrishmi i tyre, i biri i Kristaqit dhe v\u00ebllai i Olsit t\u00eb Xibrak\u00ebs.<\/p>\n<p>Mjafton t\u00eb krahasoni 4 akuzat e r\u00ebnda t\u00eb ngritura kund\u00ebr bastardit Veliaj dhe kur SPAK nuk k\u00ebrkon asnj\u00eb mas\u00eb sigurimi, p\u00ebr Z. Berisha, edhe pse procesi ka filluar dhe nuk ka asnj\u00eb rrezik, duhet patjet\u00ebr t\u00eb ket\u00eb nj\u00eb mas\u00eb sigurimi.<\/p>\n<p>A p\u00ebrb\u00ebn nj\u00eb proces t\u00eb parregullt ligjor ligjor fakti se gjat\u00eb procesit n\u00eb gjykat\u00eb, Z. Berisha duhet t\u00eb paraqitet dy her\u00eb n\u00eb muaj te OPGJ?<\/p>\n<p>Madje edhe jasht\u00eb afateve midis dy seancave.<\/p>\n<p>Kush \u00ebsht\u00eb q\u00ebllimi i paraqitjes para GJKKO?<\/p>\n<p>P\u00ebr \u00e7far\u00eb sh\u00ebrben kjo paraqitje para GJKKO?<\/p>\n<p>Ka shum\u00eb pyetje t\u00eb tilla por t\u00eb vijojm\u00eb me thelbin e statusit.<\/p>\n<p>N\u00eb k\u00ebt\u00eb kuptim, vendimi i sot\u00ebm \u00ebsht\u00eb mar\u00eb dit\u00ebn q\u00eb u shty nga kushtetuesja, procesi i dat\u00ebs 27 dhjetor me k\u00ebrkues Z. Berisha.<\/p>\n<p>Pse e them k\u00ebt\u00eb?<\/p>\n<ol>\n<li>Se n\u00ebse do jepej vendimi nga kushtetuesja lidhur me mas\u00ebn e &#8220;arrestit n\u00eb sht\u00ebpi&#8221;, nuk mund t\u00eb zhvillohej gjyqi i sot\u00ebm.<\/li>\n<li>Me k\u00ebt\u00eb vendim, fillon s\u00ebrish nj\u00eb proces q\u00eb duhet t\u00eb ndjek\u00eb t\u00eb gjith\u00eb shkall\u00ebt e gjykimit, me q\u00ebllim d\u00ebmtimin e fushat\u00ebs zgjedhore t\u00eb Z. Berisha.<\/li>\n<li>Procesi ndaj Z. Berisha, do zhvillohej pa mas\u00eb, q\u00eb e nervozon n\u00eb fakt mafien n\u00eb pushtet.<\/li>\n<\/ol>\n<p>Ndaj, dit\u00ebn q\u00eb u dha urdh\u00ebri politik p\u00ebr shtyrjen e seanc\u00ebs, ishte rakorduar q\u00eb vendimi i Skifter\u00ebve t\u00eb GJKKO ti pararendte asaj kushtetues, s\u00ebrvirur n\u00eb pjatat q\u00eb konsumon n\u00eb lokalin n\u00eb Bllok, Dumani Altin me sekserin e pushtetit mafioz, Arben Rakipi.<\/p>\n<p>P\u00ebr k\u00ebt\u00eb arsye, pyetja q\u00eb shtroj un\u00eb dhe q\u00eb sqaron edhe at\u00eb q\u00eb them se vendimi e sot\u00ebm e mori kushtetuesja \u00ebsht\u00eb se:<\/p>\n<p>&#8211; Cila ishte ARSYEJA e shtyrjes s\u00eb gjykimit m\u00eb dat\u00eb 27 dhjetor?<\/p>\n<p>N\u00eb fakt nuk asnj\u00eb justifikim apo arsye ligjore dhe se kjo \u00ebsht\u00eb b\u00ebr\u00eb me urdh\u00ebr politik, por k\u00ebt\u00eb pyetje e kam shtruar edhe n\u00eb kall\u00ebzimin penal q\u00eb po p\u00ebrgatis ndaj disa an\u00ebtar\u00ebve t\u00eb Gjykat\u00ebs Kushtetuese.<\/p>\n<p>Ndaj un\u00eb i SFIDOJ ata q\u00eb paguajm\u00eb shum\u00eb shtrenjt\u00eb t\u00eb mbrojn\u00eb Kushtetut\u00ebn :<\/p>\n<ol>\n<li>Ose publikoni ARSYEN e shtyrjes s\u00eb sesnc\u00ebs,<\/li>\n<li>Ose m\u00eb padisni mua q\u00eb them ae nuk ka arsye por urdh\u00ebr politik.<\/li>\n<\/ol>\n<p>Me k\u00ebt\u00eb rast, e kan\u00eb detyrim t\u00eb sqarojn\u00eb edhe skandalin seksual n\u00eb k\u00ebt\u00eb gjykat\u00eb.<\/p>\n<p>E din\u00eb mir\u00eb ata, se un\u00eb i \u00e7oj gj\u00ebrat deri n\u00eb fund.<\/p>\n<p>Do shihemi.<\/p>\n<p>S\u00eb shpejti&#8230;..<\/p>\n<p><a href=\"https:\/\/www.facebook.com\/hashtag\/osotokurre?__eep__=6&amp;__cft__%5b0%5d=AZXaTn_qb1ThjvE4x3yn0p5e7cb1_tv4Bgrt3CyBlAOfTVAsBwuCF4VEJbuHE-OpW-ZYdL7wDEP1ZGCkLVBJRtW4rcIpU29aoMZyMRNgQAPeLOnxDE0RLi45wNxMDfEs1ms&amp;__tn__=*NK-R\" target=\"_blank\" rel=\"noopener\"><strong>#osotokurre<\/strong><\/a><\/p>\n<p><a href=\"https:\/\/www.facebook.com\/hashtag\/eshtevitiyne?__eep__=6&amp;__cft__%5b0%5d=AZXaTn_qb1ThjvE4x3yn0p5e7cb1_tv4Bgrt3CyBlAOfTVAsBwuCF4VEJbuHE-OpW-ZYdL7wDEP1ZGCkLVBJRtW4rcIpU29aoMZyMRNgQAPeLOnxDE0RLi45wNxMDfEs1ms&amp;__tn__=*NK-R\" target=\"_blank\" rel=\"noopener\"><strong>#eshtevitiyne<\/strong><\/a><\/p>\n<p><a href=\"https:\/\/www.facebook.com\/hashtag\/eshterradhajone?__eep__=6&amp;__cft__%5b0%5d=AZXaTn_qb1ThjvE4x3yn0p5e7cb1_tv4Bgrt3CyBlAOfTVAsBwuCF4VEJbuHE-OpW-ZYdL7wDEP1ZGCkLVBJRtW4rcIpU29aoMZyMRNgQAPeLOnxDE0RLi45wNxMDfEs1ms&amp;__tn__=*NK-R\" target=\"_blank\" rel=\"noopener\"><strong>#eshterradhajone<\/strong><\/a><\/p>\n","protected":false},"excerpt":{"rendered":"<p>Nga Adriana KALAJA Nuk e kisha nd\u00ebrmend n\u00eb k\u00ebto dit\u00eb t\u00eb para t\u00eb k\u00ebtij viti t\u00eb b\u00ebja statuse denoncuese, por si thot\u00eb ajo fjala: &#8211; K\u00ebto nuk t\u00eb l\u00ebne edhe kur ti nuk do &#8230; Po pse them un\u00eb se vendimin e sot\u00ebm, e parajmaroi Gjykata Kushtetuese, kur shtyu pa JUSTIFIKIM, seanc\u00ebn e dat\u00ebs 27 &hellip;<\/p>\n","protected":false},"author":4,"featured_media":65996,"comment_status":"closed","ping_status":"closed","sticky":false,"template":"","format":"standard","meta":{"footnotes":""},"categories":[44],"tags":[],"class_list":["post-100411","post","type-post","status-publish","format-standard","has-post-thumbnail","","category-editorial"],"_links":{"self":[{"href":"https:\/\/rdnews.al\/index.php\/wp-json\/wp\/v2\/posts\/100411","targetHints":{"allow":["GET"]}}],"collection":[{"href":"https:\/\/rdnews.al\/index.php\/wp-json\/wp\/v2\/posts"}],"about":[{"href":"https:\/\/rdnews.al\/index.php\/wp-json\/wp\/v2\/types\/post"}],"author":[{"embeddable":true,"href":"https:\/\/rdnews.al\/index.php\/wp-json\/wp\/v2\/users\/4"}],"replies":[{"embeddable":true,"href":"https:\/\/rdnews.al\/index.php\/wp-json\/wp\/v2\/comments?post=100411"}],"version-history":[{"count":1,"href":"https:\/\/rdnews.al\/index.php\/wp-json\/wp\/v2\/posts\/100411\/revisions"}],"predecessor-version":[{"id":100412,"href":"https:\/\/rdnews.al\/index.php\/wp-json\/wp\/v2\/posts\/100411\/revisions\/100412"}],"wp:featuredmedia":[{"embeddable":true,"href":"https:\/\/rdnews.al\/index.php\/wp-json\/wp\/v2\/media\/65996"}],"wp:attachment":[{"href":"https:\/\/rdnews.al\/index.php\/wp-json\/wp\/v2\/media?parent=100411"}],"wp:term":[{"taxonomy":"category","embeddable":true,"href":"https:\/\/rdnews.al\/index.php\/wp-json\/wp\/v2\/categories?post=100411"},{"taxonomy":"post_tag","embeddable":true,"href":"https:\/\/rdnews.al\/index.php\/wp-json\/wp\/v2\/tags?post=100411"}],"curies":[{"name":"wp","href":"https:\/\/api.w.org\/{rel}","templated":true}]}}