{"id":100576,"date":"2025-01-06T10:20:23","date_gmt":"2025-01-06T10:20:23","guid":{"rendered":"https:\/\/rdnews.al\/?p=100576"},"modified":"2025-01-06T10:49:25","modified_gmt":"2025-01-06T10:49:25","slug":"berisha-taulant-balla-urdheron-arrestimin-e-capjave-ne-kembim-te-votave-spak-zbaton-urdhrin-e-tij","status":"publish","type":"post","link":"https:\/\/rdnews.al\/index.php\/2025\/01\/06\/berisha-taulant-balla-urdheron-arrestimin-e-capjave-ne-kembim-te-votave-spak-zbaton-urdhrin-e-tij\/","title":{"rendered":"Taulant Balla urdh\u00ebron arrestime n\u00eb k\u00ebmbim t\u00eb votave, SPAK zbaton urdh\u00ebrin e tij"},"content":{"rendered":"<p>Kryetari i PD, Sali Berisha, gjat\u00eb deklarat\u00ebs p\u00ebr gazetar\u00ebt jasht\u00eb ambienteve t\u00eb SPAK, ka publikuar p\u00ebrgjime skandaloze ku p\u00ebrfshihet n\u00eb m\u00ebnyr\u00eb t\u00eb drejt\u00ebp\u00ebrdrejt\u00eb Taulant Balla.<\/p>\n<p>Berisha tha se, Tao urdh\u00ebron arrestimin e \u00c7apjave n\u00eb k\u00ebmbim t\u00eb votave, SPAK zbaton urdhrin e tij.<\/p>\n<p>\u201cTani me dat\u00ebn 10.2.2020, target \u00ebsht\u00eb nj\u00ebri nga bandit\u00ebt e band\u00ebs s\u00eb Elbasanit, informon me PIN, me telefonin e tij AM5P80, se kishin r\u00ebn\u00eb dakord mes tyre q\u00eb t\u00eb mos i k\u00ebrkonin Taos tender publik apo favore t\u00eb tjera p\u00ebrve\u00e7 atyre q\u00eb kishin r\u00ebn\u00eb dakord q\u00eb t\u2019i k\u00ebrkonin Taos.<\/p>\n<p>Ky mesazh iu p\u00ebrcoll Taos dhe i dhan\u00eb afat deri n\u00eb dhjetor.<\/p>\n<p>Taos i kishin k\u00ebrkuar arrestimin e kund\u00ebrshtar\u00ebve t\u00eb tyre.<\/p>\n<p>Tao iu p\u00ebrgjigj k\u00ebsaj: A garantoni q\u00eb t\u00eb gjith\u00eb ata njer\u00ebz do votojn\u00eb p\u00ebr ne n\u00ebse vendosim n\u00eb list\u00eb ata q\u00eb doni n\u00eb burg?<\/p>\n<p>Pra, do na i siguroni ju votat n\u00ebse ne me list\u00eb i burgosim ata q\u00eb k\u00ebrkoni ju?<\/p>\n<p><strong>P\u00ebrgjigjia ishte:\u00a0<\/strong>Po, ne e garantojm\u00eb k\u00ebt\u00eb.<\/p>\n<p><strong>M\u00eb pas Tao tha<\/strong>:\u00a0Ata do shkojn\u00eb n\u00eb burg k\u00ebt\u00eb vit.<\/p>\n<p>Tani, komenti tjet\u00ebr.<\/p>\n<p>Tao \u00ebsht\u00eb fiks Taulant Balla, \u00ebsht\u00eb nj\u00eb kriminel q\u00eb \u00ebsht\u00eb vet\u00ebm nj\u00ebri nga t\u00eb shumtat t\u00eb dh\u00ebna q\u00eb ka n\u00eb dosjen e vet.<\/p>\n<p>P\u00ebrgjigja \u00ebsht\u00eb se ne garantojm\u00eb votat n\u00eb qoft\u00eb se ti arreston list\u00ebn q\u00eb t\u00eb kemi dh\u00ebn\u00eb p\u00ebr t\u00eb arrestuar.<\/p>\n<p>Sipas k\u00ebtij premtimi u arrestuan \u00c7apjat me k\u00ebrkes\u00eb t\u00eb \u00c7el\u00ebve.<\/p>\n<p>Kjo \u00ebsht\u00eb e v\u00ebrteta.<\/p>\n<p>Ata shkuan n\u00eb burg n\u00eb mars t\u00eb vitit 2021, para zgjedhjeve, n\u00eb m\u00ebnyr\u00eb q\u00eb Tao t\u00eb dilte kampion i votave n\u00eb Elbasan.<\/p>\n<p>\u00c7far\u00eb del nga kjo? Q\u00eb Tao p\u00ebrcakton tendera, q\u00eb Tao p\u00ebrcakton vendimet e gjykatave, q\u00eb Tao merr p\u00ebrsip\u00ebr me list\u00eb arrestimet,<\/p>\n<p>dhe n\u00eb kund\u00ebrp\u00ebrgjigje, Tao merr garanci p\u00ebr votat.<\/p>\n<p>Ky \u00ebsht\u00eb vet\u00ebm nj\u00eb aspekt i dokumenteve t\u00eb pafundme q\u00eb kam un\u00eb p\u00ebr organizat\u00ebn kriminale q\u00eb un\u00eb e quaj Skrapi i partis\u00eb.<\/p>\n<p>Tao sh\u00ebtit nga nj\u00eb vend n\u00eb nj\u00eb vend tjet\u00ebr dhe k\u00ebto jan\u00eb vet\u00ebm nj\u00ebri aspekt sepse jan\u00eb t\u00eb tjera, konkrete p\u00ebr t\u00eb, po kaq t\u00eb r\u00ebnda dhe m\u00eb t\u00eb r\u00ebnda.<\/p>\n<p>Avash-avash do keni me radh\u00eb, un\u00eb jam zotuar se do u faktoj pse e cil\u00ebsoj Altin Dumanin kreun e nj\u00eb organizate kriminale.<\/p>\n<p>Sepse Altin Dumani i ka k\u00ebto prej koh\u00ebsh, por vepron nj\u00eblloj si Lubi Balluku dhe Edi Rama, Rama jepte p\u00ebr nj\u00eb hyrje nj\u00eb leje nd\u00ebrtimi, Lubia q\u00eb \u00ebsht\u00eb e pashembullt n\u00eb Ballkan dhe Europ\u00eb, ndau 13 kilometra rrug\u00eb n\u00eb 14 kontrata.<\/p>\n<p>K\u00ebto nuk jan\u00eb nga Skrapi, jan\u00eb nj\u00eb burim tjet\u00ebr. K\u00ebto jan\u00eb nga nj\u00eb qend\u00ebr e huaj\u201d, tha Berisha.<\/p>\n","protected":false},"excerpt":{"rendered":"<p>Kryetari i PD, Sali Berisha, gjat\u00eb deklarat\u00ebs p\u00ebr gazetar\u00ebt jasht\u00eb ambienteve t\u00eb SPAK, ka publikuar p\u00ebrgjime skandaloze ku p\u00ebrfshihet n\u00eb m\u00ebnyr\u00eb t\u00eb drejt\u00ebp\u00ebrdrejt\u00eb Taulant Balla. Berisha tha se, Tao urdh\u00ebron arrestimin e \u00c7apjave n\u00eb k\u00ebmbim t\u00eb votave, SPAK zbaton urdhrin e tij. \u201cTani me dat\u00ebn 10.2.2020, target \u00ebsht\u00eb nj\u00ebri nga bandit\u00ebt e band\u00ebs s\u00eb Elbasanit, &hellip;<\/p>\n","protected":false},"author":4,"featured_media":100577,"comment_status":"closed","ping_status":"closed","sticky":false,"template":"","format":"standard","meta":{"footnotes":""},"categories":[37],"tags":[],"class_list":["post-100576","post","type-post","status-publish","format-standard","has-post-thumbnail","","category-politike"],"_links":{"self":[{"href":"https:\/\/rdnews.al\/index.php\/wp-json\/wp\/v2\/posts\/100576","targetHints":{"allow":["GET"]}}],"collection":[{"href":"https:\/\/rdnews.al\/index.php\/wp-json\/wp\/v2\/posts"}],"about":[{"href":"https:\/\/rdnews.al\/index.php\/wp-json\/wp\/v2\/types\/post"}],"author":[{"embeddable":true,"href":"https:\/\/rdnews.al\/index.php\/wp-json\/wp\/v2\/users\/4"}],"replies":[{"embeddable":true,"href":"https:\/\/rdnews.al\/index.php\/wp-json\/wp\/v2\/comments?post=100576"}],"version-history":[{"count":4,"href":"https:\/\/rdnews.al\/index.php\/wp-json\/wp\/v2\/posts\/100576\/revisions"}],"predecessor-version":[{"id":100595,"href":"https:\/\/rdnews.al\/index.php\/wp-json\/wp\/v2\/posts\/100576\/revisions\/100595"}],"wp:featuredmedia":[{"embeddable":true,"href":"https:\/\/rdnews.al\/index.php\/wp-json\/wp\/v2\/media\/100577"}],"wp:attachment":[{"href":"https:\/\/rdnews.al\/index.php\/wp-json\/wp\/v2\/media?parent=100576"}],"wp:term":[{"taxonomy":"category","embeddable":true,"href":"https:\/\/rdnews.al\/index.php\/wp-json\/wp\/v2\/categories?post=100576"},{"taxonomy":"post_tag","embeddable":true,"href":"https:\/\/rdnews.al\/index.php\/wp-json\/wp\/v2\/tags?post=100576"}],"curies":[{"name":"wp","href":"https:\/\/api.w.org\/{rel}","templated":true}]}}