{"id":100647,"date":"2025-01-06T19:57:06","date_gmt":"2025-01-06T19:57:06","guid":{"rendered":"https:\/\/rdnews.al\/?p=100647"},"modified":"2025-01-06T19:57:06","modified_gmt":"2025-01-06T19:57:06","slug":"berisha-censura-mori-nje-goditje-fatale-me-5-nentor-ne-shqiperi-fjala-e-lire-ndiqet-me-burg","status":"publish","type":"post","link":"https:\/\/rdnews.al\/index.php\/2025\/01\/06\/berisha-censura-mori-nje-goditje-fatale-me-5-nentor-ne-shqiperi-fjala-e-lire-ndiqet-me-burg\/","title":{"rendered":"Berisha: Censura mori nj\u00eb goditje fatale me 5 n\u00ebntor! N\u00eb Shqip\u00ebri, fjala e lir\u00eb ndiqet me burg"},"content":{"rendered":"<p>Kryetari i PD, Sali Berisha, n\u00eb fjal\u00ebn e tij gjat\u00eb ceremonis\u00eb s\u00eb 34 vjetorit t\u00eb Rilindjes Demokratike, u ndal te censura.<\/p>\n<p>Berisha tha se, censura mori nj\u00eb goditje fatale me 5 n\u00ebntor. N\u00eb Shqip\u00ebri \u00ebsht\u00eb hipokrizi t\u00eb flas\u00ebsh p\u00ebr fjal\u00ebn e lir\u00eb, pasi ajo ndiqet me burg.<\/p>\n<p>\u201cFjala e lir\u00eb, t\u00eb gjith\u00eb e p\u00ebrdorin k\u00ebt\u00eb term, por e v\u00ebrt\u00ebta \u00ebsht\u00eb q\u00eb jo t\u00eb gjith\u00eb e p\u00ebrdorin me t\u00eb gjith\u00eb thell\u00ebsin\u00eb e k\u00ebtij termi, me t\u00eb gjith\u00eb r\u00ebnd\u00ebsin\u00eb e tij.<\/p>\n<p>Ne sot pas 34 vitesh, kremtojm\u00eb at\u00eb dit\u00eb n\u00eb nj\u00eb koh\u00eb kur fjala e lir\u00eb \u00ebsht\u00eb skajuar n\u00eb shoq\u00ebrin\u00eb shqiptare, \u00ebsht\u00eb skajuar n\u00eb fakt jo vet\u00ebm n\u00eb Shqip\u00ebri.<\/p>\n<p>Un\u00eb do t\u00eb doja t\u00eb thosha q\u00eb \u00ebsht\u00eb vet\u00ebm Shqip\u00ebria, por kjo nuk \u00ebsht\u00eb e v\u00ebrtet\u00eb.<\/p>\n<p>E v\u00ebrteta tmerr\u00ebsisht e hidhur \u00ebsht\u00eb se p\u00ebr censur\u00ebn, n\u00eb m\u00ebnyr\u00ebn m\u00eb marr\u00ebzore, filloi t\u00eb flitet dhe n\u00eb vendet e liris\u00eb. P\u00ebr censur\u00ebn u krijuan zyra n\u00eb zem\u00ebr t\u00eb atyre institucioneve q\u00eb duhet t\u00eb kishin mision t\u00eb par\u00eb t\u00eb kund\u00ebrt\u00ebn.<\/p>\n<p>P\u00ebr censur\u00ebn u krijuan edhe komisione parlamentare, nd\u00ebr t\u00eb tjera edhe n\u00eb Shqip\u00ebri, n\u00ebn etiket\u00ebn e dizinformimit.<\/p>\n<p>Por prap k\u00ebto p\u00ebrpjekje shum\u00eb t\u00eb rrezikshme mor\u00ebn nj\u00eb goditje t\u00eb merituar, p\u00ebr fatin e mir\u00eb t\u00eb njeriut t\u00eb lir\u00eb, mor\u00ebn nj\u00eb goditje fatale me 5 n\u00ebntor t\u00eb vitit 2024.<\/p>\n<p>Censura penetroi si kancer n\u00eb trupin gjigand t\u00eb mumuth\u00ebve t\u00eb komunikimit, do t\u00eb mbetet m\u00eb i madh se t\u00eb gjith\u00eb t\u00eb tjer\u00ebt, Elon Musk, jo p\u00ebr hap\u00ebsirat q\u00eb ka pushtuar, por p\u00ebr blerjen e T\u00ebitterit dhe heqjen e censur\u00ebs n\u00eb k\u00ebt\u00eb mediat.<\/p>\n<p>Koh\u00ebrat ishin t\u00eb rrezikshme, verb\u00ebrisht pa u kuptuar.<\/p>\n<p>Kurse n\u00eb Shqip\u00ebri \u00ebsht\u00eb hipokrizi t\u00eb flas\u00ebsh p\u00ebr fjal\u00ebn e lir\u00eb. N\u00eb Shqip\u00ebri fjala e lir\u00eb ndiqet me burg.<\/p>\n<p>Nj\u00eb deputet i ri, nj\u00eb deputet q\u00eb mbase nuk kishte marr\u00eb rrog\u00eb n\u00eb administrat\u00eb shtet\u00ebrore, pse publikoi regjistrimin e nj\u00eb gazetari guximtar, sot ndodhet n\u00eb qelit\u00eb e Fierit, nga Edi Rama dhe Fatmir Xhafaj.<\/p>\n<p>Sot mediat kan\u00eb nj\u00eb kontroll t\u00eb shum\u00ebfisht\u00eb.<\/p>\n<p>Sot qeveritar\u00ebt nuk paraqiten m\u00eb n\u00eb debatet televizive se k\u00ebta, vjedhjet e tyre nuk kan\u00eb mund\u00ebsi ti mbrojn\u00eb.<\/p>\n<p>Edhe ky \u00ebsht\u00eb nj\u00eb atak ndaj fjal\u00ebs s\u00eb lir\u00eb. Debati \u00ebsht\u00eb nj\u00eb detyrim i njer\u00ebzve t\u00eb lir\u00eb.<\/p>\n<p>Sot gjykat\u00ebs, prokurori mercenar k\u00ebrkon ti hiqet kryetarit t\u00eb partis\u00eb m\u00eb t\u00eb madhe politike opozitare t\u00eb vendit, e drejta e komunikimit, p\u00ebrve\u00e7 se me familjar\u00ebt e tij.<\/p>\n<p>Abuzim total me kushtetut\u00ebn dhe ligjet. Ky mercenar p\u00ebrcjell vullnetin e nj\u00eb njeriu\u201d, tha Berisha.<\/p>\n","protected":false},"excerpt":{"rendered":"<p>Kryetari i PD, Sali Berisha, n\u00eb fjal\u00ebn e tij gjat\u00eb ceremonis\u00eb s\u00eb 34 vjetorit t\u00eb Rilindjes Demokratike, u ndal te censura. Berisha tha se, censura mori nj\u00eb goditje fatale me 5 n\u00ebntor. N\u00eb Shqip\u00ebri \u00ebsht\u00eb hipokrizi t\u00eb flas\u00ebsh p\u00ebr fjal\u00ebn e lir\u00eb, pasi ajo ndiqet me burg. \u201cFjala e lir\u00eb, t\u00eb gjith\u00eb e p\u00ebrdorin k\u00ebt\u00eb &hellip;<\/p>\n","protected":false},"author":4,"featured_media":100649,"comment_status":"closed","ping_status":"closed","sticky":false,"template":"","format":"standard","meta":{"footnotes":""},"categories":[37],"tags":[],"class_list":["post-100647","post","type-post","status-publish","format-standard","has-post-thumbnail","","category-politike"],"_links":{"self":[{"href":"https:\/\/rdnews.al\/index.php\/wp-json\/wp\/v2\/posts\/100647","targetHints":{"allow":["GET"]}}],"collection":[{"href":"https:\/\/rdnews.al\/index.php\/wp-json\/wp\/v2\/posts"}],"about":[{"href":"https:\/\/rdnews.al\/index.php\/wp-json\/wp\/v2\/types\/post"}],"author":[{"embeddable":true,"href":"https:\/\/rdnews.al\/index.php\/wp-json\/wp\/v2\/users\/4"}],"replies":[{"embeddable":true,"href":"https:\/\/rdnews.al\/index.php\/wp-json\/wp\/v2\/comments?post=100647"}],"version-history":[{"count":1,"href":"https:\/\/rdnews.al\/index.php\/wp-json\/wp\/v2\/posts\/100647\/revisions"}],"predecessor-version":[{"id":100650,"href":"https:\/\/rdnews.al\/index.php\/wp-json\/wp\/v2\/posts\/100647\/revisions\/100650"}],"wp:featuredmedia":[{"embeddable":true,"href":"https:\/\/rdnews.al\/index.php\/wp-json\/wp\/v2\/media\/100649"}],"wp:attachment":[{"href":"https:\/\/rdnews.al\/index.php\/wp-json\/wp\/v2\/media?parent=100647"}],"wp:term":[{"taxonomy":"category","embeddable":true,"href":"https:\/\/rdnews.al\/index.php\/wp-json\/wp\/v2\/categories?post=100647"},{"taxonomy":"post_tag","embeddable":true,"href":"https:\/\/rdnews.al\/index.php\/wp-json\/wp\/v2\/tags?post=100647"}],"curies":[{"name":"wp","href":"https:\/\/api.w.org\/{rel}","templated":true}]}}