{"id":100661,"date":"2025-01-06T21:18:02","date_gmt":"2025-01-06T21:18:02","guid":{"rendered":"https:\/\/rdnews.al\/?p=100661"},"modified":"2025-01-06T21:19:53","modified_gmt":"2025-01-06T21:19:53","slug":"jep-doreheqjen-kryeministri-i-majte-i-kanadase-justin-trudeau","status":"publish","type":"post","link":"https:\/\/rdnews.al\/index.php\/2025\/01\/06\/jep-doreheqjen-kryeministri-i-majte-i-kanadase-justin-trudeau\/","title":{"rendered":"Jep dor\u00ebheqjen Kryeministri i majt\u00eb i Kanadas\u00eb, Justin Trudeau"},"content":{"rendered":"<p>Justin Trudeau njoftoi sot dor\u00ebheqjen, por do t\u00eb q\u00ebndroj\u00eb si lider liberal dhe kryeminist\u00ebr derisa partia t\u00eb zgjedh\u00eb nj\u00eb lider t\u00eb ri. Pasi ai b\u00ebri t\u00eb ditur vendimin, tashm\u00eb \u00ebsht\u00eb shfaqur nj\u00eb list\u00eb e pasardh\u00ebsve t\u00eb mundsh\u00ebm si udh\u00ebheq\u00ebs i Partis\u00eb Liberale dhe kryeminist\u00ebr i Kanadas\u00eb.<\/p>\n<p>Ish-z\u00ebvend\u00ebskryeministrja Chrystia Freeland \u00ebsht\u00eb konsideruar prej koh\u00ebsh si nj\u00eb pasardh\u00ebse e mundshme e Trudeau. Ajo \u00ebsht\u00eb nj\u00eb deputete e Torontos me origjin\u00eb nga Alberta dhe q\u00eb ka punuar si gazetare p\u00ebrpara se t\u00eb hynte n\u00eb politik\u00eb. Freeland sh\u00ebrbeu si ministrja e par\u00eb fem\u00ebr e financave n\u00eb Kanada p\u00ebrpara se t\u00eb jepte dor\u00ebheqjen papritur n\u00eb dhjetor p\u00ebr shkak t\u00eb nj\u00eb mosmarr\u00ebveshje midis saj dhe Trudeau p\u00ebr shpenzimet dhe m\u00ebnyr\u00ebn e trajtimit t\u00eb k\u00ebrc\u00ebnimeve lidhur me tarifat hyr\u00ebse nga presidenti i zgjedhur i SHBA-s\u00eb, Donald Trump.<\/p>\n<p><strong>Mark Carney<\/strong><\/p>\n<p>Ish-bankieri Mark Carney ka qen\u00eb m\u00eb par\u00eb kreu i Bank\u00ebs s\u00eb Kanadas\u00eb dhe Bank\u00ebs s\u00eb Anglis\u00eb. Ai \u00ebsht\u00eb nj\u00eb liberal q\u00eb mban karta, i cili ka sh\u00ebrbyer n\u00eb muajt e fundit si k\u00ebshilltar i posa\u00e7\u00ebm i Trudeau dhe thuhet se ka konkurruar p\u00ebr postin e udh\u00ebheqjes s\u00eb partis\u00eb prej disa koh\u00ebsh.<\/p>\n<p><strong>M\u00e9lanie Joly<\/strong><\/p>\n<p>M\u00e9lanie Joly, ministrja e pun\u00ebve t\u00eb jashtme t\u00eb Kanadas\u00eb, \u00ebsht\u00eb nj\u00eb politikane e Quebec-it, e cila, ashtu si Trudeau, p\u00ebrfaq\u00ebson nj\u00eb pjes\u00eb t\u00eb zon\u00ebs s\u00eb Montrealit. Nj\u00eb avokate e arsimuar n\u00eb Oksford, Joly \u00ebsht\u00eb nj\u00eb em\u00ebr i njohur p\u00ebr shum\u00eb njer\u00ebz q\u00eb ka p\u00ebrfaq\u00ebsuar Kanadan\u00eb n\u00eb sken\u00ebn bot\u00ebrore q\u00eb nga viti 2021.<\/p>\n<p><strong>Dominic Leblanc<\/strong><\/p>\n<p>Dominic Leblanc, minist\u00ebr i Financave dhe i \u00c7\u00ebshtjeve Nd\u00ebrqeveritare \u00ebsht\u00eb nj\u00eb mik prej koh\u00ebsh i Trudeau dhe nj\u00eb nga aleat\u00ebt e tij m\u00eb t\u00eb ngusht\u00eb, t\u00eb cilit i \u00ebsht\u00eb besuar t\u00eb hyj\u00eb n\u00eb portofol\u00eb n\u00eb v\u00ebshtir\u00ebsi apo rr\u00ebmuj\u00eb politike. Ai ka qen\u00eb parlamentar p\u00ebr m\u00eb shum\u00eb se dy dekada dhe m\u00eb par\u00eb kishte treguar ambicie p\u00ebr t\u00eb udh\u00ebhequr Partin\u00eb Liberale, duke drejtuar nj\u00eb fushat\u00eb n\u00eb vitin 2008, por duke humbur ndaj Michael Ignatieff.<\/p>\n<p><strong>Christy Clark<\/strong><\/p>\n<p>Christy Clark, ish-kryeministrja e British Columbia, ishte larguar nga skena politike federale, por ka shprehur muajt e fundit interesin e saj p\u00ebr t\u00eb hedhur kandidatur\u00ebn si udh\u00ebheq\u00ebse liberale.<\/p>\n","protected":false},"excerpt":{"rendered":"<p>Justin Trudeau njoftoi sot dor\u00ebheqjen, por do t\u00eb q\u00ebndroj\u00eb si lider liberal dhe kryeminist\u00ebr derisa partia t\u00eb zgjedh\u00eb nj\u00eb lider t\u00eb ri. Pasi ai b\u00ebri t\u00eb ditur vendimin, tashm\u00eb \u00ebsht\u00eb shfaqur nj\u00eb list\u00eb e pasardh\u00ebsve t\u00eb mundsh\u00ebm si udh\u00ebheq\u00ebs i Partis\u00eb Liberale dhe kryeminist\u00ebr i Kanadas\u00eb. Ish-z\u00ebvend\u00ebskryeministrja Chrystia Freeland \u00ebsht\u00eb konsideruar prej koh\u00ebsh si nj\u00eb &hellip;<\/p>\n","protected":false},"author":3,"featured_media":100665,"comment_status":"closed","ping_status":"closed","sticky":false,"template":"","format":"standard","meta":{"footnotes":""},"categories":[38],"tags":[],"class_list":["post-100661","post","type-post","status-publish","format-standard","has-post-thumbnail","","category-bota"],"_links":{"self":[{"href":"https:\/\/rdnews.al\/index.php\/wp-json\/wp\/v2\/posts\/100661","targetHints":{"allow":["GET"]}}],"collection":[{"href":"https:\/\/rdnews.al\/index.php\/wp-json\/wp\/v2\/posts"}],"about":[{"href":"https:\/\/rdnews.al\/index.php\/wp-json\/wp\/v2\/types\/post"}],"author":[{"embeddable":true,"href":"https:\/\/rdnews.al\/index.php\/wp-json\/wp\/v2\/users\/3"}],"replies":[{"embeddable":true,"href":"https:\/\/rdnews.al\/index.php\/wp-json\/wp\/v2\/comments?post=100661"}],"version-history":[{"count":2,"href":"https:\/\/rdnews.al\/index.php\/wp-json\/wp\/v2\/posts\/100661\/revisions"}],"predecessor-version":[{"id":100664,"href":"https:\/\/rdnews.al\/index.php\/wp-json\/wp\/v2\/posts\/100661\/revisions\/100664"}],"wp:featuredmedia":[{"embeddable":true,"href":"https:\/\/rdnews.al\/index.php\/wp-json\/wp\/v2\/media\/100665"}],"wp:attachment":[{"href":"https:\/\/rdnews.al\/index.php\/wp-json\/wp\/v2\/media?parent=100661"}],"wp:term":[{"taxonomy":"category","embeddable":true,"href":"https:\/\/rdnews.al\/index.php\/wp-json\/wp\/v2\/categories?post=100661"},{"taxonomy":"post_tag","embeddable":true,"href":"https:\/\/rdnews.al\/index.php\/wp-json\/wp\/v2\/tags?post=100661"}],"curies":[{"name":"wp","href":"https:\/\/api.w.org\/{rel}","templated":true}]}}