{"id":100691,"date":"2025-01-07T09:53:27","date_gmt":"2025-01-07T09:53:27","guid":{"rendered":"https:\/\/rdnews.al\/?p=100691"},"modified":"2025-01-07T10:27:31","modified_gmt":"2025-01-07T10:27:31","slug":"meta-mediat-e-regjimit-mashtruan-mezi-po-pres-te-takohem-me-koleget-e-megahajduteve-te-regjimit","status":"publish","type":"post","link":"https:\/\/rdnews.al\/index.php\/2025\/01\/07\/meta-mediat-e-regjimit-mashtruan-mezi-po-pres-te-takohem-me-koleget-e-megahajduteve-te-regjimit\/","title":{"rendered":"Meta: Jam ende n\u00eb qeli! Mezi po pres t\u00eb takohem me \u201ckoleg\u00ebt\u201d e megahajdut\u00ebve t\u00eb regjimit!"},"content":{"rendered":"<p>Presidenti i Partis\u00eb s\u00eb Liris\u00eb, Ilir Meta, b\u00ebri nj\u00eb postim online pak p\u00ebrpara se t\u00eb nis\u00eb seanc\u00ebn e marrjes n\u00eb pyetje n\u00eb SPAK.<\/p>\n<p>\u201cRreth 15 minuta m\u00eb par\u00eb mediat e regjimit mashtruan duke pretenduar se un\u00eb kam hyr\u00eb n\u00eb ambientet e SPAK.<\/p>\n<p>Nuk \u00ebsht\u00eb e v\u00ebrtet\u00eb.<\/p>\n<p>Un\u00eb akoma jam n\u00eb qelin\u00eb Nr.5, i gatsh\u00ebm q\u00eb n\u00eb ora 10:00 p\u00ebr t\u00eb shkuar n\u00eb SPAK edhe pse lajm\u00ebrimin e kam marr\u00eb nga mediat e regjimit dhe jo sipas procedurave ligjore.<\/p>\n<p>Mezi po pres t\u00eb takohem me \u201ckoleg\u00ebt\u201d e megahajdut\u00ebve t\u00eb regjimit m\u00eb t\u00eb korruptuar n\u00eb kontinent dhe pas seanc\u00ebs reciproke t\u00eb pyetjeve n\u00eb SPAK, jam i hapur t\u2019u p\u00ebrgjigjem pyetjeve t\u00eb gazetar\u00ebve\u201d,\u00a0shkruan Meta.<\/p>\n","protected":false},"excerpt":{"rendered":"<p>Presidenti i Partis\u00eb s\u00eb Liris\u00eb, Ilir Meta, b\u00ebri nj\u00eb postim online pak p\u00ebrpara se t\u00eb nis\u00eb seanc\u00ebn e marrjes n\u00eb pyetje n\u00eb SPAK. \u201cRreth 15 minuta m\u00eb par\u00eb mediat e regjimit mashtruan duke pretenduar se un\u00eb kam hyr\u00eb n\u00eb ambientet e SPAK. Nuk \u00ebsht\u00eb e v\u00ebrtet\u00eb. Un\u00eb akoma jam n\u00eb qelin\u00eb Nr.5, i gatsh\u00ebm q\u00eb &hellip;<\/p>\n","protected":false},"author":4,"featured_media":92179,"comment_status":"closed","ping_status":"closed","sticky":false,"template":"","format":"standard","meta":{"footnotes":""},"categories":[37],"tags":[],"class_list":["post-100691","post","type-post","status-publish","format-standard","has-post-thumbnail","","category-politike"],"_links":{"self":[{"href":"https:\/\/rdnews.al\/index.php\/wp-json\/wp\/v2\/posts\/100691","targetHints":{"allow":["GET"]}}],"collection":[{"href":"https:\/\/rdnews.al\/index.php\/wp-json\/wp\/v2\/posts"}],"about":[{"href":"https:\/\/rdnews.al\/index.php\/wp-json\/wp\/v2\/types\/post"}],"author":[{"embeddable":true,"href":"https:\/\/rdnews.al\/index.php\/wp-json\/wp\/v2\/users\/4"}],"replies":[{"embeddable":true,"href":"https:\/\/rdnews.al\/index.php\/wp-json\/wp\/v2\/comments?post=100691"}],"version-history":[{"count":4,"href":"https:\/\/rdnews.al\/index.php\/wp-json\/wp\/v2\/posts\/100691\/revisions"}],"predecessor-version":[{"id":100695,"href":"https:\/\/rdnews.al\/index.php\/wp-json\/wp\/v2\/posts\/100691\/revisions\/100695"}],"wp:featuredmedia":[{"embeddable":true,"href":"https:\/\/rdnews.al\/index.php\/wp-json\/wp\/v2\/media\/92179"}],"wp:attachment":[{"href":"https:\/\/rdnews.al\/index.php\/wp-json\/wp\/v2\/media?parent=100691"}],"wp:term":[{"taxonomy":"category","embeddable":true,"href":"https:\/\/rdnews.al\/index.php\/wp-json\/wp\/v2\/categories?post=100691"},{"taxonomy":"post_tag","embeddable":true,"href":"https:\/\/rdnews.al\/index.php\/wp-json\/wp\/v2\/tags?post=100691"}],"curies":[{"name":"wp","href":"https:\/\/api.w.org\/{rel}","templated":true}]}}