{"id":100696,"date":"2025-01-07T10:23:40","date_gmt":"2025-01-07T10:23:40","guid":{"rendered":"https:\/\/rdnews.al\/?p=100696"},"modified":"2025-01-07T10:23:40","modified_gmt":"2025-01-07T10:23:40","slug":"duhet-bere-ekzorcizem-ne-shtepine-e-bardhe-per-djallin-soros","status":"publish","type":"post","link":"https:\/\/rdnews.al\/index.php\/2025\/01\/07\/duhet-bere-ekzorcizem-ne-shtepine-e-bardhe-per-djallin-soros\/","title":{"rendered":"&#8220;Duhet b\u00ebr\u00eb ekzorciz\u00ebm n\u00eb Sht\u00ebpin\u00eb e Bardh\u00eb p\u00ebr Djallin Soros&#8221;!"},"content":{"rendered":"<p>George Soros ka marr\u00eb nj\u00eb nga nderimet m\u00eb t\u00eb larta civile q\u00eb nj\u00eb president i SHBA-s\u00eb mund t\u00eb jap\u00eb, dhe Steve Bannon nuk e ka pritur aspak mir\u00eb k\u00ebt\u00eb fakt.<\/p>\n<p>Komentatori i ekstremit t\u00eb djatht\u00eb p\u00ebrdori shfaqjen e tij t\u00eb s\u00eb shtun\u00ebs n\u00eb podcast-in War Room p\u00ebr t\u00eb kritikuar dh\u00ebnien e Medaljes s\u00eb Liris\u00eb filantropit progresiv nga presidenti n\u00eb largim Joe Biden, madje duke b\u00ebr\u00eb thirrje q\u00eb Sht\u00ebpis\u00eb s\u00eb Bardh\u00eb t&#8217;i b\u00ebhet &#8220;ekzorciz\u00ebm&#8221; pas ceremonis\u00eb q\u00eb u mbajt aty.<\/p>\n<p>Sipas Bannon-it: &#8220;Sot, ata po ju tregojn\u00eb kush \u00ebsht\u00eb n\u00eb kontroll. Vet\u00eb demoni do t\u00eb jet\u00eb n\u00eb Sht\u00ebpin\u00eb e Bardh\u00eb. Gj\u00ebja e par\u00eb q\u00eb Trump duhet t\u00eb b\u00ebj\u00eb, duke pasur parasysh at\u00eb q\u00eb Biden po b\u00ebn sot me Sorosin dhe Clinton-in, \u00ebsht\u00eb q\u00eb ne duhet t\u00eb b\u00ebjm\u00eb nj\u00eb ekzorciz\u00ebm.&#8221;<\/p>\n<p>Bannon dukej paksa i paqart\u00eb, megjithat\u00eb, p\u00ebr cil\u00ebn fe t\u00eb ve\u00e7ant\u00eb ai do t\u00eb preferonte q\u00eb t\u00eb kryhej ceremonia solemne. &#8220;Mendoj se duhet t\u00eb kesh nj\u00eb prift katolik, dhe nuk e di, sillni nj\u00eb pastor protestant, sillni k\u00eb t\u00eb doni, sillni nj\u00eb shaman, nuk e di \u2013 le t\u00eb b\u00ebjm\u00eb nj\u00eb ekzorciz\u00ebm!&#8221; tha ai.<\/p>\n<p>M\u00eb von\u00eb gjat\u00eb sesionit, Bannon gjithashtu b\u00ebri thirrje q\u00eb Donald Trump ta b\u00ebj\u00eb anulimin e nderimit t\u00eb fundit t\u00eb Sorosit nj\u00eb &#8220;prioritet t\u00eb dit\u00ebs s\u00eb par\u00eb&#8221; pasi t\u00eb marr\u00eb detyr\u00ebn k\u00ebt\u00eb muaj.<\/p>\n<p>Ai tha: &#8220;Rekomandimi im p\u00ebr presidentin Trump \u00ebsht\u00eb q\u00eb ta njoftoni sot se do t\u00eb n\u00ebnshkruani nj\u00eb urdh\u00ebr ekzekutiv t\u00eb h\u00ebn\u00ebn, nj\u00eb nga veprimet e para, p\u00ebr t\u00eb anuluar Medaljen Presidenciale t\u00eb Liris\u00eb q\u00eb po i jepet George Sorosit sot.&#8221;<\/p>\n<p>M\u00eb pas shtoi: &#8220;Do t\u00eb thon\u00eb q\u00eb nuk mund ta anulosh. N\u00eb rregull, dakord, provo k\u00ebt\u00eb, d\u00ebrgo nj\u00eb ekip p\u00ebr t\u00eb ndjekur Sorosin dhe p\u00ebr t&#8217;ia marr\u00eb medaljen mbrapsht. \u00cbsht\u00eb nj\u00eb skandal q\u00eb nj\u00eb individ djall\u00ebzor si ai ka b\u00ebr\u00eb gjith\u00e7ka p\u00ebr ta shkat\u00ebrruar k\u00ebt\u00eb vend.&#8221;<\/p>\n<p>Financimi i gjer\u00eb i George Sorosit p\u00ebr kauza politike progresive dhe projekte t\u00eb gazetaris\u00eb p\u00ebr llogaridh\u00ebnie publike n\u00eb mbar\u00eb bot\u00ebn shpesh e ka b\u00ebr\u00eb at\u00eb nj\u00eb objektiv t\u00eb preferuar midis z\u00ebrave konservator\u00eb, ve\u00e7an\u00ebrisht midis teoricien\u00ebve t\u00eb konspiracionit t\u00eb ekstremit t\u00eb djatht\u00eb dhe an\u00ebtar\u00ebve t\u00eb lart\u00eb t\u00eb Partis\u00eb Republikane.<\/p>\n<p>Lajmi p\u00ebr nderimin e tij t\u00eb fundit nxiti nj\u00eb reagim t\u00eb ngjash\u00ebm edhe n\u00eb Fox News, ku prezantuesi i Fox &amp; Friends, Joe Concha, e p\u00ebrshkroi Sorosin si &#8220;njeriun m\u00eb t\u00eb lig n\u00eb planet.&#8221; \/ The Daily Beast &#8211; Syri.net<\/p>\n","protected":false},"excerpt":{"rendered":"<p>George Soros ka marr\u00eb nj\u00eb nga nderimet m\u00eb t\u00eb larta civile q\u00eb nj\u00eb president i SHBA-s\u00eb mund t\u00eb jap\u00eb, dhe Steve Bannon nuk e ka pritur aspak mir\u00eb k\u00ebt\u00eb fakt. Komentatori i ekstremit t\u00eb djatht\u00eb p\u00ebrdori shfaqjen e tij t\u00eb s\u00eb shtun\u00ebs n\u00eb podcast-in War Room p\u00ebr t\u00eb kritikuar dh\u00ebnien e Medaljes s\u00eb Liris\u00eb filantropit &hellip;<\/p>\n","protected":false},"author":4,"featured_media":38329,"comment_status":"closed","ping_status":"closed","sticky":false,"template":"","format":"standard","meta":{"footnotes":""},"categories":[38],"tags":[],"class_list":["post-100696","post","type-post","status-publish","format-standard","has-post-thumbnail","","category-bota"],"_links":{"self":[{"href":"https:\/\/rdnews.al\/index.php\/wp-json\/wp\/v2\/posts\/100696","targetHints":{"allow":["GET"]}}],"collection":[{"href":"https:\/\/rdnews.al\/index.php\/wp-json\/wp\/v2\/posts"}],"about":[{"href":"https:\/\/rdnews.al\/index.php\/wp-json\/wp\/v2\/types\/post"}],"author":[{"embeddable":true,"href":"https:\/\/rdnews.al\/index.php\/wp-json\/wp\/v2\/users\/4"}],"replies":[{"embeddable":true,"href":"https:\/\/rdnews.al\/index.php\/wp-json\/wp\/v2\/comments?post=100696"}],"version-history":[{"count":1,"href":"https:\/\/rdnews.al\/index.php\/wp-json\/wp\/v2\/posts\/100696\/revisions"}],"predecessor-version":[{"id":100697,"href":"https:\/\/rdnews.al\/index.php\/wp-json\/wp\/v2\/posts\/100696\/revisions\/100697"}],"wp:featuredmedia":[{"embeddable":true,"href":"https:\/\/rdnews.al\/index.php\/wp-json\/wp\/v2\/media\/38329"}],"wp:attachment":[{"href":"https:\/\/rdnews.al\/index.php\/wp-json\/wp\/v2\/media?parent=100696"}],"wp:term":[{"taxonomy":"category","embeddable":true,"href":"https:\/\/rdnews.al\/index.php\/wp-json\/wp\/v2\/categories?post=100696"},{"taxonomy":"post_tag","embeddable":true,"href":"https:\/\/rdnews.al\/index.php\/wp-json\/wp\/v2\/tags?post=100696"}],"curies":[{"name":"wp","href":"https:\/\/api.w.org\/{rel}","templated":true}]}}