{"id":100742,"date":"2025-01-08T09:40:51","date_gmt":"2025-01-08T09:40:51","guid":{"rendered":"https:\/\/rdnews.al\/?p=100742"},"modified":"2025-01-08T09:40:51","modified_gmt":"2025-01-08T09:40:51","slug":"zukenberg-pranon-se-censura-u-vendos-per-te-ndalur-trump-tani-po-kthehemi-tek-liria-e-fjales","status":"publish","type":"post","link":"https:\/\/rdnews.al\/index.php\/2025\/01\/08\/zukenberg-pranon-se-censura-u-vendos-per-te-ndalur-trump-tani-po-kthehemi-tek-liria-e-fjales\/","title":{"rendered":"Zukenberg pranon se censura u vendos p\u00ebr t\u00eb ndalur Trump: Tani po kthehemi tek liria e fjal\u00ebs"},"content":{"rendered":"<p><strong>SHBA-<\/strong>\u00a0Meta po planifikon t\u00eb\u00a0z\u00ebvend\u00ebsoj\u00eb programin e saj t\u00eb kontrollit t\u00eb fakteve n\u00eb Shtetet e Bashkuara, duke leht\u00ebsuar politik\u00ebn e kontrollit t\u00eb p\u00ebrmbajtjes s\u00eb Facebook dhe Instagram. Lajmin e njoftoi CEO i Meta,\u00a0Mark <a href=\"https:\/\/abcnews.go.com\/Business\/facebook-rely-community-notes-replacing-fact-checkers-zuckerberg\/story?id=117412714&amp;utm_source=instagram&amp;utm_medium=social&amp;utm_campaign=likeshopme&amp;utm_content=www.instagram.com\/p\/DEhvHxLRbp5\" target=\"_blank\" rel=\"noopener\">Zuckerberg<\/a> i cili shtoi se kjo l\u00ebvizje e re do t\u00eb lejonte rrjetin social t\u00eb kthehet n\u00eb rr\u00ebnj\u00ebt e saj rreth shprehjes s\u00eb lir\u00eb. Ai shtoi se mezi e pret k\u00ebt\u00eb kapitull t\u00eb ri.<\/p>\n<p><em>&#8220;Ne po z\u00ebvend\u00ebsojm\u00eb kontrolluesit e fakteve me Sh\u00ebnimet e Komunitetit, duke thjeshtuar politikat tona dhe duke u fokusuar n\u00eb reduktimin e gabimeve,&#8221;<\/em> tha Zuckerberg t\u00eb mart\u00ebn. <em>&#8220;Presim me padurim p\u00ebr k\u00ebt\u00eb kapitull tjet\u00ebr.&#8221;<\/em><\/p>\n<div class=\"insertion-box\">\n<div class=\"\">\n<div id=\"t677e46f4997de\" data-p=\"100\"><ins><\/p>\n<div id=\"beacon_79ca415ba2\"><img loading=\"lazy\" decoding=\"async\" src=\"https:\/\/ads1.medium.al\/www\/delivery\/lg.php?bannerid=2453&amp;campaignid=184&amp;zoneid=392&amp;loc=https%3A%2F%2Fdosja.al%2Fbota%2Fshte-koha-te-rikthehemi-te-rrenjet-tona-zuckerberg-njofton-heqjen-e-censure-i412086&amp;referer=https%3A%2F%2Fwww.google.com%2F&amp;cb=79ca415ba2\" alt=\"\" width=\"0\" height=\"0\" \/><em>&#8220;Ne do t\u00eb kthehemi n\u00eb rr\u00ebnj\u00ebt tona dhe do t\u00eb fokusohemi n\u00eb reduktimin e gabimeve, thjeshtimin e politikave tona dhe rivendosjen e shprehjes s\u00eb lir\u00eb n\u00eb platformat tona\u00a0,&#8221; <\/em>tha Zuckerberg n\u00eb nj\u00eb video.<\/div>\n<p><\/ins><\/div>\n<\/div>\n<\/div>\n<p>Joel Kaplan, shefi i \u00e7\u00ebshtjeve globale tha se ndryshimet, t\u00eb cilat do t\u00eb jen\u00eb gjithashtu n\u00eb fuqi p\u00ebr Facebook, Instagram dhe Threads, do t\u00eb heqin kufizimet p\u00ebr disa tema q\u00eb jan\u00eb pjes\u00eb e diskursit t\u00eb zakonsh\u00ebm dhe do t\u00eb fokusojn\u00eb me zbatimin e kompanis\u00eb n\u00eb shkelje t\u00eb paligjshme dhe me ashp\u00ebrsi t\u00eb lart\u00eb.<\/p>\n<p>Drejtuesit e Meta-s e p\u00ebrshkruan k\u00ebt\u00eb hap\u00a0 si nj\u00eb ndryshim n\u00eb diskursin publik q\u00eb shoq\u00ebronte ngritjen e mark\u00ebs s\u00eb politik\u00ebs s\u00eb Presidentit t\u00eb zgjedhur Donald Trump.\u00a0Zuckerberg tha se kontrolluesit e fakteve q\u00eb u vendos\u00ebn n\u00eb prag t\u00eb zgjedhjeve t\u00eb Trump n\u00eb 2016 kan\u00eb rezultuar se jan\u00eb shum\u00eb t\u00eb nj\u00ebansh\u00ebm politikisht dhe kan\u00eb shkat\u00ebrruar m\u00eb shum\u00eb besim sesa kan\u00eb krijuar, ve\u00e7an\u00ebrisht n\u00eb Shtetet e Bashkuara.<\/p>\n<p><em>\u201cZgjedhjet e fundit ndihen gjithashtu si nj\u00eb pik\u00eb kthese kulturore p\u00ebr t&#8217;i dh\u00ebn\u00eb edhe nj\u00eb her\u00eb prioritet fjalimit,\u201d<\/em>tha Zuckerberg.<\/p>\n<p>Vendimi vjen gjithashtu pas\u00a0takimit t\u00eb fundit\u00a0t\u00eb Zuckerberg me Trump n\u00eb klubin privat Mar-a-Lago t\u00eb presidentit t\u00eb zgjedhur n\u00eb\u00a0Florida.\u00a0 Ndryshimi i politik\u00ebs pasqyron nj\u00eb seri p\u00ebrdit\u00ebsimesh q\u00eb Elon Musk, nj\u00eb aleat i Trumpit, b\u00ebri pas blerjes s\u00eb rrjetit rival social T\u00ebitter, t\u00eb cilin q\u00eb at\u00ebher\u00eb ai \u00ebsht\u00eb riem\u00ebrtuar si X.<\/p>\n<p>Kaplan t\u00eb mart\u00ebn vler\u00ebsoi qasjen q\u00eb ka marr\u00eb Musk, duke th\u00ebn\u00eb se X me pronarin e saj t\u00eb ri ka fuqizuar komunitetin e tij p\u00ebr t\u00eb vendosur kur postimet jan\u00eb potencialisht mashtruese dhe kan\u00eb nevoj\u00eb p\u00ebr m\u00eb shum\u00eb kontekst.<\/p>\n","protected":false},"excerpt":{"rendered":"<p>SHBA-\u00a0Meta po planifikon t\u00eb\u00a0z\u00ebvend\u00ebsoj\u00eb programin e saj t\u00eb kontrollit t\u00eb fakteve n\u00eb Shtetet e Bashkuara, duke leht\u00ebsuar politik\u00ebn e kontrollit t\u00eb p\u00ebrmbajtjes s\u00eb Facebook dhe Instagram. Lajmin e njoftoi CEO i Meta,\u00a0Mark Zuckerberg i cili shtoi se kjo l\u00ebvizje e re do t\u00eb lejonte rrjetin social t\u00eb kthehet n\u00eb rr\u00ebnj\u00ebt e saj rreth shprehjes s\u00eb &hellip;<\/p>\n","protected":false},"author":3,"featured_media":100743,"comment_status":"closed","ping_status":"closed","sticky":false,"template":"","format":"standard","meta":{"footnotes":""},"categories":[38],"tags":[],"class_list":["post-100742","post","type-post","status-publish","format-standard","has-post-thumbnail","","category-bota"],"_links":{"self":[{"href":"https:\/\/rdnews.al\/index.php\/wp-json\/wp\/v2\/posts\/100742","targetHints":{"allow":["GET"]}}],"collection":[{"href":"https:\/\/rdnews.al\/index.php\/wp-json\/wp\/v2\/posts"}],"about":[{"href":"https:\/\/rdnews.al\/index.php\/wp-json\/wp\/v2\/types\/post"}],"author":[{"embeddable":true,"href":"https:\/\/rdnews.al\/index.php\/wp-json\/wp\/v2\/users\/3"}],"replies":[{"embeddable":true,"href":"https:\/\/rdnews.al\/index.php\/wp-json\/wp\/v2\/comments?post=100742"}],"version-history":[{"count":1,"href":"https:\/\/rdnews.al\/index.php\/wp-json\/wp\/v2\/posts\/100742\/revisions"}],"predecessor-version":[{"id":100744,"href":"https:\/\/rdnews.al\/index.php\/wp-json\/wp\/v2\/posts\/100742\/revisions\/100744"}],"wp:featuredmedia":[{"embeddable":true,"href":"https:\/\/rdnews.al\/index.php\/wp-json\/wp\/v2\/media\/100743"}],"wp:attachment":[{"href":"https:\/\/rdnews.al\/index.php\/wp-json\/wp\/v2\/media?parent=100742"}],"wp:term":[{"taxonomy":"category","embeddable":true,"href":"https:\/\/rdnews.al\/index.php\/wp-json\/wp\/v2\/categories?post=100742"},{"taxonomy":"post_tag","embeddable":true,"href":"https:\/\/rdnews.al\/index.php\/wp-json\/wp\/v2\/tags?post=100742"}],"curies":[{"name":"wp","href":"https:\/\/api.w.org\/{rel}","templated":true}]}}