{"id":100841,"date":"2025-01-09T10:29:37","date_gmt":"2025-01-09T10:29:37","guid":{"rendered":"https:\/\/rdnews.al\/?p=100841"},"modified":"2025-01-09T10:42:12","modified_gmt":"2025-01-09T10:42:12","slug":"skenat-dramatike-nga-shperthimi-i-zjarreve-ne-perendim-te-los-anxhelosit","status":"publish","type":"post","link":"https:\/\/rdnews.al\/index.php\/2025\/01\/09\/skenat-dramatike-nga-shperthimi-i-zjarreve-ne-perendim-te-los-anxhelosit\/","title":{"rendered":"Skena dramatike nga shp\u00ebrthimi i zjarreve n\u00eb Los Anxhelos"},"content":{"rendered":"<p>Nj\u00eb zjarr i eg\u00ebr q\u00eb filloi n\u00eb zon\u00ebn e Paq\u00ebsorit Palisades t\u00eb Los Anxhelosit t\u00eb mart\u00ebn n\u00eb m\u00ebngjes \u00ebsht\u00eb p\u00ebrhapur n\u00eb per\u00ebndim t\u00eb qytetit me nj\u00eb shkall\u00eb alarmante gjat\u00eb t\u00eb mart\u00ebs dhe m\u00eb pas.<\/p>\n<p>Er\u00ebrat e forta dhe kushtet shum\u00eb t\u00eb thata nxit\u00ebn m\u00eb tej flak\u00ebt, duke b\u00ebr\u00eb q\u00eb flak\u00ebt t\u00eb shp\u00ebrthejn\u00eb n\u00ebp\u00ebr lagje me shpejt\u00ebsi alarmante, p\u00ebrcjell Telegrafi.<\/p>\n<p>Zjarret thuhet se u p\u00ebrhap\u00ebn nga nj\u00eb sip\u00ebrfaqe prej 10 hektar\u00ebsh n\u00eb gati 3,000 brenda disa or\u00ebsh.<\/p>\n<p>Zjarrfik\u00ebsit kan\u00eb luftuar me flak\u00ebt gjat\u00eb gjith\u00eb nat\u00ebs, pasi banor\u00ebt u detyruan t\u00eb largohen mes urdhrave t\u00eb evakuimit q\u00eb prekin dhjet\u00ebra mij\u00ebra njer\u00ebz.<\/p>\n<p>Dhe fotograf\u00ebt kan\u00eb kapur skena dramatike nd\u00ebrsa zjarrfik\u00ebsit po punonin p\u00ebr t\u00eb kontrolluar zjarret.<\/p>\n<p><img loading=\"lazy\" decoding=\"async\" class=\"alignnone size-full wp-image-4192794\" src=\"https:\/\/telegrafi.com\/wp-content\/uploads\/2025\/01\/w1.jpg\" alt=\"\" width=\"963\" height=\"633\" \/><\/p>\n<p><img loading=\"lazy\" decoding=\"async\" class=\"alignnone size-medium wp-image-4192795\" src=\"https:\/\/telegrafi.com\/wp-content\/uploads\/2025\/01\/w2.jpg\" alt=\"\" width=\"940\" height=\"616\" \/><\/p>\n<p><img loading=\"lazy\" decoding=\"async\" class=\"alignnone size-medium wp-image-4192796\" src=\"https:\/\/telegrafi.com\/wp-content\/uploads\/2025\/01\/w4.jpg\" alt=\"\" width=\"856\" height=\"621\" \/><\/p>\n<p><img loading=\"lazy\" decoding=\"async\" class=\"alignnone size-medium wp-image-4192797\" src=\"https:\/\/telegrafi.com\/wp-content\/uploads\/2025\/01\/w5.jpg\" alt=\"\" width=\"940\" height=\"661\" \/><\/p>\n<p><img loading=\"lazy\" decoding=\"async\" class=\"alignnone size-medium wp-image-4192798\" src=\"https:\/\/telegrafi.com\/wp-content\/uploads\/2025\/01\/w6.jpg\" alt=\"\" width=\"988\" height=\"622\" \/><\/p>\n","protected":false},"excerpt":{"rendered":"<p>Nj\u00eb zjarr i eg\u00ebr q\u00eb filloi n\u00eb zon\u00ebn e Paq\u00ebsorit Palisades t\u00eb Los Anxhelosit t\u00eb mart\u00ebn n\u00eb m\u00ebngjes \u00ebsht\u00eb p\u00ebrhapur n\u00eb per\u00ebndim t\u00eb qytetit me nj\u00eb shkall\u00eb alarmante gjat\u00eb t\u00eb mart\u00ebs dhe m\u00eb pas. Er\u00ebrat e forta dhe kushtet shum\u00eb t\u00eb thata nxit\u00ebn m\u00eb tej flak\u00ebt, duke b\u00ebr\u00eb q\u00eb flak\u00ebt t\u00eb shp\u00ebrthejn\u00eb n\u00ebp\u00ebr lagje me &hellip;<\/p>\n","protected":false},"author":4,"featured_media":100842,"comment_status":"closed","ping_status":"closed","sticky":false,"template":"","format":"standard","meta":{"footnotes":""},"categories":[38],"tags":[],"class_list":["post-100841","post","type-post","status-publish","format-standard","has-post-thumbnail","","category-bota"],"_links":{"self":[{"href":"https:\/\/rdnews.al\/index.php\/wp-json\/wp\/v2\/posts\/100841","targetHints":{"allow":["GET"]}}],"collection":[{"href":"https:\/\/rdnews.al\/index.php\/wp-json\/wp\/v2\/posts"}],"about":[{"href":"https:\/\/rdnews.al\/index.php\/wp-json\/wp\/v2\/types\/post"}],"author":[{"embeddable":true,"href":"https:\/\/rdnews.al\/index.php\/wp-json\/wp\/v2\/users\/4"}],"replies":[{"embeddable":true,"href":"https:\/\/rdnews.al\/index.php\/wp-json\/wp\/v2\/comments?post=100841"}],"version-history":[{"count":2,"href":"https:\/\/rdnews.al\/index.php\/wp-json\/wp\/v2\/posts\/100841\/revisions"}],"predecessor-version":[{"id":100847,"href":"https:\/\/rdnews.al\/index.php\/wp-json\/wp\/v2\/posts\/100841\/revisions\/100847"}],"wp:featuredmedia":[{"embeddable":true,"href":"https:\/\/rdnews.al\/index.php\/wp-json\/wp\/v2\/media\/100842"}],"wp:attachment":[{"href":"https:\/\/rdnews.al\/index.php\/wp-json\/wp\/v2\/media?parent=100841"}],"wp:term":[{"taxonomy":"category","embeddable":true,"href":"https:\/\/rdnews.al\/index.php\/wp-json\/wp\/v2\/categories?post=100841"},{"taxonomy":"post_tag","embeddable":true,"href":"https:\/\/rdnews.al\/index.php\/wp-json\/wp\/v2\/tags?post=100841"}],"curies":[{"name":"wp","href":"https:\/\/api.w.org\/{rel}","templated":true}]}}