{"id":100844,"date":"2025-01-09T10:34:54","date_gmt":"2025-01-09T10:34:54","guid":{"rendered":"https:\/\/rdnews.al\/?p=100844"},"modified":"2025-01-09T10:34:54","modified_gmt":"2025-01-09T10:34:54","slug":"trump-do-ti-jap-fund-luftes-ne-ukraine-brenda-gjashte-muajve","status":"publish","type":"post","link":"https:\/\/rdnews.al\/index.php\/2025\/01\/09\/trump-do-ti-jap-fund-luftes-ne-ukraine-brenda-gjashte-muajve\/","title":{"rendered":"Trump: Do t\u2019i jap fund luft\u00ebs n\u00eb Ukrain\u00eb brenda gjasht\u00eb muajve!"},"content":{"rendered":"<p>Donald Trump tha se shpreson t\u2019i jap\u00eb fund luft\u00ebs n\u00eb Ukrain\u00eb \u201cshum\u00eb p\u00ebrpara se\u201d t\u00eb arrij\u00eb gjasht\u00eb muaj n\u00eb detyr\u00eb.<\/p>\n<p>Presidenti i zgjedhur i SHBA-s\u00eb ka th\u00ebn\u00eb m\u00eb par\u00eb se mund ta zgjidh\u00eb konfliktin \u201cbrenda 24 or\u00ebve\u201d nga fillimi i mandatit t\u00eb tij t\u00eb dyt\u00eb, pa shpjeguar se si do ta b\u00ebnte k\u00ebt\u00eb.<\/p>\n<p>Duke folur n\u00eb nj\u00eb konferenc\u00eb shtypi n\u00eb pron\u00ebn e tij n\u00eb Mar-a-Lago n\u00eb Florida dje, Trump u pyet n\u00ebse ai mund t\u2019i jepte fund luft\u00ebs n\u00eb gjasht\u00eb muaj, transmeton Telegrafi.<\/p>\n<p>\u201cShpresoj t\u00eb kem gjasht\u00eb muaj. Jo, do t\u00eb mendoja, shpresoj, shum\u00eb m\u00eb par\u00eb se gjasht\u00eb muaj\u201d, u p\u00ebrgjigj ai.<\/p>\n<p>\u201cShikoni, Rusia po humb shum\u00eb t\u00eb rinj, po ashtu edhe Ukraina, dhe kjo nuk do t\u00eb duhej kurr\u00eb t\u00eb kishte filluar\u201d.<\/p>\n<p>Trump u ankua gjithashtu se nuk mund t\u00eb takohet me Vladimir Putin deri t\u00eb marr\u00eb detyr\u00ebn m\u00eb 20 janar. Ai tha, pa dh\u00ebn\u00eb detaje, se nj\u00eb takim i till\u00eb do t\u00eb ishte i pap\u00ebrshtatsh\u00ebm.<\/p>\n<p>\u201cE di q\u00eb Putini do t\u00eb donte t\u00eb takoheshim\u201d, tha ai.<\/p>\n<p>\u201cUn\u00eb nuk mendoj se \u00ebsht\u00eb e p\u00ebrshtatshme q\u00eb t\u00eb takohem para dat\u00ebs 20, gj\u00eb q\u00eb e urrej, sepse, e dini, \u00e7do dit\u00eb shum\u00eb t\u00eb rinj po vriten\u201d, shtoi ai.<\/p>\n<p>Duke folur p\u00ebr d\u00ebshir\u00ebn e Ukrain\u00ebs p\u00ebr t\u2019u bashkuar me NATO-n, t\u00eb cil\u00ebn Joe Biden e ka mb\u00ebshtetur, Trump tha se mund t\u2019i \u201ckuptoj\u00eb\u201d arsyet e Rusis\u00eb p\u00ebr t\u00eb mos d\u00ebshiruar q\u00eb kjo t\u00eb ndodh\u00eb.<\/p>\n<p>Ai tha se Rusia nuk ka dashur q\u00eb Ukraina t\u2019i bashkohet aleanc\u00ebs \u201cp\u00ebr shum\u00eb e shum\u00eb vite, shum\u00eb p\u00ebrpara Putinit\u201d, dhe faj\u00ebsoi Biden p\u00ebr gjoja ndryshimin e pozicionit t\u00eb SHBA-s\u00eb p\u00ebr an\u00ebtar\u00ebsimin e Ukrain\u00ebs n\u00eb NATO.<\/p>\n","protected":false},"excerpt":{"rendered":"<p>Donald Trump tha se shpreson t\u2019i jap\u00eb fund luft\u00ebs n\u00eb Ukrain\u00eb \u201cshum\u00eb p\u00ebrpara se\u201d t\u00eb arrij\u00eb gjasht\u00eb muaj n\u00eb detyr\u00eb. Presidenti i zgjedhur i SHBA-s\u00eb ka th\u00ebn\u00eb m\u00eb par\u00eb se mund ta zgjidh\u00eb konfliktin \u201cbrenda 24 or\u00ebve\u201d nga fillimi i mandatit t\u00eb tij t\u00eb dyt\u00eb, pa shpjeguar se si do ta b\u00ebnte k\u00ebt\u00eb. Duke folur &hellip;<\/p>\n","protected":false},"author":4,"featured_media":100845,"comment_status":"closed","ping_status":"closed","sticky":false,"template":"","format":"standard","meta":{"footnotes":""},"categories":[38],"tags":[],"class_list":["post-100844","post","type-post","status-publish","format-standard","has-post-thumbnail","","category-bota"],"_links":{"self":[{"href":"https:\/\/rdnews.al\/index.php\/wp-json\/wp\/v2\/posts\/100844","targetHints":{"allow":["GET"]}}],"collection":[{"href":"https:\/\/rdnews.al\/index.php\/wp-json\/wp\/v2\/posts"}],"about":[{"href":"https:\/\/rdnews.al\/index.php\/wp-json\/wp\/v2\/types\/post"}],"author":[{"embeddable":true,"href":"https:\/\/rdnews.al\/index.php\/wp-json\/wp\/v2\/users\/4"}],"replies":[{"embeddable":true,"href":"https:\/\/rdnews.al\/index.php\/wp-json\/wp\/v2\/comments?post=100844"}],"version-history":[{"count":1,"href":"https:\/\/rdnews.al\/index.php\/wp-json\/wp\/v2\/posts\/100844\/revisions"}],"predecessor-version":[{"id":100846,"href":"https:\/\/rdnews.al\/index.php\/wp-json\/wp\/v2\/posts\/100844\/revisions\/100846"}],"wp:featuredmedia":[{"embeddable":true,"href":"https:\/\/rdnews.al\/index.php\/wp-json\/wp\/v2\/media\/100845"}],"wp:attachment":[{"href":"https:\/\/rdnews.al\/index.php\/wp-json\/wp\/v2\/media?parent=100844"}],"wp:term":[{"taxonomy":"category","embeddable":true,"href":"https:\/\/rdnews.al\/index.php\/wp-json\/wp\/v2\/categories?post=100844"},{"taxonomy":"post_tag","embeddable":true,"href":"https:\/\/rdnews.al\/index.php\/wp-json\/wp\/v2\/tags?post=100844"}],"curies":[{"name":"wp","href":"https:\/\/api.w.org\/{rel}","templated":true}]}}