{"id":101037,"date":"2025-01-10T18:50:29","date_gmt":"2025-01-10T18:50:29","guid":{"rendered":"https:\/\/rdnews.al\/?p=101037"},"modified":"2025-01-10T18:53:00","modified_gmt":"2025-01-10T18:53:00","slug":"berisha-tipari-kardinal-i-pd-te-pamundurat-ti-beje-te-mundura","status":"publish","type":"post","link":"https:\/\/rdnews.al\/index.php\/2025\/01\/10\/berisha-tipari-kardinal-i-pd-te-pamundurat-ti-beje-te-mundura\/","title":{"rendered":"Berisha: Tipari kardinal i PD, t\u00eb pamundurat t\u2019i b\u00ebj\u00eb t\u00eb mundura!"},"content":{"rendered":"<p>Kryetari i PD, Sali Berisha, theskoi edhe nj\u00ebher\u00eb tjet\u00ebr se Partia Demokratike \u00ebsht\u00eb partia e toleranc\u00ebs.<\/p>\n<p>N\u00eb fund t\u00eb fjal\u00ebs s\u00eb tij gjat\u00eb takimit me koordinator\u00ebt e qarqeve, drejtuesit politik t\u00eb rretheve dhe kryetar\u00ebt e deg\u00ebve t\u00eb PD, Berisha u shpreh se, tipari kardinal i Partis\u00eb Demokratike <em>\u00ebsht\u00eb<\/em> t\u00eb pamundurat t\u2019i b\u00ebj\u00eb t\u00eb mundura!<\/p>\n<p><strong>Berisha<\/strong>:\u00a0Shqiptar\u00ebt e pan\u00eb q\u00eb, n\u00eb qoft\u00eb se ka nj\u00eb tipar kardinal kjo parti \u00ebsht\u00eb se, t\u00eb pamundshmet i kthen n\u00eb mundshme. Imagjinoni dhe pak, t\u00eb mos i p\u00ebrs\u00ebrisim gj\u00ebrat, ku ishim para 3 vitesh dhe ku jemi sot. \u00c7far\u00eb etapash kaluam q\u00eb, nuk i imagjinonim se do i kalonim dot, dhe ja ku jemi t\u00eb gjith\u00eb. Dhe t\u00eb sigurt\u00eb t\u00eb jemi q\u00eb fitoren e kemi p\u00ebrpara dhe varet kryek\u00ebput nga ne.<\/p>\n<p>Kjo fitore varet, \u00ebsht\u00eb n\u00eb duart tona.<\/p>\n<p>Po ua p\u00ebrs\u00ebris, p\u00ebr ta mbyll\u00eb k\u00ebt\u00eb fjal\u00eb se, jemi dhe n\u00eb nj\u00eb p\u00ebrvjetor t\u00eb PD. \u00c7do demokrate e demokrat, po t\u00eb kthej\u00eb kryet prapa dhe t\u00eb thot\u00eb, t\u00eb b\u00ebj\u00eb bilancin e k\u00ebsaj partie, t\u00eb pyes\u00eb: pse i realizoi kjo k\u00ebto? Ju do gjeni, apo se \u00e7far\u00eb \u00ebsht\u00eb PD e v\u00ebrtet\u00eb, mund t\u00eb kishte edhe em\u00ebr tjet\u00ebr, ju do t\u00eb gjeni, \u00ebsht\u00eb parti e toleranc\u00ebs.<\/p>\n<p>Po t\u00eb mos ishte parti e toleranc\u00ebs, n\u00eb 1991 ne i nxor\u00ebm arm\u00ebt kur p\u00ebrbys\u00ebm bustin. Por ne, nuk kap\u00ebm arm\u00ebt, ne forc\u00ebn e\u00a0 argumentit.<\/p>\n<p>Dhe po ua them k\u00ebtu. N\u00eb qoft\u00eb se humb\u00ebm pothuaj t\u00eb gjith\u00eb fshatin shqiptar, e humb\u00ebm, kishte shkall\u00eb i cili ishte n\u00eb mjerimin m\u00eb t\u00eb madh, po kishte shkall\u00eb indoktrinimi t\u00eb tmerrshme, n\u00eb 1992 nuk mbeti fshat pa na votuar. Kjo \u00ebsht\u00eb e v\u00ebrteta.<\/p>\n<p>Pse e them k\u00ebt\u00eb? K\u00ebt\u00eb nuk duhet ta harrojm\u00eb ne, sepse n\u00eb fund t\u00eb fundit, pavar\u00ebsisht \u00e7do gj\u00ebje, nj\u00eb tuf\u00eb vlerash jan\u00eb ato q\u00eb jan\u00eb shpirti i nj\u00eb force politike. K\u00ebto kemi ne, toleranc\u00ebn, dinjitetin, familjen, interesin komb\u00ebtar. Kaq.<\/p>\n<p>Ne reduktohemi n\u00eb k\u00ebto vlera, por k\u00ebto vlera kan\u00eb qen\u00eb forca jetike jetike e jona dhe do jen\u00eb forca jetike p\u00ebr sa koh\u00eb ne t\u00eb mbetemi forc\u00eb kryesore politike. Ndaj dhe, t\u00eb bashkoni \u00e7do kontribut n\u00eb PD. Nuk ke kurr\u00eb t\u00eb drejt\u00eb t\u00eb shkelmosh kontributin e nj\u00eb tjetri. Le t\u00eb ket\u00eb gabuar! Mos u merr me gabimin, merru me kontributin.<\/p>\n<p>Un\u00eb e kuptoj q\u00eb, ka edhe n\u00eb k\u00ebt\u00eb rrug\u00ebtim 12-vje\u00e7ar, ka edhe q\u00eb jan\u00eb sistemuar, ose kan\u00eb vendosur bashk\u00ebpunim me regjimin. Se kurr\u00eb n\u00eb koh\u00ebra nuk ka patur pak kolaboracionist\u00eb. Po sa jan\u00eb ata? Shum\u00eb t\u00eb pakt\u00eb jan\u00eb ata. Ua them un\u00eb ju.<\/p>\n<p>Mos rrini me obsesione, ata jan\u00eb shum\u00eb t\u00eb pakt\u00eb. Po pse na duhet ne kjo? Na duhet ne kjo. Shikoni, n\u00eb pamje t\u00eb par\u00eb mund t\u00eb thot\u00eb kush: po, pse? Jo, kjo \u00ebsht\u00eb kapitale.<\/p>\n<p>Se, n\u00eb qoft\u00eb se nuk b\u00ebjm\u00eb k\u00ebt\u00eb ne, nuk b\u00ebjm\u00eb tjetr\u00ebn, nuk krijojm\u00eb frontin me ata q\u00eb nuk na kan\u00eb otuar, me ata q\u00eb kan\u00eb votuar socialist\u00ebt.<\/p>\n<p>K\u00ebtu fillon. Prandaj thash\u00eb: cili \u00ebsht\u00eb tipari yn\u00eb themelor. Toleranca. Ne jemi njer\u00ebz t\u00eb toleranc\u00ebs dhe njer\u00ebz t\u00eb cil\u00ebt iu afrohemi me toleranc\u00eb, me njer\u00ebzi \u00e7do qytetari.<\/p>\n<p>A ka sot, p\u00ebr ta mbyll\u00eb k\u00ebt\u00eb fjal\u00eb, ua them me bindje t\u00eb thell\u00eb. Nuk ka dallim m\u00eb t\u00eb madh se sa Shqi\u00ebpria e 1991 me Shqip\u00ebrin\u00eb e 2025, por u rikujtoj nj\u00eb shkrim t\u00eb nj\u00eb prifti polak, i cili vizitoi Shqip\u00ebrin\u00eb n\u00eb vitin 1991, dhe \u00e7far\u00eb shkruan,<\/p>\n<p>Shkruan: K\u00ebtu, thot\u00eb, un\u00eb kam vizituar vende t\u00eb varf\u00ebra. Edhe citon: Po, n\u00eb ato vende thot\u00eb, aty kishte nj\u00eb gj\u00eb thot\u00eb, dyqanet ishin plot, por para nuk kishte. Kurse n\u00eb n\u00eb k\u00ebt\u00eb vend dyqanet ishin bosh.<\/p>\n<p>Ne si jemi sot? Ne jemi me dyqane plot, por problemi \u00ebsht\u00eb se nuk ka para. Problemi \u00ebsht\u00eb se, dyqanet jan\u00eb plot, por jan\u00eb moll\u00eb e ndaluar.<\/p>\n<p>A e pat\u00eb ju at\u00eb fshatarin q\u00eb kishte dal\u00eb buz\u00eb rrug\u00ebs dhe shiste 3 shishe raki mani. Sa merr ti, i tha gazetari. Un\u00eb marr 70 euro, i tha. Po gruaja? Asnj\u00eb euro tha, s\u2019merr gruaja.<\/p>\n<p>P\u00ebr at\u00eb, \u00ebsht\u00eb e v\u00ebrtet\u00eb ajo e priftit. Po nuk jan\u00eb pak ata, jan\u00eb shum\u00eb. Sepse, thash\u00eb edhe nj\u00ebher\u00eb, jan\u00eb 226 mij\u00eb pensionist\u00eb me pension t\u00eb pjessh\u00ebm. Se jan\u00eb pastaj t\u00eb papun\u00ebt, me nj\u00eb pag\u00eb qesharake, t\u00eb gjith\u00eb me ndihm\u00ebn ekonomike me nj\u00eb mb\u00ebshtetje qesharake.<\/p>\n<p>Pra, t\u00eb gjitha k\u00ebto k\u00ebrkojn\u00eb vet\u00ebm aft\u00ebsin\u00eb ton\u00eb, p\u00ebrkushtimin ton\u00eb, njer\u00ebzin\u00eb ton\u00eb p\u00ebr t\u2019i kapitalizuar dhe \u00ebpr t\u00eb krijuar frontin m\u00eb t\u00eb gjer\u00eb q\u00eb ka patur ndonj\u00ebher\u00eb opozita nga viti 1991 gjer sot.<\/p>\n<p>Ju fal\u00ebnderoj, un\u00eb k\u00ebto kisha.<\/p>\n","protected":false},"excerpt":{"rendered":"<p>Kryetari i PD, Sali Berisha, theskoi edhe nj\u00ebher\u00eb tjet\u00ebr se Partia Demokratike \u00ebsht\u00eb partia e toleranc\u00ebs. N\u00eb fund t\u00eb fjal\u00ebs s\u00eb tij gjat\u00eb takimit me koordinator\u00ebt e qarqeve, drejtuesit politik t\u00eb rretheve dhe kryetar\u00ebt e deg\u00ebve t\u00eb PD, Berisha u shpreh se, tipari kardinal i Partis\u00eb Demokratike \u00ebsht\u00eb t\u00eb pamundurat t\u2019i b\u00ebj\u00eb t\u00eb mundura! Berisha:\u00a0Shqiptar\u00ebt &hellip;<\/p>\n","protected":false},"author":4,"featured_media":101040,"comment_status":"closed","ping_status":"closed","sticky":false,"template":"","format":"standard","meta":{"footnotes":""},"categories":[37],"tags":[],"class_list":["post-101037","post","type-post","status-publish","format-standard","has-post-thumbnail","","category-politike"],"_links":{"self":[{"href":"https:\/\/rdnews.al\/index.php\/wp-json\/wp\/v2\/posts\/101037","targetHints":{"allow":["GET"]}}],"collection":[{"href":"https:\/\/rdnews.al\/index.php\/wp-json\/wp\/v2\/posts"}],"about":[{"href":"https:\/\/rdnews.al\/index.php\/wp-json\/wp\/v2\/types\/post"}],"author":[{"embeddable":true,"href":"https:\/\/rdnews.al\/index.php\/wp-json\/wp\/v2\/users\/4"}],"replies":[{"embeddable":true,"href":"https:\/\/rdnews.al\/index.php\/wp-json\/wp\/v2\/comments?post=101037"}],"version-history":[{"count":1,"href":"https:\/\/rdnews.al\/index.php\/wp-json\/wp\/v2\/posts\/101037\/revisions"}],"predecessor-version":[{"id":101039,"href":"https:\/\/rdnews.al\/index.php\/wp-json\/wp\/v2\/posts\/101037\/revisions\/101039"}],"wp:featuredmedia":[{"embeddable":true,"href":"https:\/\/rdnews.al\/index.php\/wp-json\/wp\/v2\/media\/101040"}],"wp:attachment":[{"href":"https:\/\/rdnews.al\/index.php\/wp-json\/wp\/v2\/media?parent=101037"}],"wp:term":[{"taxonomy":"category","embeddable":true,"href":"https:\/\/rdnews.al\/index.php\/wp-json\/wp\/v2\/categories?post=101037"},{"taxonomy":"post_tag","embeddable":true,"href":"https:\/\/rdnews.al\/index.php\/wp-json\/wp\/v2\/tags?post=101037"}],"curies":[{"name":"wp","href":"https:\/\/api.w.org\/{rel}","templated":true}]}}