{"id":101043,"date":"2025-01-10T20:15:28","date_gmt":"2025-01-10T20:15:28","guid":{"rendered":"https:\/\/rdnews.al\/?p=101043"},"modified":"2025-01-10T20:15:28","modified_gmt":"2025-01-10T20:15:28","slug":"pezullimi-i-hetimit-ndaj-olsit-te-xibrakes-bushati-edi-rama-percakton-kalendarin-e-spak","status":"publish","type":"post","link":"https:\/\/rdnews.al\/index.php\/2025\/01\/10\/pezullimi-i-hetimit-ndaj-olsit-te-xibrakes-bushati-edi-rama-percakton-kalendarin-e-spak\/","title":{"rendered":"Pezullimi i hetimit ndaj Olsit t\u00eb \u201cXibrak\u00ebs\u201d, Bushati: Edi Rama p\u00ebrcakton kalendarin e SPAK"},"content":{"rendered":"<p>Analisti Andi Bushati, ka deklaruar se Rama \u00ebsht\u00eb ai q\u00eb ka marr\u00eb n\u00eb pushtet SPAK-un, ku hoqi emrin e v\u00ebllat t\u00eb tij Olsi Ram\u00ebs nga \u00e7do dosje e prokuroris\u00eb dhe se Veliajn po e heton jo p\u00ebr vjedhjet me 5D apo incenerator\u00ebt por p\u00ebr vjedhje q\u00eb i ka kryer jasht\u00eb makineris\u00eb kriminale t\u00eb rilindjes.<\/p>\n<p>I ftuar n\u00eb Syri TV, Bushati foli mbi amnistimin e Olsi Ram\u00ebs nga SPAK dhe drejt\u00ebsin\u00eb e cila po funksionon me standarte t\u00eb shum\u00ebfishta.<\/p>\n<p>Bushati i pyetur mbi \u00e7\u00ebshtjen e Olsi Ram\u00ebs ka cil\u00ebsuar se SPAK e fshiu at\u00eb nga \u00e7do dosje dhe nuk mor\u00ebm asnj\u00eb p\u00ebrgjigje se pse ky em\u00ebr u fshi nga \u00e7do dosje e prokuroris\u00eb.<\/p>\n<p>Ai cil\u00ebsoi se Rama \u00ebsht\u00eb ai q\u00eb drejton faktet dhe kalendarin e SPAK, \u00e7ka duket qartazi n\u00eb informacionet q\u00eb ky i fundit ka mbi ngjarjet dhe dosjet n\u00eb SPAK.<\/p>\n<p>Bushati, i pyetur edhe mbi \u00e7\u00ebshtjen Veliaj tha se negociatat p\u00ebr k\u00ebt\u00eb \u00e7\u00ebshtje jan\u00eb mbyllur dhe ai nuk po hetohet p\u00ebr vjedhjet e kryera n\u00eb bashk\u00ebpunim me Ram\u00ebn por p\u00ebr vjedhjet t\u00eb lejeve t\u00eb nd\u00ebrtimin, duke e shitur Veliajn si nj\u00eb hajdut ordiner dhe jo si nj\u00eb pjestar\u00eb t\u00eb makineris\u00eb kriminale t\u00eb rilindjes.<\/p>\n<p><strong><span style=\"font-style: inherit;\">Deklarata e plot\u00eb<\/span><\/strong><\/p>\n<p>Jemi n\u00eb informacionet e para dhe nuk kemi di\u00e7ka zyrtare nga SPAK. P\u00ebr t\u00eb qen\u00eb i sakt\u00eb un\u00eb mund ta besoj q\u00eb SPAK thot\u00eb q\u00eb Olsi Rama nuk \u00ebsht\u00eb i p\u00ebrfshir\u00eb n\u00eb trafik droge, pra kan\u00eb hetuar dhe nuk kan\u00eb gjetur fakte dhe k\u00ebt\u00eb mund ta besoj kushdo se fundja, \u00e7do kishte v\u00ebllai i kryeministrit t\u00eb merej me trafik droge.<\/p>\n<p>Por th\u00ebn\u00eb kt\u00eb pyetje q\u00eb shtrohet \u00ebsht\u00eb, a na ka zbardhur ne SPAK apo drejt\u00ebsia faktin se pse emri i Olsi Ram\u00ebs duhet t\u00eb fshihej nga dosjet e prokuroris\u00eb? A duhet t\u00eb kishim nj\u00eb zbardhje pse u fsheh ky em\u00ebr, mos kemi nj\u00eb drejt\u00ebsi q\u00eb sh\u00ebrben si fshes\u00eb propagandistike e Ram\u00ebs dhe qeverisjes s\u00eb tij?<\/p>\n<p>Fakti q\u00eb kjo u fsheh dhe ne nuk kemi p\u00ebrgjigje nga drejt\u00ebsia e vendit ton\u00eb pse u fsheh, e njollos keq k\u00ebt\u00eb lloj drejt\u00ebsie q\u00eb nga prokuroria e Olsi \u00c7el\u00ebs e deri tek SPAK-u i Altin Dumanit.<\/p>\n<p>N\u00eb raport me SPAK, Rama \u00ebsht\u00eb padron i fakteve dhe i kalendarit. Duket qart\u00eb q\u00eb nga detyrimi p\u00ebr dor\u00ebheqje e Lefter Kok\u00ebs e deri sot Edi Rama p\u00ebrcakton kalendarin e SPAK. Ai \u00ebsht\u00eb n\u00eb dijeni t\u00eb ngjarjeve, \u00ebsht\u00eb i paralajm\u00ebruar p\u00ebr to dhe nuk ka m\u00eb skrupuj p\u00ebr ti shpallur publikisht ato dhe p\u00ebr t\u00eb treguar se ai \u00ebsht\u00eb padroni i SPAK se ai e krijoj sic thot ai r\u00ebndomt.<\/p>\n<p>SPAK ka krijuar besimtar\u00eb t\u00eb religjionit SPAK, por po ti hysh analiz\u00ebs rezulton e kund\u00ebrta. M\u00eb thoni nj\u00eb dosje ku SPAK e ka zbardhur nga fillimi n\u00eb fund, si \u00ebsht\u00eb vjedhur, si \u00ebsht\u00eb kryer krimi, p\u00ebrmendi incenerator\u00ebt, Xibrak\u00ebn, vet\u00ebm m\u00eb thoni nj\u00ebher\u00eb se k\u00eb dosje ka zbardhur nga kreu deri n\u00eb fund.<\/p>\n<p>K\u00ebt\u00eb p\u00ebrgjigje e k\u00ebrkoj prej m\u00eb shum\u00eb se nj\u00eb viti dhe skam marr\u00eb asnj\u00eb p\u00ebrgjigje\u2026<\/p>\n<p>Negociatat p\u00ebr \u00e7\u00ebshtjen Veliaj nuk \u00ebsht\u00eb n\u00eb zhvillim por ka p\u00ebrfundur. Edi Rama ka pranuar q\u00eb Veliajn mund ta shes\u00eb po mund ta \u00e7oj dhe p\u00ebr dhjam qeni. Negociata \u00ebsht\u00eb, jo p\u00ebr t\u00eb njejtat vepra q\u00eb Veliaj ka m\u00ebkatuar s\u00ebbashku me Ram\u00ebn. Dhe Veliaj do shkoj\u00eb si nj\u00eb njeri q\u00eb ka zbatuar alibin\u00eb e Ram\u00ebs. N\u00ebqoft\u00ebse shohim hapat e intensifikimeve drejt Veliajt e gjitha po p\u00ebrmblidhet as p\u00ebr 5D as p\u00ebr incenerator\u00ebt por \u00e7far\u00eb ka quar nga lejet e nd\u00ebrtimit q\u00eb i ka dh\u00ebn\u00eb Abdyl\u00ebs n\u00eb sht\u00ebpin\u00eb e Ajol\u00ebs.<\/p>\n<p>Pra \u00e7far\u00eb ka vjedhur pa lejen e organizat\u00ebs. Tendenca dhe negociata \u00ebsht\u00eb q\u00eb po e shit\u00ebm Veliajn ta shesim si nj\u00eb hajdut ordiner dhe jo si pjes e makineris\u00eb kriminale t\u00eb rilindjes.<\/p>\n<p>Ky pakt \u00ebsht\u00eb b\u00ebr\u00eb mes SPAK dhe Ram\u00ebs.<\/p>\n","protected":false},"excerpt":{"rendered":"<p>Analisti Andi Bushati, ka deklaruar se Rama \u00ebsht\u00eb ai q\u00eb ka marr\u00eb n\u00eb pushtet SPAK-un, ku hoqi emrin e v\u00ebllat t\u00eb tij Olsi Ram\u00ebs nga \u00e7do dosje e prokuroris\u00eb dhe se Veliajn po e heton jo p\u00ebr vjedhjet me 5D apo incenerator\u00ebt por p\u00ebr vjedhje q\u00eb i ka kryer jasht\u00eb makineris\u00eb kriminale t\u00eb rilindjes. I &hellip;<\/p>\n","protected":false},"author":4,"featured_media":75021,"comment_status":"closed","ping_status":"closed","sticky":false,"template":"","format":"standard","meta":{"footnotes":""},"categories":[37],"tags":[],"class_list":["post-101043","post","type-post","status-publish","format-standard","has-post-thumbnail","","category-politike"],"_links":{"self":[{"href":"https:\/\/rdnews.al\/index.php\/wp-json\/wp\/v2\/posts\/101043","targetHints":{"allow":["GET"]}}],"collection":[{"href":"https:\/\/rdnews.al\/index.php\/wp-json\/wp\/v2\/posts"}],"about":[{"href":"https:\/\/rdnews.al\/index.php\/wp-json\/wp\/v2\/types\/post"}],"author":[{"embeddable":true,"href":"https:\/\/rdnews.al\/index.php\/wp-json\/wp\/v2\/users\/4"}],"replies":[{"embeddable":true,"href":"https:\/\/rdnews.al\/index.php\/wp-json\/wp\/v2\/comments?post=101043"}],"version-history":[{"count":1,"href":"https:\/\/rdnews.al\/index.php\/wp-json\/wp\/v2\/posts\/101043\/revisions"}],"predecessor-version":[{"id":101044,"href":"https:\/\/rdnews.al\/index.php\/wp-json\/wp\/v2\/posts\/101043\/revisions\/101044"}],"wp:featuredmedia":[{"embeddable":true,"href":"https:\/\/rdnews.al\/index.php\/wp-json\/wp\/v2\/media\/75021"}],"wp:attachment":[{"href":"https:\/\/rdnews.al\/index.php\/wp-json\/wp\/v2\/media?parent=101043"}],"wp:term":[{"taxonomy":"category","embeddable":true,"href":"https:\/\/rdnews.al\/index.php\/wp-json\/wp\/v2\/categories?post=101043"},{"taxonomy":"post_tag","embeddable":true,"href":"https:\/\/rdnews.al\/index.php\/wp-json\/wp\/v2\/tags?post=101043"}],"curies":[{"name":"wp","href":"https:\/\/api.w.org\/{rel}","templated":true}]}}