{"id":101045,"date":"2025-01-10T20:44:30","date_gmt":"2025-01-10T20:44:30","guid":{"rendered":"https:\/\/rdnews.al\/?p=101045"},"modified":"2025-01-10T20:47:15","modified_gmt":"2025-01-10T20:47:15","slug":"kusheriri-i-sektit-rama-prefekt-ne-vlore","status":"publish","type":"post","link":"https:\/\/rdnews.al\/index.php\/2025\/01\/10\/kusheriri-i-sektit-rama-prefekt-ne-vlore\/","title":{"rendered":"Kush\u00ebriri i sektit Rama &#8211; Prefekt n\u00eb Vlor\u00eb!"},"content":{"rendered":"<p><strong>Deklarat\u00eb e Partis\u00eb Demokratike Vlor\u00eb,<\/strong><br \/>\n<strong>nga Sekretari Funksional p\u00ebr transparenc\u00ebn dhe luft\u00ebn kund\u00ebr korrupsionit z.Rezenbrik Serjani\u00a0<\/strong><\/p>\n<p>P\u00ebrsh\u00ebndetje,<br \/>\nJam k\u00ebtu n\u00eb em\u00ebr t\u00eb Partis Demokratike Vlor\u00eb, p\u00ebr t&#8217;u qart\u00ebsuar vlonjat\u00ebve pse Rama vendosi nj\u00eb<br \/>\nprefekt-kush\u00ebri n\u00eb krye t\u00eb Prefektur\u00ebs s\u00eb Qarkut Vlor\u00eb?<br \/>\nDit\u00ebn e djeshme, sekti Rama bekon Prefektin e ri t\u00eb Vlor\u00ebs.<br \/>\nKush \u00ebsht\u00eb Prefekti i ri, q\u00eb si zakonisht, Rama e ka p\u00ebr zakon t\u00eb sjell\u00eb njer\u00ebz e individ\u00eb q\u00eb Vlor\u00ebn e kan\u00eb par\u00eb t\u00ebr\u00eb koh\u00ebs me dylbi dhe e kan\u00eb shkelur at\u00eb n\u00eb dit\u00ebt e saj me diell, p\u00ebr t\u00eb b\u00ebr\u00eb plazh e pushime gushti?!<br \/>\nPrefekti i sapo bekuar nga vet Rama, nuk \u00ebsht\u00eb gi\u00eb tjet\u00ebr, thjesht se ni\u00eb ushtar-kush\u00ebri, nj\u00eb diplomat mediok\u00ebr e I d\u00ebshtuar, q\u00eb ai e em\u00ebron p\u00ebr t\u00eb konturuar e cimentuar linjat e sektit t\u00eb tij, q\u00eb tash e 11 vite e ka kthyer n\u00eb sistem.<br \/>\nRama p\u00ebrvec se tallet me Qarkun e Vlor\u00ebs duke sjell\u00eb individ\u00eb t\u00eb k\u00ebtill\u00eb q\u00eb nuk kan\u00eb asnj\u00eb lidhje me Qarkun Vlor\u00eb, n\u00eb t\u00eb cil\u00ebn p\u00ebrfshihen dhjetra komunitete, t\u00eb cilat Rama dhe sekti i tij ua kan\u00eb v\u00ebshtir\u00ebsuar e p\u00ebrkeq\u00ebsuar jetes\u00ebn.<br \/>\nAkoma m\u00eb tej, me em\u00ebrimin e prefektit-kush\u00ebri, Rama p\u00ebrbuz edhe ata pak socialist\u00eb q\u00eb ndoshta do i p\u00ebrshtateshin k\u00ebtij qyteti p\u00ebr k\u00ebt\u00eb pozicion, nj\u00ebsoj sic b\u00ebri me kryetarin aktual t\u00eb Bashkis\u00eb, ku koha na d\u00ebshmoi se njer\u00ebz t\u00eb k\u00ebtill\u00eb, t\u00eb importuar, q\u00eb nuk i lidh asgj\u00eb me lokalitetin, me Vlor\u00ebn, jan\u00eb kryek\u00ebput njer\u00ebz q\u00eb shp\u00ebrfaqin paaft\u00ebsi, moskok\u00ebcarje, keqmenaxhim.<br \/>\nMe k\u00ebt\u00eb prurje, nj\u00eb tjet\u00ebr institucion i r\u00ebnd\u00ebsish\u00ebm, sic \u00ebsht\u00eb Prefektuara e Qarkut Vlor\u00eb shk\u00ebputet nga zgjidhja e halleve t\u00eb Qarkut Vlor\u00eb dhe do jet\u00eb t\u00ebr\u00ebsisht n\u00eb sh\u00ebrbim t\u00eb interesave okulte t\u00eb Demonit Rama, q\u00eb p\u00ebr 12 vjet e ka n\u00ebp\u00ebrk\u00ebmbur, anatemuar, e b\u00ebr\u00eb c&#8217;ka dashur me k\u00ebt\u00eb qytet, me k\u00ebt\u00eb qark.<br \/>\nE c&#8217;mund t\u00eb pres\u00ebsh nga nje pseudo-analist, nga nje pseudo-gazetar, q\u00eb n\u00eb m\u00ebngjes merrte rrog\u00ebn n\u00eb administrat\u00eb dhe n\u00eb dark\u00eb shante njer\u00ebzit q\u00eb denonconin korrupsionin qeveritar?<br \/>\nNuk \u00ebsht\u00eb cudi q\u00eb misioni I tij I par\u00eb t\u00eb jet\u00eb vazhdimi I masakr\u00ebs mbi pronat n\u00eb jug, sidomos ato t\u00eb Himar\u00ebs.<br \/>\nAi \u00ebsht\u00eb thjesht se nj\u00eb ushtar i bindur q\u00eb nuk do jet\u00eb n\u00eb krah t\u00eb qytetar\u00ebve t\u00eb Qarkut Vlor\u00eb, n\u00eb krah t\u00eb komuniteteve q\u00eb kan\u00eb dhjetra halle e probleme, por do jet\u00eb ithtar I nj\u00eb sekti q\u00eb ka b\u00ebr\u00eb mij\u00ebra t\u00eb zeza kund\u00ebr Vlor\u00ebs, vlonjat\u00ebve e Qarkut Vlor\u00eb.<\/p>\n","protected":false},"excerpt":{"rendered":"<p>Deklarat\u00eb e Partis\u00eb Demokratike Vlor\u00eb, nga Sekretari Funksional p\u00ebr transparenc\u00ebn dhe luft\u00ebn kund\u00ebr korrupsionit z.Rezenbrik Serjani\u00a0 P\u00ebrsh\u00ebndetje, Jam k\u00ebtu n\u00eb em\u00ebr t\u00eb Partis Demokratike Vlor\u00eb, p\u00ebr t&#8217;u qart\u00ebsuar vlonjat\u00ebve pse Rama vendosi nj\u00eb prefekt-kush\u00ebri n\u00eb krye t\u00eb Prefektur\u00ebs s\u00eb Qarkut Vlor\u00eb? Dit\u00ebn e djeshme, sekti Rama bekon Prefektin e ri t\u00eb Vlor\u00ebs. Kush \u00ebsht\u00eb Prefekti &hellip;<\/p>\n","protected":false},"author":4,"featured_media":68552,"comment_status":"closed","ping_status":"closed","sticky":false,"template":"","format":"standard","meta":{"footnotes":""},"categories":[37],"tags":[],"class_list":["post-101045","post","type-post","status-publish","format-standard","has-post-thumbnail","","category-politike"],"_links":{"self":[{"href":"https:\/\/rdnews.al\/index.php\/wp-json\/wp\/v2\/posts\/101045","targetHints":{"allow":["GET"]}}],"collection":[{"href":"https:\/\/rdnews.al\/index.php\/wp-json\/wp\/v2\/posts"}],"about":[{"href":"https:\/\/rdnews.al\/index.php\/wp-json\/wp\/v2\/types\/post"}],"author":[{"embeddable":true,"href":"https:\/\/rdnews.al\/index.php\/wp-json\/wp\/v2\/users\/4"}],"replies":[{"embeddable":true,"href":"https:\/\/rdnews.al\/index.php\/wp-json\/wp\/v2\/comments?post=101045"}],"version-history":[{"count":2,"href":"https:\/\/rdnews.al\/index.php\/wp-json\/wp\/v2\/posts\/101045\/revisions"}],"predecessor-version":[{"id":101047,"href":"https:\/\/rdnews.al\/index.php\/wp-json\/wp\/v2\/posts\/101045\/revisions\/101047"}],"wp:featuredmedia":[{"embeddable":true,"href":"https:\/\/rdnews.al\/index.php\/wp-json\/wp\/v2\/media\/68552"}],"wp:attachment":[{"href":"https:\/\/rdnews.al\/index.php\/wp-json\/wp\/v2\/media?parent=101045"}],"wp:term":[{"taxonomy":"category","embeddable":true,"href":"https:\/\/rdnews.al\/index.php\/wp-json\/wp\/v2\/categories?post=101045"},{"taxonomy":"post_tag","embeddable":true,"href":"https:\/\/rdnews.al\/index.php\/wp-json\/wp\/v2\/tags?post=101045"}],"curies":[{"name":"wp","href":"https:\/\/api.w.org\/{rel}","templated":true}]}}