{"id":101048,"date":"2025-01-10T20:55:07","date_gmt":"2025-01-10T20:55:07","guid":{"rendered":"https:\/\/rdnews.al\/?p=101048"},"modified":"2025-01-10T20:55:07","modified_gmt":"2025-01-10T20:55:07","slug":"bardhi-i-pergjigjet-spak-per-olsi-ramen-qesharake-qe-betoheni-para-rames-e-verteta-do-te-dale","status":"publish","type":"post","link":"https:\/\/rdnews.al\/index.php\/2025\/01\/10\/bardhi-i-pergjigjet-spak-per-olsi-ramen-qesharake-qe-betoheni-para-rames-e-verteta-do-te-dale\/","title":{"rendered":"Bardhi i p\u00ebrgjigjet SPAK p\u00ebr Olsi Ram\u00ebn: Qesharak\u00eb q\u00eb betoheni para Ram\u00ebs, e v\u00ebrteta do t\u00eb dal\u00eb"},"content":{"rendered":"<p>\u201cNuk i besova syve me at\u00eb q\u00eb lexova. Hetimet kan\u00eb p\u00ebrfunduar, por nuk kan\u00eb p\u00ebrfunduar. Ky ishte thelbi i atij njoftimi qesharak t\u00eb prokuroris\u00eb, q\u00eb e kam paralajm\u00ebruar q\u00eb dit\u00ebn e par\u00eb kur kam denoncuar me fakte dhe t\u00eb dh\u00ebna konkrete dyshimin e arsyesh\u00ebm t\u00eb p\u00ebrfshirjes s\u00eb mundshme t\u00eb v\u00ebllait t\u00eb kryeministrit, Olsi Rama n\u00eb \u00e7\u00ebshtjen e laboratorit t\u00eb Xibrak\u00ebs. Prokuroria njofton se kishte p\u00ebrfunduar hetimet p\u00ebr dosjen n\u00eb fjalin\u00eb e par\u00eb, por n\u00eb fjalin\u00eb e pest\u00eb thoshte se kam pezulluar hetimet dhe kam d\u00ebrguar dosjen e plot\u00eb q\u00eb polica e shtetit t\u00eb b\u00ebj\u00eb p\u00ebrpjekje p\u00ebr t\u00eb identifikuar at\u00eb q\u00eb ka fshehur para 10 vitesh. E v\u00ebrteta \u00ebsht\u00eb krejt ndryshe, prokuroria as nuk ka hetuar dhe as nuk ka kryer asnj\u00eb veprim hetimor, p\u00ebr t\u00eb zbuluar t\u00eb v\u00ebrtet\u00ebn. Prokuroria q\u00eb v\u00eb dor\u00ebn n\u00eb zjarr q\u00eb Olsi Rama nuk \u00ebsht\u00eb i p\u00ebrfshir\u00eb n\u00eb aktivitet kriminal, deklaron vet\u00eb se e ka t\u00eb pamundur p\u00ebr t\u00eb identifikuar personat e p\u00ebrfshir\u00eb por deri tashm\u00eb t\u00eb paidentifikuar. Dhe njoftimi se nj\u00ebri nuk \u00ebsht\u00eb, po ne nuk e dim\u00eb kush jan\u00eb, \u00ebsht\u00eb logjika q\u00eb p\u00ebrdori para 10 vitesh policia e shtetit duke na th\u00ebn\u00eb t\u00eb gjith\u00ebve se kishte arritur t\u00eb identifikonte mosh\u00ebn e personit, konkrete, 45-vje\u00e7, por nuk i gjente dot emrin. A u thirr Taulant Balla n\u00eb Prokurori p\u00ebr deklarat\u00ebn q\u00eb b\u00ebri nv Parlament se kishte dijeni p\u00ebr personin n\u00eb fjal\u00eb?<\/p>\n<p>I kuptoj prokuror\u00ebt e SPAK se ndihen t\u00eb k\u00ebrc\u00ebnuar, t\u00eb intimiduar, t\u00eb pafuqish\u00ebm p\u00ebrball\u00eb pushtetit t\u00eb Ram\u00ebs, por nuk kan\u00eb asnj\u00eb arsye p\u00ebr tu b\u00ebr\u00eb qesharak\u00eb dhe p\u00ebr t\u00eb na kthyer t\u00eb gjith\u00ebve n\u00eb memorie se t\u00eb b\u00ebrit qesharak\u00eb n\u00eb fakt e kan\u00eb metod\u00eb t\u00eb pun\u00ebs s\u00eb tyre. Shqiptar\u00ebt e mbajn\u00eb mend, q\u00eb i nj\u00ebjti prokuror, Alfred Shehu para 4 vitesh doli me z\u00eb e figur\u00eb dhe i tha shqiptar\u00ebve se n\u00eb ngjarjen p\u00ebr zgjedhjet n\u00eb Elbasan, nuk u gjet\u00ebn materiale zgjedhore, nxitimi p\u00ebr t\u00eb amnistuar band\u00ebn n\u00eb pushet hasi n\u00eb kund\u00ebrshtimin e vetes vet\u00ebm kur tre dit\u00eb m\u00eb von\u00eb n\u00eb gjykat\u00eb deklaroi q\u00eb po, n\u00eb makin\u00eb u gjet\u00ebn materiale zgjedhore. N\u00eb k\u00ebto kushte duke rip\u00ebrs\u00ebritur pas 4 vitesh veten, skam asnj\u00eb mesazh m\u00eb shum\u00eb ve\u00e7se p\u00ebr t\u00eb ndjer\u00eb keqardhje se p\u00ebr shkak t\u00eb presionit, t\u00eb nd\u00ebrhyrjes, p\u00ebr shkak t\u00eb intmidimit, prokuror\u00ebt jo vet\u00ebm nuk tregohen profesional\u00eb, por detyrohen t\u00eb kthehen n\u00eb qesharak\u00eb. Betoheni para Ram\u00ebs, por v\u00ebrteta do t\u00eb vonoj\u00eb, por do t\u00eb dal\u00eb\u201d, u shpreh Bardhi.<\/p>\n","protected":false},"excerpt":{"rendered":"<p>\u201cNuk i besova syve me at\u00eb q\u00eb lexova. Hetimet kan\u00eb p\u00ebrfunduar, por nuk kan\u00eb p\u00ebrfunduar. Ky ishte thelbi i atij njoftimi qesharak t\u00eb prokuroris\u00eb, q\u00eb e kam paralajm\u00ebruar q\u00eb dit\u00ebn e par\u00eb kur kam denoncuar me fakte dhe t\u00eb dh\u00ebna konkrete dyshimin e arsyesh\u00ebm t\u00eb p\u00ebrfshirjes s\u00eb mundshme t\u00eb v\u00ebllait t\u00eb kryeministrit, Olsi Rama n\u00eb &hellip;<\/p>\n","protected":false},"author":3,"featured_media":101050,"comment_status":"closed","ping_status":"closed","sticky":false,"template":"","format":"standard","meta":{"footnotes":""},"categories":[37],"tags":[],"class_list":["post-101048","post","type-post","status-publish","format-standard","has-post-thumbnail","","category-politike"],"_links":{"self":[{"href":"https:\/\/rdnews.al\/index.php\/wp-json\/wp\/v2\/posts\/101048","targetHints":{"allow":["GET"]}}],"collection":[{"href":"https:\/\/rdnews.al\/index.php\/wp-json\/wp\/v2\/posts"}],"about":[{"href":"https:\/\/rdnews.al\/index.php\/wp-json\/wp\/v2\/types\/post"}],"author":[{"embeddable":true,"href":"https:\/\/rdnews.al\/index.php\/wp-json\/wp\/v2\/users\/3"}],"replies":[{"embeddable":true,"href":"https:\/\/rdnews.al\/index.php\/wp-json\/wp\/v2\/comments?post=101048"}],"version-history":[{"count":1,"href":"https:\/\/rdnews.al\/index.php\/wp-json\/wp\/v2\/posts\/101048\/revisions"}],"predecessor-version":[{"id":101051,"href":"https:\/\/rdnews.al\/index.php\/wp-json\/wp\/v2\/posts\/101048\/revisions\/101051"}],"wp:featuredmedia":[{"embeddable":true,"href":"https:\/\/rdnews.al\/index.php\/wp-json\/wp\/v2\/media\/101050"}],"wp:attachment":[{"href":"https:\/\/rdnews.al\/index.php\/wp-json\/wp\/v2\/media?parent=101048"}],"wp:term":[{"taxonomy":"category","embeddable":true,"href":"https:\/\/rdnews.al\/index.php\/wp-json\/wp\/v2\/categories?post=101048"},{"taxonomy":"post_tag","embeddable":true,"href":"https:\/\/rdnews.al\/index.php\/wp-json\/wp\/v2\/tags?post=101048"}],"curies":[{"name":"wp","href":"https:\/\/api.w.org\/{rel}","templated":true}]}}