{"id":101053,"date":"2025-01-10T21:02:53","date_gmt":"2025-01-10T21:02:53","guid":{"rendered":"https:\/\/rdnews.al\/?p=101053"},"modified":"2025-01-10T21:04:01","modified_gmt":"2025-01-10T21:04:01","slug":"groenlanda-pjese-e-shba-kryeministri-i-groenlandes-i-gatshem-per-bisedime-me-trump","status":"publish","type":"post","link":"https:\/\/rdnews.al\/index.php\/2025\/01\/10\/groenlanda-pjese-e-shba-kryeministri-i-groenlandes-i-gatshem-per-bisedime-me-trump\/","title":{"rendered":"Groenlanda pjes\u00eb e SHBA, Kryeministri i Groenland\u00ebs i gatsh\u00ebm p\u00ebr bisedime me Trump"},"content":{"rendered":"<p>Kryeministri i Groenland\u00ebs Mute Egede tha t\u00eb premten se ishte i gatsh\u00ebm t\u00eb fliste me presidentin e zgjedhur t\u00eb SHBA-s\u00eb, Donald Trump, i cili ka th\u00ebn\u00eb se d\u00ebshiron kontroll mbi ishullin Arktik dhe k\u00ebrkoi respekt p\u00ebr aspiratat e pavar\u00ebsis\u00eb s\u00eb ishullit.<\/p>\n<p>Trump, i cili merr detyr\u00ebn m\u00eb 20 janar, e ka p\u00ebrshkruar kontrollin amerikan t\u00eb Grenland\u00ebs, nj\u00eb territor gjysm\u00eb autonom danez, si nj\u00eb \u201cdomosdoshm\u00ebri absolute\u201d. Ai nuk hodhi posht\u00eb p\u00ebrdorimin e mundsh\u00ebm t\u00eb mjeteve ushtarake ose ekonomike , duke p\u00ebrfshir\u00eb tarifat kund\u00ebr Danimark\u00ebs.<\/p>\n<p>N\u00eb nj\u00eb konferenc\u00eb p\u00ebr shtyp n\u00eb Kopenhagen, kur u pyet n\u00ebse kishte pasur kontakt me Trump, Egede u p\u00ebrgjigj: \u201cJo, por ne jemi gati t\u00eb flasim\u201d.<\/p>\n<p>Kryeministrja daneze Mette Frederiksen, e cila gjithashtu foli n\u00eb konferenc\u00ebn p\u00ebr shtyp, tha t\u00eb enjten se kishte k\u00ebrkuar nj\u00eb takim me Trump, por nuk priste q\u00eb kjo t\u00eb ndodhte p\u00ebrpara inaugurimit t\u00eb tij.<\/p>\n<p>Groenlanda, sht\u00ebpia e 57,000 njer\u00ebzve, ishte nj\u00eb koloni daneze deri n\u00eb vitin 1953, por tani \u00ebsht\u00eb nj\u00eb territor danez vet\u00ebqeveris\u00ebs. N\u00eb vitin 2009, ajo siguroi t\u00eb drejt\u00ebn p\u00ebr t\u00eb k\u00ebrkuar pavar\u00ebsin\u00eb me votim.<\/p>\n<p>SHBA mban nj\u00eb baz\u00eb ushtarake n\u00eb pjes\u00ebn veriore t\u00eb territorit t\u00eb r\u00ebnd\u00ebsish\u00ebm strategjik. Egede theksoi aspiratat e Groenland\u00ebs, duke th\u00ebn\u00eb: \u201cNe kemi nj\u00eb d\u00ebshir\u00eb p\u00ebr pavar\u00ebsi, nj\u00eb d\u00ebshir\u00eb p\u00ebr t\u00eb qen\u00eb zot i sht\u00ebpis\u00eb son\u00eb. Kjo \u00ebsht\u00eb di\u00e7ka q\u00eb t\u00eb gjith\u00eb duhet ta respektojn\u00eb.\u201d<\/p>\n<p>\u201cPor kjo nuk do t\u00eb thot\u00eb se ne po nd\u00ebrpresim t\u00eb gjitha lidhjet, t\u00eb gjith\u00eb bashk\u00ebpunimin dhe t\u00eb gjitha marr\u00ebdh\u00ebniet me Danimark\u00ebn,\u201d tha ai.<\/p>\n<p>Nj\u00eb l\u00ebvizje p\u00ebr pavar\u00ebsi ka marr\u00eb vrull vitet e fundit, t\u00eb cil\u00ebn Egede e diskutoi n\u00eb fjalimin e tij t\u00eb vitit t\u00eb ri.<\/p>\n","protected":false},"excerpt":{"rendered":"<p>Kryeministri i Groenland\u00ebs Mute Egede tha t\u00eb premten se ishte i gatsh\u00ebm t\u00eb fliste me presidentin e zgjedhur t\u00eb SHBA-s\u00eb, Donald Trump, i cili ka th\u00ebn\u00eb se d\u00ebshiron kontroll mbi ishullin Arktik dhe k\u00ebrkoi respekt p\u00ebr aspiratat e pavar\u00ebsis\u00eb s\u00eb ishullit. Trump, i cili merr detyr\u00ebn m\u00eb 20 janar, e ka p\u00ebrshkruar kontrollin amerikan t\u00eb &hellip;<\/p>\n","protected":false},"author":3,"featured_media":101057,"comment_status":"closed","ping_status":"closed","sticky":false,"template":"","format":"standard","meta":{"footnotes":""},"categories":[38],"tags":[],"class_list":["post-101053","post","type-post","status-publish","format-standard","has-post-thumbnail","","category-bota"],"_links":{"self":[{"href":"https:\/\/rdnews.al\/index.php\/wp-json\/wp\/v2\/posts\/101053","targetHints":{"allow":["GET"]}}],"collection":[{"href":"https:\/\/rdnews.al\/index.php\/wp-json\/wp\/v2\/posts"}],"about":[{"href":"https:\/\/rdnews.al\/index.php\/wp-json\/wp\/v2\/types\/post"}],"author":[{"embeddable":true,"href":"https:\/\/rdnews.al\/index.php\/wp-json\/wp\/v2\/users\/3"}],"replies":[{"embeddable":true,"href":"https:\/\/rdnews.al\/index.php\/wp-json\/wp\/v2\/comments?post=101053"}],"version-history":[{"count":2,"href":"https:\/\/rdnews.al\/index.php\/wp-json\/wp\/v2\/posts\/101053\/revisions"}],"predecessor-version":[{"id":101059,"href":"https:\/\/rdnews.al\/index.php\/wp-json\/wp\/v2\/posts\/101053\/revisions\/101059"}],"wp:featuredmedia":[{"embeddable":true,"href":"https:\/\/rdnews.al\/index.php\/wp-json\/wp\/v2\/media\/101057"}],"wp:attachment":[{"href":"https:\/\/rdnews.al\/index.php\/wp-json\/wp\/v2\/media?parent=101053"}],"wp:term":[{"taxonomy":"category","embeddable":true,"href":"https:\/\/rdnews.al\/index.php\/wp-json\/wp\/v2\/categories?post=101053"},{"taxonomy":"post_tag","embeddable":true,"href":"https:\/\/rdnews.al\/index.php\/wp-json\/wp\/v2\/tags?post=101053"}],"curies":[{"name":"wp","href":"https:\/\/api.w.org\/{rel}","templated":true}]}}