{"id":101084,"date":"2025-01-11T10:58:57","date_gmt":"2025-01-11T10:58:57","guid":{"rendered":"https:\/\/rdnews.al\/?p=101084"},"modified":"2025-01-11T11:00:00","modified_gmt":"2025-01-11T11:00:00","slug":"turinjte-e-varur-te-rama-qeverise-dhe-garancite-qe-jep-opozita","status":"publish","type":"post","link":"https:\/\/rdnews.al\/index.php\/2025\/01\/11\/turinjte-e-varur-te-rama-qeverise-dhe-garancite-qe-jep-opozita\/","title":{"rendered":"Let\u00ebr nga qelia 6\/ Turinjt\u00eb e varur t\u00eb Rama-qeveris\u00eb dhe garancit\u00eb q\u00eb jep Opozita"},"content":{"rendered":"<p><strong>Nga\u00a0Ervin S<\/strong><strong>ALIANJI<\/strong><\/p>\n<p>Shpallja nga Ministria e Brendshme se jan\u00eb mbi 3.7 milion\u00eb votues p\u00ebr zgjedhjet e ardhshme dhe nisja e pun\u00ebs me listen q\u0113 zyrtarisht do t\u00eb afishohet n\u00eb mars, pas regjistrimit t\u00eb emigrant\u00ebve apo ankesave t\u00eb ndryshme, \u00ebsht\u00eb si t\u00eb thuash nisja dhe nga ana zyrtare dhe burokratike e fushat\u00ebs<\/p>\n<p>Nga sa mund t\u00eb informohemi n\u00eb burgun e Fierit, dhe asaj q\u00eb ndjehet n\u00eb ajer kemi nj\u00eb qeveri e kryeminist\u00ebr q\u00eb po shkojn\u00eb drejt 11 Majit, t\u00eb ngrysur e pa humor, dhe nga ana tjet\u00ebr nj\u00eb Opozit\u00eb m\u00eb t\u00eb \u00e7elur, m\u00eb t\u00eb gjalleruar m\u00eb entuziaste.<\/p>\n<p>Fakti q\u00eb Rama e qeveria duken t\u00eb ngrysur, t\u00eb lodhur, por t\u00eb pangopur p\u00ear t\u2019i v\u00ebn\u00eb kazm\u00ebn Ship\u00ebris\u00eb\u00a0 po punon me kapjen, patronazhimin e vot\u00ebs edhe n\u00eb diaspor\u00eb! Turinjt\u00eb e varur t\u00eb qeveris\u00eb kan\u00eb t\u00eb b\u00ebjn\u00eb me konsumin nga pushteti i sterzgjatur, nga mungesa e ideve dhe vizionit. Kan\u00eb t\u00eb b\u00ebjn\u00eb me pakenaq\u00ebsin\u00eb e madhe tek njer\u00ebzit, prej varferis\u00eb e korrupsionit. Si dhe nga problemet e thella te brendshme mes tyre. E po ashtu, nga nj\u00eb lloj parehatie q\u00eb vjen prej shqet\u00ebsimit se ku do t\u00eb bjere zilja e radh\u00ebs, n\u00eb cilen der\u00eb abuzuesi a zyrtari t\u00eb lart\u00eb t\u00eb kapur n\u00eb afera, a lidhje me krimin.<\/p>\n<p>Duket qart\u00eb q\u00eb Rama nuk ka asgje tjet\u00ebr p\u00ebr t\u00eb th\u00ebn\u00eb perve\u00e7 \u201csuksesit\u201d me turizmin, q\u00eb ende nuk dihet sa e ka ndihmuar jeten e qytetarit t\u00eb zakonshem.<\/p>\n<p>Ndaj ai kerkon t\u00eb asociohet me kodra t\u00eb bukura, me male t\u00eb thepisura, me lugina e mjegull, apo ndonj\u00eb debor\u00eb andej kendej. A thua se ai \u00ebsht\u00eb krijuesi i kesaj mrekullie. A thua se shqiptaret kan\u00eb mendjen e Spiropalit dhe besojn\u00eb se skenderbeu i saj ka fuqi mbinatyrore, p\u00ebr t\u00eb\u00a0 formesuar relieve e dukuri meteorologjike.<\/p>\n<p>Eshte ironike se si ai i ben jehone nj\u00eb shkrimi t\u00eb Bild p\u00ebr turizmin ketu tek ne, dhe kjo del n\u00eb gjith\u00eb ekranet e portalet, ndersa pak koh\u00eb m\u00eb par\u0113, nj\u00eb artikull i t\u00eb njejtes media q\u00eb fliste p\u00ebr lidhjet e qeveris\u00eb me krimin qarkullonte si material i fsheht\u00eb, pasi pjesa m\u00eb e madhe e shtypit nuk e pasqyroi, e aq m\u00eb pak reagoi qeveria.<\/p>\n<p>Edi Rama po thot\u00eb m\u00eb jepni mandatin e kat\u00ebrt sepse Vabona \u00ebsht\u00eb mahnit\u00ebse, se Palasa ka uj\u00eb t\u00eb kulluar dhe se Ksamili i ngjan Maldiveve.<\/p>\n<p>Duke tentuar me k\u00ebt\u00eb rast t\u00eb mbuloj\u00eb me k\u00ebt\u00eb fasad\u0113 gjith\u00eb zullumin e madh 12 vje\u00e7ar, financiar e t\u00eb lidhjeve me bandat e trafikant\u00ebt nderkombetar t\u00eb drog\u00ebs, nj\u00eb prej t\u00eb cil\u00ebve denoncova un\u00eb n\u00eb konferenc\u00eb p\u00ebr shtyp. Lidhjet e atij q\u00eb un\u00eb denoncoca ishin shum\u00eb speciale, qe vellai i Ministrit t\u00eb Brendsh\u00ebm. Ky i fundit m\u00eb s\u00eb shumti prej lidhjeve me bandat do ofroj\u00eb dhe mir\u00ebqeverisje n\u00eb Parlament, ndersa disa mjerane n\u00eb gjykat\u00eb u vendos\u00ebn n\u00eb dispozicion t\u00eb inatit kryeministror pasi i prisha komoditetin me publikimin me fakte t\u00eb lidhjeveme krimit e korrupsionin masiv t\u00eb qeveris\u00eb!<\/p>\n<p>Opozita dhe miqt\u00eb e mi demokrat\u00eb nuk kan\u00eb asnj\u00eb arsye p\u00ebr t\u00eb kaluar n\u00eb eufori dhe e di se nuk do ta bejne. Pakenaqesia deri n\u00eb revolt\u00eb ndaj qeveris\u00eb asnj\u00ebhere nuk mjafton p\u00ebr t\u00eb sjell\u00eb ndryshimin. Njerezit jan\u00eb t\u00eb zhgenjyer nga politika dhe duhet punuar shum\u00eb p\u00ebr t\u00eb ndertuar nj\u00eb besim t\u00eb ri. Qytetar\u00eat kan\u00eb nevoj\u00eb p\u00ebr garaci q\u00eb i kan\u00eb humbur n\u00eb k\u00ebto 12 vite.<\/p>\n<p>Un\u00eb jam dakort sigurisht q\u00eb eventet e dhjetorit t\u00eb kremtohen pasi lidhen me motin e lindjes s\u00eb forces ton\u00eb politike. Apo edhe te janarit. Por ama nuk jemi n\u00eb kushtet p\u00ebr t\u00eb inaguruar e qendruar gjat\u00eb n\u00eb muzeun ton\u00eb, pasi koha nuk pret. Sigurisht k\u00ebto momente kan\u00eb t\u00eb bejne me identitetin dhe tiparet tona ideologjike, e kan\u00eb rendesin\u00ea e tyre. Por qytetar\u00ebt kan\u00eb halle t\u00eb tjera. Dhe \u00e7do dit\u00eb larg tyre, do t\u00eb ishte nj\u00eb dit\u00eb e \u00e7uar dem.<\/p>\n<p>Ndaj fokusi duhet t\u00eb jet\u00eb i qart\u00eb, ekonomia. Dhe garancit\u00eb q\u00eb shqiptar\u00eat duan se nj\u00eb qeverisje e keqe, me korrupsion e krim si kjo e 3 mandateve t\u00eb fundit, s\u2019do t\u00eb ndodh\u00eb.<\/p>\n","protected":false},"excerpt":{"rendered":"<p>Nga\u00a0Ervin SALIANJI Shpallja nga Ministria e Brendshme se jan\u00eb mbi 3.7 milion\u00eb votues p\u00ebr zgjedhjet e ardhshme dhe nisja e pun\u00ebs me listen q\u0113 zyrtarisht do t\u00eb afishohet n\u00eb mars, pas regjistrimit t\u00eb emigrant\u00ebve apo ankesave t\u00eb ndryshme, \u00ebsht\u00eb si t\u00eb thuash nisja dhe nga ana zyrtare dhe burokratike e fushat\u00ebs Nga sa mund t\u00eb &hellip;<\/p>\n","protected":false},"author":4,"featured_media":101085,"comment_status":"closed","ping_status":"closed","sticky":false,"template":"","format":"standard","meta":{"footnotes":""},"categories":[37],"tags":[],"class_list":["post-101084","post","type-post","status-publish","format-standard","has-post-thumbnail","","category-politike"],"_links":{"self":[{"href":"https:\/\/rdnews.al\/index.php\/wp-json\/wp\/v2\/posts\/101084","targetHints":{"allow":["GET"]}}],"collection":[{"href":"https:\/\/rdnews.al\/index.php\/wp-json\/wp\/v2\/posts"}],"about":[{"href":"https:\/\/rdnews.al\/index.php\/wp-json\/wp\/v2\/types\/post"}],"author":[{"embeddable":true,"href":"https:\/\/rdnews.al\/index.php\/wp-json\/wp\/v2\/users\/4"}],"replies":[{"embeddable":true,"href":"https:\/\/rdnews.al\/index.php\/wp-json\/wp\/v2\/comments?post=101084"}],"version-history":[{"count":2,"href":"https:\/\/rdnews.al\/index.php\/wp-json\/wp\/v2\/posts\/101084\/revisions"}],"predecessor-version":[{"id":101087,"href":"https:\/\/rdnews.al\/index.php\/wp-json\/wp\/v2\/posts\/101084\/revisions\/101087"}],"wp:featuredmedia":[{"embeddable":true,"href":"https:\/\/rdnews.al\/index.php\/wp-json\/wp\/v2\/media\/101085"}],"wp:attachment":[{"href":"https:\/\/rdnews.al\/index.php\/wp-json\/wp\/v2\/media?parent=101084"}],"wp:term":[{"taxonomy":"category","embeddable":true,"href":"https:\/\/rdnews.al\/index.php\/wp-json\/wp\/v2\/categories?post=101084"},{"taxonomy":"post_tag","embeddable":true,"href":"https:\/\/rdnews.al\/index.php\/wp-json\/wp\/v2\/tags?post=101084"}],"curies":[{"name":"wp","href":"https:\/\/api.w.org\/{rel}","templated":true}]}}