{"id":101091,"date":"2025-01-11T12:24:35","date_gmt":"2025-01-11T12:24:35","guid":{"rendered":"https:\/\/rdnews.al\/?p=101091"},"modified":"2025-01-11T12:24:35","modified_gmt":"2025-01-11T12:24:35","slug":"berisha-edi-rama-dikton-personalisht-kush-do-marre-leje-parate-i-kane-baronet-shqiptare-te-dubait-dhe-amerikes-latine","status":"publish","type":"post","link":"https:\/\/rdnews.al\/index.php\/2025\/01\/11\/berisha-edi-rama-dikton-personalisht-kush-do-marre-leje-parate-i-kane-baronet-shqiptare-te-dubait-dhe-amerikes-latine\/","title":{"rendered":"Berisha: Edi Rama dikton personalisht kush do marr\u00eb leje, parat\u00eb i kan\u00eb baron\u00ebt shqiptar\u00eb t\u00eb Dubait dhe Amerik\u00ebs Latine"},"content":{"rendered":"<p>Kreu i Partis\u00eb Demokratike,\u00a0Sali Berisha, n\u00eb fjal\u00ebn e tij n\u00eb takimin me me aktivist\u00ebt dhe urbanist\u00ebt e qytetit t\u00eb Pogradecit tha se n\u00eb m\u00ebnyr\u00eb absolute Edi Rama personalisht dikton kush do marr\u00eb lejen, si do t\u00eb b\u00ebj\u00eb shpron\u00ebsimin, me k\u00eb do bisedoj\u00eb p\u00ebr shpron\u00ebsimin, ska r\u00ebnd\u00ebsi se nuk ka paret. Parat\u00eb i kan\u00eb baron\u00ebt e Dubait.<\/p>\n<p><strong> Berisha: <\/strong>UNESCO-ja q\u00eb vler\u00ebsoi Ohrin, qytetin, liqenin i vler\u00ebsoi me identitetin q\u00eb ky qytet i bekuar trash\u00ebgoi brez pas brezi, gjenerat\u00eb pas gjenerate. Dhe tani dalin mafioz dhe i nd\u00ebrtojn\u00eb kulla.I\u00a0 \u00a0 z\u00ebn\u00eb syt\u00eb.<\/p>\n<p>Makab\u00ebr \u00ebsht\u00eb projekti i Linit. Lini q\u00eb nga nj\u00eb an\u00eb themi vendbanimi m\u00eb i vjet\u00ebr i Europ\u00ebs, tani do ta kthejn\u00eb n\u00eb Linin e betonit.<\/p>\n<p>Nuk kan\u00eb m\u00ebshir\u00eb, mafia nuk ka atdhe, nuk ka moral, nuk njeh asnj\u00eb kufi. Ndodh dhe ndodhin k\u00ebto.<\/p>\n<p>E tha bukur Genti. Un\u00eb personalisht nuk jam kund\u00ebr kullave, e kam th\u00ebn\u00eb dhe e them. N\u00eb ato qytete ku kam qen\u00eb, shkoja n\u00eb ato zona ku ishin kullat dhe i shikoja me k\u00ebnaq\u00ebsi, por kurr\u00eb nuk firmosa p\u00ebr asnj\u00eb. Asnj\u00ebher\u00eb. Pse sepse n\u00ebse do t\u00eb nd\u00ebrtosh, shko gjej territorin, p\u00ebrcakto t\u00eb gjitha kushtet urbanistike q\u00eb ka, se t\u00eb nd\u00ebrtosh nj\u00eb kull\u00eb si\u00e7 ndodh n\u00eb Tiran\u00eb n\u00eb mes t\u00eb banesave, t\u00eb fus\u00eb aty 20 mij\u00eb banor\u00eb, i l\u00eb pa oksigjen ata n\u00eb radh\u00eb t\u00eb par\u00eb, p\u00ebrve\u00e7 probleme t\u00eb tjera q\u00eb krijon. Dhe nuk firmos\u00ebm asnj\u00eb.<\/p>\n<p>E nuk do t\u00eb firmos asnj\u00eb n\u00ebse nuk do t\u00eb zgjidhni ta z\u00ebm\u00eb nj\u00eb zon\u00eb, diku dhe ta zhvillojm\u00eb, t\u00eb b\u00ebjm\u00eb nj\u00eb zhvillim t\u00eb ri nga alfa. Dakord. Por k\u00ebtu asnj\u00eb. K\u00ebtu gjej nj\u00eb cop\u00eb tok\u00eb e ngul nj\u00eb kull\u00eb. Por e dini ju, k\u00ebtu n\u00eb m\u00ebnyr\u00eb absolute Edi Rama personalisht dikton kush do marr\u00eb lejen, si do t\u00eb b\u00ebj\u00eb shpron\u00ebsimin, me k\u00eb do bisedoj\u00eb p\u00ebr shpron\u00ebsimin, ska r\u00ebnd\u00ebsi se nuk ka paret. Parat\u00eb i kan\u00eb baron\u00ebt e Dubait dhe Amerik\u00ebs Latine, shqiptar\u00eb. Ti do jap\u00ebsh emrin, se ti je biznesmen dhe do t\u00eb vendos\u00ebsh emrin t\u00ebnd. Na duhesh. Parat\u00eb vijn\u00eb me kontejner. K\u00ebta q\u00eb u dalin zot nuk kan\u00eb asnj\u00eb fatur\u00eb bankare p\u00ebr to.<\/p>\n<p>Thash\u00eb, \u00ebsht\u00eb tryeza m\u00eb e ve\u00e7ant\u00eb q\u00eb t\u00eb arrij\u00eb Pogradeci, t\u00eb arrij\u00eb t\u00eb mendoj\u00eb t\u00eb\u00a0 shkat\u00ebrroj\u00eb identitetin e qytetit, i cili ka specifik\u00ebn m\u00eb t\u00eb madhe se \u00e7do qytet tjet\u00ebr.<\/p>\n<p>Asnj\u00eb qytet tjet\u00ebr nuk ka nj\u00eb liqen, si Pogradeci. Jo.<\/p>\n<p>E ka Shkodra, por e ka n\u00eb drejtim tjet\u00ebr. Kurse qyteti, bregu dhe gjoli jan\u00eb nj\u00eb vazhdim\u00ebsi e t\u00ebr\u00eb.<\/p>\n<p>UNESCO ju them un\u00eb ju, t\u00ebrhiqet. Le ti b\u00ebjm\u00eb ne peticion, por t\u00ebrhiqet. Bota \u00ebsht\u00eb e madhe. Dhe k\u00ebta duan t\u00eb t\u00ebrhiqet UNESCO, k\u00ebta nuk duan q\u00eb UNESCO ta ket\u00eb Pogradecin. Ju garantoj un\u00eb ju, sikund\u00ebr nuk duan ta ket\u00eb Butrintin. Duan ti ken\u00eb vet\u00eb mafia. Duan t\u00eb jen\u00eb miliardier\u00eb. Nuk ngopen kurr\u00eb.<\/p>\n<p>Ndaj dhe duhet ti b\u00ebjm\u00eb thirrje qytetar\u00ebve, t\u00eb mbrojn\u00eb k\u00ebt\u00eb qytet, t\u00eb bashkohen pavar\u00ebsisht \u00e7far\u00ebdolloj bindje, ti dalin zot qytetit q\u00eb e trash\u00ebguan si nj\u00eb mrekulli natyrore dhe tani do t\u00eb ua grabis\u00eb mafia.<\/p>\n<p>\u00c7far\u00eb do forme peticione, sigurisht ne do ti th\u00ebrrasim ne ata n\u00eb parlament, nuk ka diskutim. Por n\u00ebse ka person antikultur\u00eb, \u00ebsht\u00eb ajo q\u00eb drejton kultur\u00ebn sot. Nuk ka asgj\u00eb t\u00eb p\u00ebrbashk\u00ebt me kultur\u00ebn ajo. Ajo solli ligjin p\u00ebr d\u00ebmtimin e zonave. Njeriu q\u00eb le trash\u00ebgimi t\u00eb saj ligjin e shkat\u00ebrrimit t\u00eb zonave t\u00eb mbrojtura. Por prap ne do t\u00eb b\u00ebjm\u00eb pun\u00ebn ton\u00eb n\u00eb parlament, me k\u00ebta Neron\u00eb q\u00eb veprojn\u00eb n\u00eb k\u00ebt\u00eb m\u00ebnyr\u00eb.<\/p>\n<p>Qytetar\u00ebt jan\u00eb t\u00eb ftuar t\u00eb thon\u00eb fjal\u00ebn e tyre, pa asnj\u00eb lloj dallimi, por ata q\u00eb vijn\u00eb e b\u00ebjn\u00eb k\u00ebt\u00eb e shkonfigurojn\u00eb Pogradecin. \u00cbsht\u00eb jasht\u00ebzakonisht e dhimbshme.<\/p>\n<p>Para 1 jave po bisedoja me nj\u00eb bashk\u00ebpun\u00ebtor timin dhe ra puna e Pogradecit dhe i them, \u00ebsht\u00eb qyteti q\u00eb t\u00eb huaj preferoj\u00eb t\u00eb blejn\u00eb sht\u00ebpi dhe un\u00eb kam patur 3-4 miq t\u00eb mi q\u00eb m\u00eb kan\u00eb th\u00ebn\u00eb se po blejn\u00eb sht\u00ebpi n\u00eb Pogradec.<\/p>\n<p>Pogradeci \u00ebsht\u00eb shum\u00eb i bukur. Por t\u00eb bjer\u00ebsh kullat e Edi Ram\u00ebs dhe Fatmir Xhaf\u00ebs, krim i madh. Ndaj dhe fjala e qytetar\u00ebve duhet t\u00eb jet\u00eb fjala e par\u00eb.<\/p>\n<p>Ne do t\u00eb b\u00ebjm\u00eb gjith\u00e7ka q\u00eb t\u00eb bashkojm\u00eb qytetar\u00ebt n\u00eb mbrojtje t\u00eb k\u00ebtij qyteti, q\u00eb \u00ebsht\u00eb nj\u00eb mrekulli e v\u00ebrtet\u00eb njer\u00ebzore, natyrore.<\/p>\n<p>Faleminderit!<\/p>\n","protected":false},"excerpt":{"rendered":"<p>Kreu i Partis\u00eb Demokratike,\u00a0Sali Berisha, n\u00eb fjal\u00ebn e tij n\u00eb takimin me me aktivist\u00ebt dhe urbanist\u00ebt e qytetit t\u00eb Pogradecit tha se n\u00eb m\u00ebnyr\u00eb absolute Edi Rama personalisht dikton kush do marr\u00eb lejen, si do t\u00eb b\u00ebj\u00eb shpron\u00ebsimin, me k\u00eb do bisedoj\u00eb p\u00ebr shpron\u00ebsimin, ska r\u00ebnd\u00ebsi se nuk ka paret. Parat\u00eb i kan\u00eb baron\u00ebt e &hellip;<\/p>\n","protected":false},"author":4,"featured_media":101092,"comment_status":"closed","ping_status":"closed","sticky":false,"template":"","format":"standard","meta":{"footnotes":""},"categories":[37],"tags":[],"class_list":["post-101091","post","type-post","status-publish","format-standard","has-post-thumbnail","","category-politike"],"_links":{"self":[{"href":"https:\/\/rdnews.al\/index.php\/wp-json\/wp\/v2\/posts\/101091","targetHints":{"allow":["GET"]}}],"collection":[{"href":"https:\/\/rdnews.al\/index.php\/wp-json\/wp\/v2\/posts"}],"about":[{"href":"https:\/\/rdnews.al\/index.php\/wp-json\/wp\/v2\/types\/post"}],"author":[{"embeddable":true,"href":"https:\/\/rdnews.al\/index.php\/wp-json\/wp\/v2\/users\/4"}],"replies":[{"embeddable":true,"href":"https:\/\/rdnews.al\/index.php\/wp-json\/wp\/v2\/comments?post=101091"}],"version-history":[{"count":1,"href":"https:\/\/rdnews.al\/index.php\/wp-json\/wp\/v2\/posts\/101091\/revisions"}],"predecessor-version":[{"id":101093,"href":"https:\/\/rdnews.al\/index.php\/wp-json\/wp\/v2\/posts\/101091\/revisions\/101093"}],"wp:featuredmedia":[{"embeddable":true,"href":"https:\/\/rdnews.al\/index.php\/wp-json\/wp\/v2\/media\/101092"}],"wp:attachment":[{"href":"https:\/\/rdnews.al\/index.php\/wp-json\/wp\/v2\/media?parent=101091"}],"wp:term":[{"taxonomy":"category","embeddable":true,"href":"https:\/\/rdnews.al\/index.php\/wp-json\/wp\/v2\/categories?post=101091"},{"taxonomy":"post_tag","embeddable":true,"href":"https:\/\/rdnews.al\/index.php\/wp-json\/wp\/v2\/tags?post=101091"}],"curies":[{"name":"wp","href":"https:\/\/api.w.org\/{rel}","templated":true}]}}