{"id":101177,"date":"2025-01-12T21:17:52","date_gmt":"2025-01-12T21:17:52","guid":{"rendered":"https:\/\/rdnews.al\/?p=101177"},"modified":"2025-01-12T21:17:52","modified_gmt":"2025-01-12T21:17:52","slug":"krimi-trondit-tiranen-vritet-me-automatik-56-vjecari","status":"publish","type":"post","link":"https:\/\/rdnews.al\/index.php\/2025\/01\/12\/krimi-trondit-tiranen-vritet-me-automatik-56-vjecari\/","title":{"rendered":"Krimi trondit Tiran\u00ebn, vritet me automatik 56-vje\u00e7ari"},"content":{"rendered":"<p>Atentat n\u00eb Tiran\u00eb. Nj\u00eb person, i indentifikuar me emrin Bujar Nasufi \u00ebsht\u00eb ekzekutuar me arm\u00eb autoimatike teksa ishte duke udh\u00ebtuar me automjetin e tij n\u00eb af\u00ebrsi t\u00eb \u201cPallatit me Shigjeta\u201d.<\/p>\n<p>Policia njoftoi se vrasja ndaj 56-vje\u00e7arit ndodhi rreth or\u00ebs 20: 40 minuta. Viktima ka humbur jet\u00ebn menj\u00ebher\u00eb n\u00eb vendin e ngjarjes. Nuk ka t\u00eb dh\u00ebna n\u00ebse viktima ka qen\u00eb i vet\u00ebm n\u00eb makin\u00eb apo persona t\u00eb tjer\u00eb.<\/p>\n<p>Nga t\u00eb dh\u00ebnat e para b\u00ebhet me dije se autor\u00ebt kan\u00eb qen\u00eb me nj\u00eb motor dhe pas atentatit ata jan\u00eb larguar n\u00eb drejtim t\u00eb zon\u00ebs s\u00eb Selit\u00ebs.<\/p>\n<p>Policia e cila solli nj\u00eb njoftim paraprak tha se ende nuk ka asnj\u00eb t\u00eb dh\u00ebn\u00eb p\u00ebr autor\u00ebt e dyshuar. Nd\u00ebrkoh\u00eb deri tani nuk dihen as shkaqet e k\u00ebtij atentati.<\/p>\n<p>Ajo q\u00eb m\u00ebsohet \u00ebsht\u00eb se viktima s\u00eb bashku me v\u00ebllain e tij kan\u00eb menaxhuar nj\u00eb mobileri n\u00eb zon\u00ebn e \u201cPallatit me Shigjeta\u201d. Jan\u00eb ngritur pika kontrolli p\u00ebr kapjen e autor\u00ebve t\u00eb dyshuar.<\/p>\n","protected":false},"excerpt":{"rendered":"<p>Atentat n\u00eb Tiran\u00eb. Nj\u00eb person, i indentifikuar me emrin Bujar Nasufi \u00ebsht\u00eb ekzekutuar me arm\u00eb autoimatike teksa ishte duke udh\u00ebtuar me automjetin e tij n\u00eb af\u00ebrsi t\u00eb \u201cPallatit me Shigjeta\u201d. Policia njoftoi se vrasja ndaj 56-vje\u00e7arit ndodhi rreth or\u00ebs 20: 40 minuta. Viktima ka humbur jet\u00ebn menj\u00ebher\u00eb n\u00eb vendin e ngjarjes. Nuk ka t\u00eb dh\u00ebna &hellip;<\/p>\n","protected":false},"author":3,"featured_media":85982,"comment_status":"closed","ping_status":"closed","sticky":false,"template":"","format":"standard","meta":{"footnotes":""},"categories":[37],"tags":[],"class_list":["post-101177","post","type-post","status-publish","format-standard","has-post-thumbnail","","category-politike"],"_links":{"self":[{"href":"https:\/\/rdnews.al\/index.php\/wp-json\/wp\/v2\/posts\/101177","targetHints":{"allow":["GET"]}}],"collection":[{"href":"https:\/\/rdnews.al\/index.php\/wp-json\/wp\/v2\/posts"}],"about":[{"href":"https:\/\/rdnews.al\/index.php\/wp-json\/wp\/v2\/types\/post"}],"author":[{"embeddable":true,"href":"https:\/\/rdnews.al\/index.php\/wp-json\/wp\/v2\/users\/3"}],"replies":[{"embeddable":true,"href":"https:\/\/rdnews.al\/index.php\/wp-json\/wp\/v2\/comments?post=101177"}],"version-history":[{"count":1,"href":"https:\/\/rdnews.al\/index.php\/wp-json\/wp\/v2\/posts\/101177\/revisions"}],"predecessor-version":[{"id":101178,"href":"https:\/\/rdnews.al\/index.php\/wp-json\/wp\/v2\/posts\/101177\/revisions\/101178"}],"wp:featuredmedia":[{"embeddable":true,"href":"https:\/\/rdnews.al\/index.php\/wp-json\/wp\/v2\/media\/85982"}],"wp:attachment":[{"href":"https:\/\/rdnews.al\/index.php\/wp-json\/wp\/v2\/media?parent=101177"}],"wp:term":[{"taxonomy":"category","embeddable":true,"href":"https:\/\/rdnews.al\/index.php\/wp-json\/wp\/v2\/categories?post=101177"},{"taxonomy":"post_tag","embeddable":true,"href":"https:\/\/rdnews.al\/index.php\/wp-json\/wp\/v2\/tags?post=101177"}],"curies":[{"name":"wp","href":"https:\/\/api.w.org\/{rel}","templated":true}]}}