{"id":101185,"date":"2025-01-13T09:24:23","date_gmt":"2025-01-13T09:24:23","guid":{"rendered":"https:\/\/rdnews.al\/?p=101185"},"modified":"2025-01-13T09:26:51","modified_gmt":"2025-01-13T09:26:51","slug":"shkodra-e-izoluar-nga-bora-dhe-pa-drita-beci-perdor-helikopterin-ushtarak-per-turizem","status":"publish","type":"post","link":"https:\/\/rdnews.al\/index.php\/2025\/01\/13\/shkodra-e-izoluar-nga-bora-dhe-pa-drita-beci-perdor-helikopterin-ushtarak-per-turizem\/","title":{"rendered":"Shkodra e \u201cizoluar\u201d nga bora dhe pa drita, Beci p\u00ebrdor helikopterin ushtarak p\u00ebr \u201cturiz\u00ebm\u201d"},"content":{"rendered":"<div id=\"rekl-49\"><em><strong>Shtabi i P\u00ebrgjithsh\u00ebm i ushtris\u00eb shqiptare vendosi n\u00eb dispozicion t\u00eb kreut t\u00eb Komitetit Olimpik Shqiptar, Fidel Ylli nj\u00eb helikopter t\u00eb Forcave Ajrore p\u00ebr t\u00eb fluturuar drejt Alpeve, duke ngritur shqet\u00ebsime p\u00ebr cenim t\u00eb ligjit dhe t\u00eb kapaciteteve ushtarake p\u00ebr q\u00ebllime private.<\/strong><\/em><\/div>\n<div class=\"readmore-text-here\">\n<p><strong>BIRN<\/strong><\/p>\n<p>N\u00eb fillim t\u00eb dhjetorit t\u00eb vitit t\u00eb shkuar, nj\u00eb helikopter i Forcave Ajrore u ngrit nga fusha e futbollit n\u00eb stadiumin e \u201cVllaznis\u00eb\u201d n\u00eb Shkod\u00ebr dhe fluturoi p\u00ebrmbi Alpet e veriut t\u00eb Shqip\u00ebris\u00eb. Por ky nuk ishte nj\u00eb fluturim emergjence dhe as ndonj\u00eb mision i r\u00ebnd\u00ebsish\u00ebm ushtarak.<\/p>\n<p>Helikopteri i ushtris\u00eb shqiptare fluturoi drejt Alpeve me kryetarin e Bashkis\u00eb s\u00eb Shkodr\u00ebs,\u00a0Benet Beci, kreun e Komitetit Olimpik Shqiptar,\u00a0Fidel Ylli\u00a0dhe zv.presidentin e Komitetit Olimpik austriak, Peter Schr\u00f6cksnadel n\u00eb bord.<\/p>\n<p>P\u00ebrmes nj\u00eb postimi n\u00eb Facebook m\u00eb 2 dhjetor, Beci e p\u00ebrshkroi p\u00ebrvoj\u00ebn si \u201cnj\u00eb udh\u00ebtim i bukur pune me investitor\u00eb austriak\u00eb p\u00ebr t\u00eb vler\u00ebsuar potencialin p\u00ebr resort skish n\u00eb Alpe\u2026\u201d. N\u00eb videon e postuar nga Beci, tre udh\u00ebtar\u00ebt dhe shoq\u00ebruesit e tyre pozojn\u00eb t\u00eb buz\u00ebqeshur me pamjet magjike t\u00eb Alpeve pas shpine.<\/p>\n<p>Helikopteri i publikuar n\u00eb video i p\u00ebrket flot\u00ebs s\u00eb vog\u00ebl dhe problematike t\u00eb mjeteve ajrore Cougar n\u00eb dispozicion t\u00eb ushtris\u00eb shqiptare, t\u00eb cilat gjat\u00eb viteve t\u00eb fundit kan\u00eb vuajtur nga avarit\u00eb dhe problemet e vazhdueshme me mir\u00ebmbajtjen.<\/p>\n<p>Edhe pse nuk ka nj\u00eb ligj q\u00eb rregullon specifikisht p\u00ebrdorimin helikopter\u00ebve ushtarak\u00eb, rregullore t\u00eb brendshme t\u00eb Shtabit t\u00eb P\u00ebrgjithsh\u00ebm normojn\u00eb p\u00ebrdorimin e tyre n\u00eb misione ushtarake, n\u00eb rastet e emergjencave civile dhe n\u00eb transportin e zyrtar\u00ebve m\u00eb t\u00eb lart\u00eb t\u00eb shtetit.<\/p>\n<p>Kryetari i Bashkis\u00eb s\u00eb Shkodr\u00ebs, Benet Beci i tha BIRN p\u00ebrmes telefonit se udh\u00ebtimi ishte organizuar nga\u00a0Komiteti Olimpik\u00a0Shqiptar dhe se ai ishte thjesht \u201cshoq\u00ebrues n\u00eb udh\u00ebtim\u201d.<\/p>\n<p><img decoding=\"async\" src=\"https:\/\/www.syri.net\/uploads\/syri.net\/images\/2025\/January\/13\/auto_benet11736758199.jpg\" alt=\"Image\" \/><\/p>\n<p>\u201cMua m\u00eb mor\u00ebn n\u00eb Shkod\u00ebr, e kishte organizuar Komiteti Olimpik Shqiptar\u201d, the Beci.<\/p>\n<p>Kreu i Komitetit Olimpik Shqiptar, Fidel Ylli nuk pranoi t\u00eb komentonte deri n\u00eb publikimin e k\u00ebtij shkrimi dhe i k\u00ebrkoi pyetjet me shkres\u00eb zyrtare.<\/p>\n<p>Nd\u00ebrkoh\u00eb, Shtabi i P\u00ebrgjithsh\u00ebm i tha BIRN n\u00eb nj\u00eb p\u00ebrgjigje me shkrim se p\u00ebrmbushja e k\u00ebrkes\u00ebs s\u00eb ardhur nga Komiteti Olimpik Shqiptar p\u00ebr v\u00ebnien n\u00eb dispozicion t\u00eb helikopterit ishte brenda rregullave. Shtabi tha gjithashtu se ky fluturim p\u00ebrputhej me misionin e Forcave t\u00eb Armatosura \u201cp\u00ebr promovimin dhe lart\u00ebsimin e emrit t\u00eb vendit n\u00eb aren\u00ebn nd\u00ebrkomb\u00ebtare p\u00ebrmes kontributit t\u00eb sportist\u00ebve t\u00eb nivelit t\u00eb lart\u00eb\u201d.<\/p>\n<p>\u201cMinistria e Mbrojtjes dhe Shtabi i P\u00ebrgjithsh\u00ebm i Forcave t\u00eb Armatosura t\u00eb\u00a0 Republik\u00ebs s\u00eb Shqip\u00ebris\u00eb, n\u00eb kuad\u00ebr t\u00eb bashk\u00ebpunimit civilo-ushtarak kan\u00eb detyrimin t\u00eb bashk\u00ebpunojn\u00eb me autoritetet civile dhe organizatat qeveritare e joqeveritare,\u201d tha Shtabi i P\u00ebrgjithsh\u00ebm, duke shtuar se aktualisht siguronte kapacitete t\u00eb mjaftueshme t\u00eb transportit ajror n\u00eb gatishm\u00ebri t\u00eb plot\u00eb.<\/p>\n<p>Kjo nuk \u00ebsht\u00eb hera e par\u00eb q\u00eb helikopter\u00ebt e Forcave Ajore p\u00ebrdoren p\u00ebr q\u00ebllime p\u00ebrtej misionit ushtarak. N\u00eb vjesht\u00eb 2020,\u00a0opozita denoncoi\u00a0se at\u00ebher\u00eb ministrja e Mbrojtjes,\u00a0Olta Xha\u00e7ka, p\u00ebrdori helikopterin p\u00ebr t\u00eb marr\u00eb pjes\u00eb n\u00eb aktivitete t\u00eb\u00a0Partis\u00eb Socialiste. M\u00eb her\u00ebt n\u00eb vitin 2013, socialist\u00ebt dhe opozita e koh\u00ebs, akuzuan Arben Imamin, ish-ministrin e Mbrojtjes n\u00eb qeverin\u00eb Berisha, se kishte lejuar p\u00ebrdorimin e helikopter\u00ebve dhe pilot\u00ebve t\u00eb baz\u00ebs ajrore n\u00eb Fark\u00eb p\u00ebr videoklipin e nj\u00eb k\u00ebng\u00ebtareje.<\/p>\n<p>Rasti m\u00eb i fundit i shp\u00ebrdorimit t\u00eb helikopterit t\u00eb Forcave Ajrore p\u00ebr udh\u00ebtimin n\u00eb Alpe kritikohet si nj\u00eb akt i paligjsh\u00ebm dhe n\u00eb d\u00ebm t\u00eb kapaciteteve ushtarake shqiptare.<\/p>\n<p>\u201cNuk mund t\u00eb p\u00ebrdoren mjetet e\u00a0Forcat Ajrore\u00a0p\u00ebr t\u00eb b\u00ebr\u00eb xhiro turistike, nuk jan\u00eb taksi. I bie t\u2019i kthesh Forcat Ajrore n\u00eb agjenci turistike apo agjenci taksish,\u201d tha p\u00ebr BIRN\u00a0Artur Me\u00e7ollari, ish-zv.komandant i Forc\u00ebs Detare.<\/p>\n<p>\u201c\u00cbsht\u00eb plot\u00ebsisht e jasht\u00ebligjshme. Sjell amortizimin e panevojsh\u00ebm t\u00eb kapaciteteve dhe gadishm\u00ebris\u00eb s\u00eb Forcave t\u00eb Armatosura, p\u00ebr nj\u00eb aktivitet q\u00eb nuk \u00ebsht\u00eb objekt i fush\u00ebs s\u00eb tyre t\u00eb pun\u00ebs\u201d, shtoi ai.<\/p>\n<p><img decoding=\"async\" src=\"https:\/\/www.syri.net\/uploads\/syri.net\/images\/2025\/January\/13\/auto_benet31736758199.jpg\" alt=\"Image\" \/><\/p>\n<p>Edhe\u00a0Lindita Metaliaj, deputete e Partis\u00eb Demokratike dhe an\u00ebtare e Komisionit t\u00eb Siguris\u00eb Komb\u00ebtare e cil\u00ebson flagrant rastin. Metaliaj tha gjithashtu se rasti meritonte t\u00eb hetohej pasi shkelja e ligjit dhe shp\u00ebrdorimi i parave publike ishte sipas saj i qart\u00eb.<\/p>\n<p>\u201cP\u00ebrdorimi i k\u00ebtyre mjeteve p\u00ebr q\u00ebllime private e b\u00ebn paligjshm\u00ebrin\u00eb akoma edhe m\u00eb flagrante\u201d, tha Metaliaj, nd\u00ebrsa akuzoi kryeministrin p\u00ebr instalim t\u00eb nj\u00eb kulture t\u00eb p\u00ebrdorimit t\u00eb mjeteve shtet\u00ebrore p\u00ebr q\u00ebllime private.<\/p>\n<p>\u201c\u2026n\u00ebse organet e drejt\u00ebsis\u00eb do t\u00eb funksiononin, ata duhet t\u00eb japin llogari p\u00ebr parat\u00eb e shp\u00ebrdoruara t\u00eb taksapaguesve,\u201d p\u00ebrfundoi ajo.<\/p>\n<\/div>\n","protected":false},"excerpt":{"rendered":"<p>Shtabi i P\u00ebrgjithsh\u00ebm i ushtris\u00eb shqiptare vendosi n\u00eb dispozicion t\u00eb kreut t\u00eb Komitetit Olimpik Shqiptar, Fidel Ylli nj\u00eb helikopter t\u00eb Forcave Ajrore p\u00ebr t\u00eb fluturuar drejt Alpeve, duke ngritur shqet\u00ebsime p\u00ebr cenim t\u00eb ligjit dhe t\u00eb kapaciteteve ushtarake p\u00ebr q\u00ebllime private. BIRN N\u00eb fillim t\u00eb dhjetorit t\u00eb vitit t\u00eb shkuar, nj\u00eb helikopter i Forcave Ajrore &hellip;<\/p>\n","protected":false},"author":4,"featured_media":101186,"comment_status":"closed","ping_status":"closed","sticky":false,"template":"","format":"standard","meta":{"footnotes":""},"categories":[37],"tags":[],"class_list":["post-101185","post","type-post","status-publish","format-standard","has-post-thumbnail","","category-politike"],"_links":{"self":[{"href":"https:\/\/rdnews.al\/index.php\/wp-json\/wp\/v2\/posts\/101185","targetHints":{"allow":["GET"]}}],"collection":[{"href":"https:\/\/rdnews.al\/index.php\/wp-json\/wp\/v2\/posts"}],"about":[{"href":"https:\/\/rdnews.al\/index.php\/wp-json\/wp\/v2\/types\/post"}],"author":[{"embeddable":true,"href":"https:\/\/rdnews.al\/index.php\/wp-json\/wp\/v2\/users\/4"}],"replies":[{"embeddable":true,"href":"https:\/\/rdnews.al\/index.php\/wp-json\/wp\/v2\/comments?post=101185"}],"version-history":[{"count":2,"href":"https:\/\/rdnews.al\/index.php\/wp-json\/wp\/v2\/posts\/101185\/revisions"}],"predecessor-version":[{"id":101188,"href":"https:\/\/rdnews.al\/index.php\/wp-json\/wp\/v2\/posts\/101185\/revisions\/101188"}],"wp:featuredmedia":[{"embeddable":true,"href":"https:\/\/rdnews.al\/index.php\/wp-json\/wp\/v2\/media\/101186"}],"wp:attachment":[{"href":"https:\/\/rdnews.al\/index.php\/wp-json\/wp\/v2\/media?parent=101185"}],"wp:term":[{"taxonomy":"category","embeddable":true,"href":"https:\/\/rdnews.al\/index.php\/wp-json\/wp\/v2\/categories?post=101185"},{"taxonomy":"post_tag","embeddable":true,"href":"https:\/\/rdnews.al\/index.php\/wp-json\/wp\/v2\/tags?post=101185"}],"curies":[{"name":"wp","href":"https:\/\/api.w.org\/{rel}","templated":true}]}}