{"id":101196,"date":"2025-01-13T10:46:09","date_gmt":"2025-01-13T10:46:09","guid":{"rendered":"https:\/\/rdnews.al\/?p=101196"},"modified":"2025-01-13T10:46:09","modified_gmt":"2025-01-13T10:46:09","slug":"i-paskemi-hyre-ne-hak-zavallit","status":"publish","type":"post","link":"https:\/\/rdnews.al\/index.php\/2025\/01\/13\/i-paskemi-hyre-ne-hak-zavallit\/","title":{"rendered":"I paskemi hyr\u00eb n\u00eb \u201chak\u201d zavallit!"},"content":{"rendered":"<p><strong>Nga<\/strong>\u00a0<strong>Armand MAHO<\/strong><\/p>\n<p>Tartufi, n\u00eb komedin\u00eb me t\u00eb nj\u00ebtin em\u00ebr t\u00eb Molierit ishte nj\u00eb klerik i cili kishte fituar besimin e mikut t\u00eb tij borgjez Orgonit, por n\u00eb t\u00eb v\u00ebrtet\u00eb nuk ishte tjet\u00ebr, vet\u00ebm se nj\u00eb g\u00ebnjeshtar dhe mashtrues. N\u00eb nj\u00eb koh\u00eb q\u00eb kishte marr\u00eb premtimin e mikut t\u00eb tij p\u00ebr t\u2019i marr\u00eb vajz\u00ebn, joshte dhe gruan e k\u00ebtij t\u00eb fundit. Vet\u00eb Molieri, arti gjenial i t\u00eb cilit ishte demaskimi i hipokrizis\u00eb dhe t\u00eb metave njer\u00ebzore pyetur rreth k\u00ebtij personazhi do t\u00eb p\u00ebrgjigjej \u201cEdhe gj\u00ebrat m\u00eb t\u00eb shenjta nuk jan\u00eb t\u00eb mbrojtura nga njer\u00ebzit e korruptuar: dhe ne shohim faqezinj, q\u00eb abuzojn\u00eb \u00e7do dit\u00eb me devotshm\u00ebrin\u00eb dhe e b\u00ebjn\u00eb at\u00eb t\u2019i sh\u00ebrbej\u00eb krimeve m\u00eb t\u00eb m\u00ebdha\u201d.<\/p>\n<p>Megjith\u00ebse ka 12 vjet n\u00eb pushtet, Edi Rama, u tregua mjaft i devotsh\u00ebm n\u00eb rolin e viktim\u00ebs. N\u00eb nj\u00eb mesazh t\u00eb st\u00ebrgjat\u00eb, t\u00eb lodhsh\u00ebm q\u00eb nuk jepte asnj\u00eb zgjidhje, Rama, p\u00ebrdori vendimin e fundit t\u00eb SPAK q\u00eb zhvishte nga akuzat e implikimit n\u00eb dosjen e laboratorit t\u00eb drog\u00ebs n\u00eb Xibrak\u00eb v\u00ebllain e tij, Olsin, i cili la Amerik\u00ebn pik\u00ebrisht n\u00eb dit\u00ebn q\u00eb i v\u00ebllai mori kryeministrin, p\u00ebr t\u00eb na \u201ciluminuar\u201d rreth akuzave q\u00eb i jan\u00eb b\u00ebt\u00eb atij nd\u00ebr vite.<\/p>\n<p>S\u2019ke se si duke pasur p\u00ebrpara nj\u00eb njeri me pamjen e gjyhnaqarit si\u00e7 u shfaq ai sot, mos t\u00eb b\u00ebj\u00eb t\u00eb reflektosh p\u00ebr nj\u00eb moment se \u201cndoshta dhe mund t\u2019i kemi hyr\u00eb n\u00eb hak kot zavallit\u201d!<\/p>\n<p>N\u00eb subkoshienc\u00eb n\u00eb t\u00eb qind\u00ebn e sekondave mund t\u00eb kaloj\u00eb ajo ideja se ndoshta akuzat q\u00eb jan\u00eb ngritur n\u00eb t\u00ebr\u00eb k\u00ebto vite, q\u00eb e vizatojn\u00eb Ram\u00ebn si politikanin m\u00eb t\u00eb korruptuar q\u00eb ka nxjerr\u00eb ndonj\u00ebher\u00eb ky vend, ndoshta, ndoshta, kan\u00eb qen\u00eb t\u00eb tepruara.<\/p>\n<p>Por ja q\u00eb memorja nuk t\u00eb lejon t\u2019ia b\u00ebsh k\u00ebt\u00eb nder Edi Ram\u00ebs.<\/p>\n<p>Ky individ, m\u00eb jet\u00ebgjati n\u00eb pushtet, ( q\u00eb nga shtatori i vitit 1998) sapo ka ardhur nga Franca ku b\u00ebnte jet\u00eb barboni, ka pasur si axhend\u00eb vet\u00ebm vjedhjen.<\/p>\n<p>Si minist\u00ebr Kulture u akuzua p\u00ebr vjedhjen me fasadat, dhe nd\u00ebrhyrjen q\u00eb i b\u00ebri at\u00ebher\u00eb pushtetit vendor p\u00ebr qendr\u00ebn e qytetit, me q\u00ebllimin q\u00eb t\u2019i jepte vet\u00eb lejet e nd\u00ebrtimit brenda unaz\u00ebs s\u00eb vog\u00ebl. M\u00eb pas, aktiviteti i tij n\u00eb Bashkin\u00eb e Tiran\u00ebs dihej. Ishte ky individ q\u00eb vuri si norm\u00eb 20%-shin e famsh\u00ebm p\u00ebr lejet e nd\u00ebrtimit, madje nj\u00eb nd\u00ebrtues at\u00ebher\u00eb e akuzoi publikisht. P\u00ebrpos k\u00ebsaj, hyrja e tij n\u00eb politik\u00eb e pushtet, vendosi dhe standardin e blerjes s\u00eb medias apo shoq\u00ebris\u00eb civile, duke ngritur p\u00ebrreth tij murin e sh\u00ebrb\u00ebtor\u00ebve t\u00eb tipit Erion Veliaj.<\/p>\n<p>Por q\u00eb mos shkojm\u00eb aq larg, ne kemi 12 vjet q\u00eb pushtetin e k\u00ebtij far\u00eb kryeministri dhe miqve t\u00eb tij bandit\u00eb ose jo po e provojm\u00eb n\u00eb kurriz. Akuzat q\u00eb i jan\u00eb ngritur i ka merituar nj\u00eb m\u00eb nj\u00eb.\u00a0 A ka qen\u00eb individi me emrin Edi Rama q\u00eb i ka dal\u00eb n\u00eb mbrojtje \u00e7do afere korruptive dhe vjedhjeje q\u00eb ka ndodhur n\u00eb k\u00ebt\u00eb vend?<\/p>\n<p>A ka qen\u00eb ky, q\u00eb i doli p\u00ebr zot kanabizimit t\u00eb vendit, dhe e shpallte Sajmir Tahirin si \u201cKapiten t\u00eb luft\u00ebs kund\u00ebr drog\u00ebs\u201d<\/p>\n<p>A ishte ky q\u00eb hartoi ligjin hajdut t\u00eb investimeve strategjike?<\/p>\n<p>A \u00ebsht\u00eb ky q\u00eb e ka \u00e7uar nd\u00ebrtimin e nj\u00eb kilometri rrug\u00eb 20 milion\u00eb euro?<\/p>\n<p>A \u00ebsht\u00eb ky q\u00eb firmosi p\u00ebr vjedhjen me incenerator\u00ebt?<\/p>\n<p>A \u00ebsht\u00eb ky q\u00eb korruptoi ish drejtorin e FBI-s\u00eb McGonigal?<\/p>\n<p>A \u00ebsht\u00eb ky q\u00eb p\u00ebr interesa t\u00ebr\u00ebsisht korruptive fali portin e Durr\u00ebsit?<\/p>\n<p>A \u00ebsht\u00eb ky q\u00eb solli n\u00eb Vlor\u00eb dy anijet q\u00eb nuk prodhuan asnj\u00eb kwh, me nj\u00eb kosto prej 90 milion\u00eb euro?<\/p>\n<p>A nuk \u00ebsht\u00eb ky q\u00eb e ka shnd\u00ebrruar Shqip\u00ebrin\u00eb n\u00eb lavatri\u00e7e t\u00eb pastrimit t\u00eb parave?<\/p>\n<p>A \u00ebsht\u00eb ky q\u00eb g\u00ebnjeu pa pik\u00eb turpi p\u00ebr sh\u00ebndet\u00ebsin\u00eb falas, p\u00ebr pensionet e t\u00eb tjerat me rradh\u00eb?<\/p>\n<p>Koha do ishte e gjat\u00eb p\u00ebr t\u00eb renditur hajdut\u00ebrin\u00eb dhe mbrojtjen q\u00eb ky individ, i ka b\u00ebr\u00eb gjithfar\u00eblloj allishverishi n\u00eb k\u00ebt\u00eb vend dhe pa ju nxir\u00eb faqja, sot del e k\u00ebrkon m\u00ebshir\u00ebn e shqiptar\u00ebve n\u00eb vot\u00ebn e 11 majit!<\/p>\n<p>Edi Rama njihet p\u00ebr aft\u00ebsin\u00eb e paskrupullt t\u00eb g\u00ebnjeshtarit, shtirakut, oportunistit mashtruesit q\u00eb b\u00ebn gjith\u00e7ka p\u00ebr t\u2019ia dal\u00eb mban\u00eb. Ai e di fort mir\u00eb se \u00e7far\u00eb ka b\u00ebr\u00eb i v\u00ebllai. Fundja n\u00eb k\u00ebt\u00eb katundin ton\u00eb me firm\u00ebn dhe mbrojtjen e Ram\u00ebs jan\u00eb pasuruar gjithfar\u00eb horri, banditi e ahengxhiu, pse duhet t\u00eb b\u00ebnte p\u00ebrjashtim v\u00eblla Olsi?<\/p>\n<p>Jeta personale e Ram\u00ebs nuk \u00ebsht\u00eb se na hyn shum\u00eb n\u00eb pun\u00eb. Pra, \u00ebsht\u00eb ose jo homoseksual, bi apo trans, nuk na duhet hi\u00e7. E rreh ose jo gruan e tij apo grat\u00eb e t\u00eb tjer\u00ebve, p\u00ebrderisa s\u2019ka ndonj\u00eb denoncim dhe derisa e lejojn\u00eb, t\u00eb b\u00ebj\u00eb \u00e7\u2019t\u00eb doj\u00eb. Po ama akuzat p\u00ebr vjedhje dhe abuzim me pushtetin n\u00eb adres\u00eb t\u00eb tij, i r\u00ebndojn\u00eb nj\u00eb m\u00eb nj\u00eb. Ai dhe mund t\u00eb vazhdoj\u00eb me \u00e7mendurin\u00eb q\u00eb e ka kapluar p\u00ebr t\u00eb burgosur opozit\u00ebn, vet\u00ebm se nj\u00eb gj\u00eb e ka t\u00eb sigurt&#8230;. Shpejt ai s\u2019do jet\u00eb me \u2018Sk\u00ebnderbeu i Elis\u00ebs\u2019, dhe dit\u00ebt e tij t\u00eb pleq\u00ebris\u00eb nuk do i kaloj\u00eb me Ko\u00e7on n\u00eb Vuno. Ai do ket\u00eb fundin q\u00eb kan\u00eb t\u00eb gjith\u00eb mashtruesit dhe ata q\u00eb abuzojn\u00eb me besimin e njer\u00ebzve, nj\u00ebsoj si Tartufi i Molierit!<\/p>\n","protected":false},"excerpt":{"rendered":"<p>Nga\u00a0Armand MAHO Tartufi, n\u00eb komedin\u00eb me t\u00eb nj\u00ebtin em\u00ebr t\u00eb Molierit ishte nj\u00eb klerik i cili kishte fituar besimin e mikut t\u00eb tij borgjez Orgonit, por n\u00eb t\u00eb v\u00ebrtet\u00eb nuk ishte tjet\u00ebr, vet\u00ebm se nj\u00eb g\u00ebnjeshtar dhe mashtrues. N\u00eb nj\u00eb koh\u00eb q\u00eb kishte marr\u00eb premtimin e mikut t\u00eb tij p\u00ebr t\u2019i marr\u00eb vajz\u00ebn, joshte dhe &hellip;<\/p>\n","protected":false},"author":4,"featured_media":100351,"comment_status":"closed","ping_status":"closed","sticky":false,"template":"","format":"standard","meta":{"footnotes":""},"categories":[44],"tags":[],"class_list":["post-101196","post","type-post","status-publish","format-standard","has-post-thumbnail","","category-editorial"],"_links":{"self":[{"href":"https:\/\/rdnews.al\/index.php\/wp-json\/wp\/v2\/posts\/101196","targetHints":{"allow":["GET"]}}],"collection":[{"href":"https:\/\/rdnews.al\/index.php\/wp-json\/wp\/v2\/posts"}],"about":[{"href":"https:\/\/rdnews.al\/index.php\/wp-json\/wp\/v2\/types\/post"}],"author":[{"embeddable":true,"href":"https:\/\/rdnews.al\/index.php\/wp-json\/wp\/v2\/users\/4"}],"replies":[{"embeddable":true,"href":"https:\/\/rdnews.al\/index.php\/wp-json\/wp\/v2\/comments?post=101196"}],"version-history":[{"count":1,"href":"https:\/\/rdnews.al\/index.php\/wp-json\/wp\/v2\/posts\/101196\/revisions"}],"predecessor-version":[{"id":101197,"href":"https:\/\/rdnews.al\/index.php\/wp-json\/wp\/v2\/posts\/101196\/revisions\/101197"}],"wp:featuredmedia":[{"embeddable":true,"href":"https:\/\/rdnews.al\/index.php\/wp-json\/wp\/v2\/media\/100351"}],"wp:attachment":[{"href":"https:\/\/rdnews.al\/index.php\/wp-json\/wp\/v2\/media?parent=101196"}],"wp:term":[{"taxonomy":"category","embeddable":true,"href":"https:\/\/rdnews.al\/index.php\/wp-json\/wp\/v2\/categories?post=101196"},{"taxonomy":"post_tag","embeddable":true,"href":"https:\/\/rdnews.al\/index.php\/wp-json\/wp\/v2\/tags?post=101196"}],"curies":[{"name":"wp","href":"https:\/\/api.w.org\/{rel}","templated":true}]}}