{"id":101221,"date":"2025-01-13T12:13:30","date_gmt":"2025-01-13T12:13:30","guid":{"rendered":"https:\/\/rdnews.al\/?p=101221"},"modified":"2025-01-13T12:14:13","modified_gmt":"2025-01-13T12:14:13","slug":"bordi-i-euros-berisha-ne-respektojme-plotesisht-luhatjet-e-tregut-por-do-kompensojme-humbjet-per-eksportuesit","status":"publish","type":"post","link":"https:\/\/rdnews.al\/index.php\/2025\/01\/13\/bordi-i-euros-berisha-ne-respektojme-plotesisht-luhatjet-e-tregut-por-do-kompensojme-humbjet-per-eksportuesit\/","title":{"rendered":"Berisha: Ne respektojm\u00eb plot\u00ebsisht luhatjet e tregut, por do t\u00eb kompensojm\u00eb humbjet p\u00ebr eksportuesit"},"content":{"rendered":"<p>Lideri i opozit\u00ebs, Sali Berisha ka shpjeguar pas interesimit t\u00eb gazetar\u00ebve edhe iden\u00eb PD p\u00ebr bordin e Euros. Berisha tha se, n\u00ebse bordi i Edi Ram\u00ebs diktonte \u00e7mimin e naft\u00ebs, ne nuk diktojm\u00eb \u00e7mimin e euros.<\/p>\n<p>\u201cNuk ka asgj\u00eb t\u00eb p\u00ebrbashk\u00ebt.<\/p>\n<p>Q\u00ebndrimi komunist n\u00eb k\u00ebt\u00eb rast do ishte fiksimi. Ose shk\u00ebputja fare nga euro.<\/p>\n<p>N\u00eb diktatur\u00eb, dollari mund t\u00eb ishte 1 mij\u00eb lek\u00eb, ai shk\u00ebmbehej me 100 lek\u00eb dhe vet\u00ebm kaq.<\/p>\n<p>Ne nuk e b\u00ebjm\u00eb k\u00ebt\u00eb, jo.<\/p>\n<p>Ne respektojm\u00eb plot\u00ebsisht luhatjet e tregut, por me bordin ton\u00eb ne kompensojm\u00eb eksportuesit.<\/p>\n<p>N\u00ebse bordi i Edi Ram\u00ebs diktonte \u00e7mimin e naft\u00ebs, ne nuk diktojm\u00eb \u00e7mimin e euros.<\/p>\n<p>Ne kompensojm\u00eb \u00e7far\u00eb diference mes kursit t\u00eb lir\u00eb t\u00eb k\u00ebmbimit dhe nj\u00eb kursi q\u00eb ne themi se duhej t\u00eb ishte po t\u00eb mos ishte narko.<\/p>\n<p>K\u00ebto lek\u00eb diferenc\u00eb do u paguhen eksportuesve.<\/p>\n<p>Pra, nuk ka t\u00eb b\u00ebj\u00eb m\u00eb asnj\u00eb kontroll \u00e7mimi, kjo ka t\u00eb b\u00ebj\u00eb me mbrojtje t\u00eb nj\u00eb sektori q\u00eb d\u00ebmtohet tmerr\u00ebsisht nga veprimi i narkoeuros n\u00eb performanc\u00ebn e tyre\u201d, tha Berisha.<\/p>\n","protected":false},"excerpt":{"rendered":"<p>Lideri i opozit\u00ebs, Sali Berisha ka shpjeguar pas interesimit t\u00eb gazetar\u00ebve edhe iden\u00eb PD p\u00ebr bordin e Euros. Berisha tha se, n\u00ebse bordi i Edi Ram\u00ebs diktonte \u00e7mimin e naft\u00ebs, ne nuk diktojm\u00eb \u00e7mimin e euros. \u201cNuk ka asgj\u00eb t\u00eb p\u00ebrbashk\u00ebt. Q\u00ebndrimi komunist n\u00eb k\u00ebt\u00eb rast do ishte fiksimi. Ose shk\u00ebputja fare nga euro. N\u00eb &hellip;<\/p>\n","protected":false},"author":4,"featured_media":101204,"comment_status":"closed","ping_status":"closed","sticky":false,"template":"","format":"standard","meta":{"footnotes":""},"categories":[37],"tags":[],"class_list":["post-101221","post","type-post","status-publish","format-standard","has-post-thumbnail","","category-politike"],"_links":{"self":[{"href":"https:\/\/rdnews.al\/index.php\/wp-json\/wp\/v2\/posts\/101221","targetHints":{"allow":["GET"]}}],"collection":[{"href":"https:\/\/rdnews.al\/index.php\/wp-json\/wp\/v2\/posts"}],"about":[{"href":"https:\/\/rdnews.al\/index.php\/wp-json\/wp\/v2\/types\/post"}],"author":[{"embeddable":true,"href":"https:\/\/rdnews.al\/index.php\/wp-json\/wp\/v2\/users\/4"}],"replies":[{"embeddable":true,"href":"https:\/\/rdnews.al\/index.php\/wp-json\/wp\/v2\/comments?post=101221"}],"version-history":[{"count":3,"href":"https:\/\/rdnews.al\/index.php\/wp-json\/wp\/v2\/posts\/101221\/revisions"}],"predecessor-version":[{"id":101224,"href":"https:\/\/rdnews.al\/index.php\/wp-json\/wp\/v2\/posts\/101221\/revisions\/101224"}],"wp:featuredmedia":[{"embeddable":true,"href":"https:\/\/rdnews.al\/index.php\/wp-json\/wp\/v2\/media\/101204"}],"wp:attachment":[{"href":"https:\/\/rdnews.al\/index.php\/wp-json\/wp\/v2\/media?parent=101221"}],"wp:term":[{"taxonomy":"category","embeddable":true,"href":"https:\/\/rdnews.al\/index.php\/wp-json\/wp\/v2\/categories?post=101221"},{"taxonomy":"post_tag","embeddable":true,"href":"https:\/\/rdnews.al\/index.php\/wp-json\/wp\/v2\/tags?post=101221"}],"curies":[{"name":"wp","href":"https:\/\/api.w.org\/{rel}","templated":true}]}}