{"id":101227,"date":"2025-01-13T12:40:18","date_gmt":"2025-01-13T12:40:18","guid":{"rendered":"https:\/\/rdnews.al\/?p=101227"},"modified":"2025-01-13T12:42:27","modified_gmt":"2025-01-13T12:42:27","slug":"kryeministri-rama-mjeshtri-i-shfrytezimit-te-vellazerise-per-interes-personal","status":"publish","type":"post","link":"https:\/\/rdnews.al\/index.php\/2025\/01\/13\/kryeministri-rama-mjeshtri-i-shfrytezimit-te-vellazerise-per-interes-personal\/","title":{"rendered":"Kryeministri Rama, mjeshtri i shfryt\u00ebzimit t\u00eb v\u00ebllaz\u00ebris\u00eb p\u00ebr interes personal"},"content":{"rendered":"<p><strong>Desada XHETANI<\/strong><br \/>\n<strong>N\u00ebnkryetare e FRPD dhe Senatore e Universitetit t\u00eb Tiran\u00ebs\u00a0<\/strong><\/p>\n<p>Kryeministri Edi Rama, me talentin e tij t\u00eb paz\u00ebvend\u00ebsuesh\u00ebm p\u00ebr t&#8217;u viktimizuar dhe p\u00ebr t\u00eb devijuar v\u00ebmendjen nga d\u00ebshtimet e tij, ka hedhur nj\u00eb tjet\u00ebr akuz\u00eb t\u00eb pabaz\u00eb ndaj opozit\u00ebs. Sipas tij, ne &#8220;gjoja&#8221; kemi p\u00ebrdorur v\u00ebllan\u00eb e tij p\u00ebr ta goditur n\u00eb opinionin publik. \u00c7far\u00eb ironie! Rama, q\u00eb p\u00ebrdor v\u00ebllan\u00eb e tij e \u00e7do shqiptar p\u00ebr t\u00eb shtuar pasurit\u00eb dhe pushtetin e tij, k\u00ebrkon t\u00eb na bind\u00eb se \u00ebsht\u00eb viktim\u00eb.<\/p>\n<p>\u00cbsht\u00eb nj\u00eb fakt i ditur tashm\u00eb se v\u00ebllai i tij \u00ebsht\u00eb p\u00ebrfshir\u00eb n\u00eb skandale korrupsioni, por me nj\u00eb Prokurori Speciale (SPAK) q\u00eb duket se funksionon si nj\u00eb deg\u00eb e qeveris\u00eb, \u00e7do gj\u00eb mbetet e pand\u00ebshkuar. P\u00ebr sa koh\u00eb q\u00eb SPAK-u hesht dhe mbron interesat e tij, Rama dhe rrethi i tij mbeten t\u00eb papreksh\u00ebm. N\u00eb k\u00ebt\u00eb sistem, drejt\u00ebsia nuk \u00ebsht\u00eb p\u00ebr qytetar\u00ebt, por p\u00ebr ata q\u00eb din\u00eb t\u00eb manipulojn\u00eb dhe t&#8217;i p\u00ebrdorin institucionet n\u00eb interesin e tyre.<\/p>\n<p>Nd\u00ebrkoh\u00eb q\u00eb shqiptar\u00ebt vuajn\u00eb nga papun\u00ebsia, emigrimi masiv dhe \u00e7mimet e larta, Kryeministri yn\u00eb i &#8220;pashoq&#8221; vazhdon t\u00eb p\u00ebrdor\u00eb \u00e7do mjet t\u00eb mundsh\u00ebm p\u00ebr t\u00eb mbyllur goj\u00ebn e kritik\u00ebve. Ai na akuzon p\u00ebr p\u00ebrdorimin e familjes s\u00eb tij, nd\u00ebrkoh\u00eb q\u00eb vet\u00eb ka kthyer Shqip\u00ebrin\u00eb n\u00eb nj\u00eb biznes familjar, ku &#8220;v\u00ebllai i madh&#8221; vendos gjith\u00e7ka, dhe t\u00eb gjith\u00eb t\u00eb tjer\u00ebt jan\u00eb thjesht pion\u00eb.<\/p>\n<p>Ironikisht, Rama pretendon se \u00ebsht\u00eb lideri i shqiptar\u00ebve, por n\u00eb realitet \u00ebsht\u00eb mjeshtri i p\u00ebr\u00e7arjes s\u00eb tyre. Ai nuk ka nevoj\u00eb vet\u00ebm p\u00ebr v\u00ebllain e tij biologjik p\u00ebr t\u00eb p\u00ebrfituar \u2013 ai p\u00ebrdor \u00e7do shqiptar si nj\u00eb &#8220;v\u00eblla&#8221; q\u00eb mund t&#8217;i shtrydh\u00eb taksat, t&#8217;i shes\u00eb pasurit\u00eb komb\u00ebtare dhe t&#8217;i sh\u00ebrbej\u00eb ambicieve t\u00eb tij personale e politike.<\/p>\n<p>Pra, kur Rama flet p\u00ebr &#8220;v\u00ebllaz\u00ebrin\u00eb&#8221;, le t\u00eb kujtojm\u00eb se ajo p\u00ebr t\u00eb \u00ebsht\u00eb vet\u00ebm nj\u00eb fjal\u00eb q\u00eb fsheh nj\u00eb mekaniz\u00ebm t\u00eb qart\u00eb shfryt\u00ebzimi. V\u00ebllai i tij biologjik, si simbol i korrupsionit, nuk \u00ebsht\u00eb nj\u00eb p\u00ebrjashtim \u2013 \u00ebsht\u00eb rregulli i nj\u00eb regjimi q\u00eb nuk njeh kufij n\u00eb etjen p\u00ebr pushtet dhe pasuri.<\/p>\n<p>N\u00eb fund, nj\u00eb pyetje mbetet p\u00ebr Kryeministrin ton\u00eb t\u00eb vet\u00ebquajtur vizionar:<br \/>\nN\u00ebse opozita qenka problemi, at\u00ebher\u00eb pse jeni ju dhe &#8220;v\u00ebllez\u00ebrit tuaj&#8221; q\u00eb pasuroheni, nd\u00ebrsa shqiptar\u00ebt vet\u00ebm varf\u00ebrohen? Apo ndoshta kjo \u00ebsht\u00eb pyetja q\u00eb SPAK-u kurr\u00eb nuk do t\u00eb guxoj\u00eb t\u00eb b\u00ebj\u00eb.<\/p>\n","protected":false},"excerpt":{"rendered":"<p>Desada XHETANI N\u00ebnkryetare e FRPD dhe Senatore e Universitetit t\u00eb Tiran\u00ebs\u00a0 Kryeministri Edi Rama, me talentin e tij t\u00eb paz\u00ebvend\u00ebsuesh\u00ebm p\u00ebr t&#8217;u viktimizuar dhe p\u00ebr t\u00eb devijuar v\u00ebmendjen nga d\u00ebshtimet e tij, ka hedhur nj\u00eb tjet\u00ebr akuz\u00eb t\u00eb pabaz\u00eb ndaj opozit\u00ebs. Sipas tij, ne &#8220;gjoja&#8221; kemi p\u00ebrdorur v\u00ebllan\u00eb e tij p\u00ebr ta goditur n\u00eb opinionin &hellip;<\/p>\n","protected":false},"author":4,"featured_media":101230,"comment_status":"closed","ping_status":"closed","sticky":false,"template":"","format":"standard","meta":{"footnotes":""},"categories":[44],"tags":[],"class_list":["post-101227","post","type-post","status-publish","format-standard","has-post-thumbnail","","category-editorial"],"_links":{"self":[{"href":"https:\/\/rdnews.al\/index.php\/wp-json\/wp\/v2\/posts\/101227","targetHints":{"allow":["GET"]}}],"collection":[{"href":"https:\/\/rdnews.al\/index.php\/wp-json\/wp\/v2\/posts"}],"about":[{"href":"https:\/\/rdnews.al\/index.php\/wp-json\/wp\/v2\/types\/post"}],"author":[{"embeddable":true,"href":"https:\/\/rdnews.al\/index.php\/wp-json\/wp\/v2\/users\/4"}],"replies":[{"embeddable":true,"href":"https:\/\/rdnews.al\/index.php\/wp-json\/wp\/v2\/comments?post=101227"}],"version-history":[{"count":1,"href":"https:\/\/rdnews.al\/index.php\/wp-json\/wp\/v2\/posts\/101227\/revisions"}],"predecessor-version":[{"id":101229,"href":"https:\/\/rdnews.al\/index.php\/wp-json\/wp\/v2\/posts\/101227\/revisions\/101229"}],"wp:featuredmedia":[{"embeddable":true,"href":"https:\/\/rdnews.al\/index.php\/wp-json\/wp\/v2\/media\/101230"}],"wp:attachment":[{"href":"https:\/\/rdnews.al\/index.php\/wp-json\/wp\/v2\/media?parent=101227"}],"wp:term":[{"taxonomy":"category","embeddable":true,"href":"https:\/\/rdnews.al\/index.php\/wp-json\/wp\/v2\/categories?post=101227"},{"taxonomy":"post_tag","embeddable":true,"href":"https:\/\/rdnews.al\/index.php\/wp-json\/wp\/v2\/tags?post=101227"}],"curies":[{"name":"wp","href":"https:\/\/api.w.org\/{rel}","templated":true}]}}