{"id":101231,"date":"2025-01-13T12:46:47","date_gmt":"2025-01-13T12:46:47","guid":{"rendered":"https:\/\/rdnews.al\/?p=101231"},"modified":"2025-01-13T12:47:10","modified_gmt":"2025-01-13T12:47:10","slug":"xibraka-prokurori-mashtroi-bardhi-gjykata-nuk-ka-pushuar-ceshtjen-per-ols-ramen","status":"publish","type":"post","link":"https:\/\/rdnews.al\/index.php\/2025\/01\/13\/xibraka-prokurori-mashtroi-bardhi-gjykata-nuk-ka-pushuar-ceshtjen-per-ols-ramen\/","title":{"rendered":"\u201cXibraka\u201d\/ Prokurori mashtroi, Bardhi: Gjykata nuk ka pushuar \u00e7\u00ebshtjen p\u00ebr Olsi Ram\u00ebn!"},"content":{"rendered":"<p>Kryetari i grupit parlamentar t\u00eb PD, Gazment Bardhi ka reaguar s\u00ebrish n\u00eb lidhje me \u00e7\u00ebshjen \u201cXibraka\u201d, duke e cil\u00ebsuar prokurorin Alfred Shehu si mashtrues dhe g\u00ebnjeshtar.<\/p>\n<p>N\u00eb reagimin e tij, Bardhi shkruan se, vendimin p\u00ebr pushimin e \u00e7\u00ebshtjes e merr gjykata e jo prokurori.<\/p>\n<p><strong>Reagimi<\/strong><\/p>\n<p>I nj\u00ebjti prokuror q\u00eb jo vet\u00ebm mashtroi publikisht, jo vet\u00ebm fshehu 4 persona t\u00eb p\u00ebrfshir\u00eb n\u00eb ngjarje q\u00eb mbeten sot e k\u00ebsaj dite t\u00eb pa zbuluar, por sipas Gjykat\u00ebs s\u00eb Apelit, b\u00ebr\u00eb t\u00eb bardh\u00ebn t\u00eb zez\u00eb n\u00eb ngjarjen e Elbasanit, u p\u00ebrpoq m\u00eb kot t\u00eb b\u00ebj\u00eb t\u00eb zez\u00ebn t\u00eb bardh\u00eb n\u00eb \u00e7\u00ebshtjen Xibraka!<\/p>\n<p>Sipas prokurorit ai ka p\u00ebrfunduar hetimet p\u00ebr Ols Ram\u00ebn dhe ska \u00e7far\u00eb veprimesh hetimore t\u00eb b\u00ebj m\u00eb shum\u00eb, pra ka \u2018pushuar hetimin\u2019 p\u00ebr t\u00eb sa koh\u00eb ka dal\u00eb me \u2018konkluzion\u2019.<\/p>\n<p>E v\u00ebrteta \u00ebsht\u00eb q\u00eb as ka hetuar gj\u00eb dhe as ka p\u00ebrfunduar asgj\u00eb.<\/p>\n<p>Pyetje \u00ebsht\u00eb: A ka marr\u00eb vendimin e pushimit t\u00eb \u00e7\u00ebshtjes nga gjykata p\u00ebr Ols Ram\u00ebn sa koh\u00eb ka dal\u00eb n\u00eb konkluzionin lidhur me t\u00eb?! N\u00ebse gjykata nuk \u00ebsht\u00eb shprehur, \u00e7far\u00eb hetimi ka p\u00ebrfunduar dhe si mund t\u00eb dilet n\u00eb konkluzion?!<\/p>\n<p>Certifikimin n\u00ebse jan\u00eb kryer apo jo t\u00eb gjitha veprimet e mundshme hetimore, ka apo jo prova, p\u00ebrfundon apo pushon hetimi, e merr vet\u00ebm gjykata, jo prokuroria!<\/p>\n<p>Pse nuk e d\u00ebrgoj\u00eb \u00e7\u00ebshtjen n\u00eb gjykata p\u00ebr certifikimin prokurori Shehu, \u00e7far\u00eb po fsheh?<\/p>\n<p>Si mund t\u00eb b\u00ebj\u00eb njoftime me p\u00ebrmbajtje politike, pa b\u00ebr\u00eb transparenc\u00eb, \u00e7far\u00eb ka hetuar, \u00e7far\u00eb veprimesh ka kryer, \u00e7far\u00eb ka zbuluar, \u00e7far\u00eb e pengon identifikimin e autor\u00ebve t\u00eb tjer\u00eb?<\/p>\n<p>Transparenca i sh\u00ebrben ruajtjes s\u00eb besimit t\u00eb qytetar\u00ebve tek institucionet dhe n\u00eb k\u00ebt\u00eb rast \u00ebsht\u00eb jetike sepse b\u00ebhet fjal\u00eb p\u00ebr nj\u00eb prokuror q\u00eb \u00ebsht\u00eb certifikuar si manipulator i krimeve t\u00eb pushtetit!<\/p>\n","protected":false},"excerpt":{"rendered":"<p>Kryetari i grupit parlamentar t\u00eb PD, Gazment Bardhi ka reaguar s\u00ebrish n\u00eb lidhje me \u00e7\u00ebshjen \u201cXibraka\u201d, duke e cil\u00ebsuar prokurorin Alfred Shehu si mashtrues dhe g\u00ebnjeshtar. N\u00eb reagimin e tij, Bardhi shkruan se, vendimin p\u00ebr pushimin e \u00e7\u00ebshtjes e merr gjykata e jo prokurori. Reagimi I nj\u00ebjti prokuror q\u00eb jo vet\u00ebm mashtroi publikisht, jo vet\u00ebm &hellip;<\/p>\n","protected":false},"author":4,"featured_media":101035,"comment_status":"closed","ping_status":"closed","sticky":false,"template":"","format":"standard","meta":{"footnotes":""},"categories":[37],"tags":[],"class_list":["post-101231","post","type-post","status-publish","format-standard","has-post-thumbnail","","category-politike"],"_links":{"self":[{"href":"https:\/\/rdnews.al\/index.php\/wp-json\/wp\/v2\/posts\/101231","targetHints":{"allow":["GET"]}}],"collection":[{"href":"https:\/\/rdnews.al\/index.php\/wp-json\/wp\/v2\/posts"}],"about":[{"href":"https:\/\/rdnews.al\/index.php\/wp-json\/wp\/v2\/types\/post"}],"author":[{"embeddable":true,"href":"https:\/\/rdnews.al\/index.php\/wp-json\/wp\/v2\/users\/4"}],"replies":[{"embeddable":true,"href":"https:\/\/rdnews.al\/index.php\/wp-json\/wp\/v2\/comments?post=101231"}],"version-history":[{"count":2,"href":"https:\/\/rdnews.al\/index.php\/wp-json\/wp\/v2\/posts\/101231\/revisions"}],"predecessor-version":[{"id":101233,"href":"https:\/\/rdnews.al\/index.php\/wp-json\/wp\/v2\/posts\/101231\/revisions\/101233"}],"wp:featuredmedia":[{"embeddable":true,"href":"https:\/\/rdnews.al\/index.php\/wp-json\/wp\/v2\/media\/101035"}],"wp:attachment":[{"href":"https:\/\/rdnews.al\/index.php\/wp-json\/wp\/v2\/media?parent=101231"}],"wp:term":[{"taxonomy":"category","embeddable":true,"href":"https:\/\/rdnews.al\/index.php\/wp-json\/wp\/v2\/categories?post=101231"},{"taxonomy":"post_tag","embeddable":true,"href":"https:\/\/rdnews.al\/index.php\/wp-json\/wp\/v2\/tags?post=101231"}],"curies":[{"name":"wp","href":"https:\/\/api.w.org\/{rel}","templated":true}]}}