{"id":101239,"date":"2025-01-13T17:28:33","date_gmt":"2025-01-13T17:28:33","guid":{"rendered":"https:\/\/rdnews.al\/?p=101239"},"modified":"2025-01-13T17:29:37","modified_gmt":"2025-01-13T17:29:37","slug":"berisha-taulant-balla-simboli-i-krimit-shqiptaret-i-largohen-sapo-i-degjojne-emrin","status":"publish","type":"post","link":"https:\/\/rdnews.al\/index.php\/2025\/01\/13\/berisha-taulant-balla-simboli-i-krimit-shqiptaret-i-largohen-sapo-i-degjojne-emrin\/","title":{"rendered":"Berisha: Taulant Balla simboli i krimit, shqiptar\u00ebt i largohen sapo i d\u00ebgjojn\u00eb emrin!"},"content":{"rendered":"<p>Kryetari i PD, Sali Berisha, n\u00eb mbledhjen e kryesis\u00eb s\u00eb partis\u00eb ka folur vot\u00ebn e diaspor\u00ebs. Berisha tha se, ky \u00ebsht\u00eb nj\u00eb eveniment i jasht\u00ebzakonsh\u00ebm, i nj\u00eb r\u00ebnd\u00ebsie shum\u00eb t\u00eb madhe n\u00eb historin\u00eb elektorale. Ai tha se, diaspora ka braktisur takimet e Ball\u00ebs dhe rilindjes.<\/p>\n<p>\u201cKjo mbledhje \u00ebsht\u00eb thirrur p\u00ebr emergjenc\u00ebn e krijuar nga problematika e vot\u00ebs s\u00eb 1.5 milion\u00eb shqiptar\u00ebve jasht\u00eb vendit.<\/p>\n<p>Ky \u00ebsht\u00eb nj\u00eb eveniment i jasht\u00ebzakonsh\u00ebm, i nj\u00eb r\u00ebnd\u00ebsie shum\u00eb t\u00eb madhe n\u00eb historin\u00eb elektorale, por historia elektorale \u00ebsht\u00eb historia e demokracis\u00eb, thelbi i demokracis\u00eb.<\/p>\n<p>Ky proces si\u00e7 edhe pritej nuk mund t\u00eb mos ishte pa problematika.<\/p>\n<p>1 milion e gjysm\u00eb shqiptar\u00eb t\u00eb shp\u00ebrndar\u00eb n\u00eb t\u00eb gjith\u00eb planetin, imagjinoni se \u00e7far\u00eb konstituence e madhe \u00ebsht\u00eb. Qeveria nuk pranoi t\u00eb votohej me telefon, si\u00e7 votojn\u00eb shum\u00eb vende, por k\u00ebrkoi t\u00eb votohej n\u00eb e-Albania, q\u00eb \u00ebsht\u00eb portali m\u00eb i manipuluar n\u00eb Evrop\u00eb dhe bot\u00eb. Nj\u00eb portal ku fusin duart e zeza, nj\u00eb mori mafioz\u00ebsh vendi dhe t\u00eb huaj dhe e b\u00ebjn\u00eb at\u00eb shport\u00eb q\u00eb nuk jep asnj\u00eb siguri.<\/p>\n<p>Dhe ne e p\u00ebrjashtuam k\u00ebt\u00eb mund\u00ebsi.<\/p>\n<p>Tani si praktika e par\u00eb, natyrisht se ne kishim q\u00eb n\u00eb fillim modulin m\u00eb t\u00eb mir\u00eb t\u00eb trajtimit t\u00eb saj. Jo, por nj\u00eb gj\u00eb del shum\u00eb e qart\u00eb. Gjat\u00eb k\u00ebtyre dy muajve, emigracioni dhe diaspora jan\u00eb masivisht p\u00ebr rotacionin, jan\u00eb p\u00ebr PD, jan\u00eb kund\u00ebr narkoshtetit.<\/p>\n<p>Para se t\u00eb vija k\u00ebtu po shihja takimin e fundit t\u00eb Taulant Ball\u00ebs, ku nga mij\u00ebra karrige, a sa ishin aty n\u00eb sall\u00eb nuk i num\u00ebrova, vet\u00ebm rreshtat e par\u00eb dhe ata nj\u00eb pjes\u00eb t\u00eb marr\u00eb nga Vlora, nga ai Dredha q\u00eb \u00ebsht\u00eb kryebashkiaku m\u00eb problematik q\u00eb ka pasur n\u00eb historin\u00eb e tij, qyteti i Vlor\u00ebs.<\/p>\n<p>Ermal Dredha e Taulant Balla. Taulant Balla i largohen shqiptar\u00ebt sa e d\u00ebgjojn\u00eb sepse \u00ebsht\u00eb b\u00ebr\u00eb sinonim, apo simbol i kriminelit elektoral dhe jo\u00a0 vet\u00ebm elektoral. I lidhjeve m\u00eb obskure me drog\u00ebn, larjen e pare, me vrasjet dhe aktet e tjera\u201d, tha Berisha.<\/p>\n","protected":false},"excerpt":{"rendered":"<p>Kryetari i PD, Sali Berisha, n\u00eb mbledhjen e kryesis\u00eb s\u00eb partis\u00eb ka folur vot\u00ebn e diaspor\u00ebs. Berisha tha se, ky \u00ebsht\u00eb nj\u00eb eveniment i jasht\u00ebzakonsh\u00ebm, i nj\u00eb r\u00ebnd\u00ebsie shum\u00eb t\u00eb madhe n\u00eb historin\u00eb elektorale. Ai tha se, diaspora ka braktisur takimet e Ball\u00ebs dhe rilindjes. \u201cKjo mbledhje \u00ebsht\u00eb thirrur p\u00ebr emergjenc\u00ebn e krijuar nga problematika &hellip;<\/p>\n","protected":false},"author":4,"featured_media":56586,"comment_status":"closed","ping_status":"closed","sticky":false,"template":"","format":"standard","meta":{"footnotes":""},"categories":[37],"tags":[],"class_list":["post-101239","post","type-post","status-publish","format-standard","has-post-thumbnail","","category-politike"],"_links":{"self":[{"href":"https:\/\/rdnews.al\/index.php\/wp-json\/wp\/v2\/posts\/101239","targetHints":{"allow":["GET"]}}],"collection":[{"href":"https:\/\/rdnews.al\/index.php\/wp-json\/wp\/v2\/posts"}],"about":[{"href":"https:\/\/rdnews.al\/index.php\/wp-json\/wp\/v2\/types\/post"}],"author":[{"embeddable":true,"href":"https:\/\/rdnews.al\/index.php\/wp-json\/wp\/v2\/users\/4"}],"replies":[{"embeddable":true,"href":"https:\/\/rdnews.al\/index.php\/wp-json\/wp\/v2\/comments?post=101239"}],"version-history":[{"count":1,"href":"https:\/\/rdnews.al\/index.php\/wp-json\/wp\/v2\/posts\/101239\/revisions"}],"predecessor-version":[{"id":101241,"href":"https:\/\/rdnews.al\/index.php\/wp-json\/wp\/v2\/posts\/101239\/revisions\/101241"}],"wp:featuredmedia":[{"embeddable":true,"href":"https:\/\/rdnews.al\/index.php\/wp-json\/wp\/v2\/media\/56586"}],"wp:attachment":[{"href":"https:\/\/rdnews.al\/index.php\/wp-json\/wp\/v2\/media?parent=101239"}],"wp:term":[{"taxonomy":"category","embeddable":true,"href":"https:\/\/rdnews.al\/index.php\/wp-json\/wp\/v2\/categories?post=101239"},{"taxonomy":"post_tag","embeddable":true,"href":"https:\/\/rdnews.al\/index.php\/wp-json\/wp\/v2\/tags?post=101239"}],"curies":[{"name":"wp","href":"https:\/\/api.w.org\/{rel}","templated":true}]}}