{"id":101242,"date":"2025-01-13T17:35:16","date_gmt":"2025-01-13T17:35:16","guid":{"rendered":"https:\/\/rdnews.al\/?p=101242"},"modified":"2025-01-13T17:35:16","modified_gmt":"2025-01-13T17:35:16","slug":"berisha-vjedhjet-e-lubi-ballukut-me-energjine-kane-kufi-vetem-qiellin","status":"publish","type":"post","link":"https:\/\/rdnews.al\/index.php\/2025\/01\/13\/berisha-vjedhjet-e-lubi-ballukut-me-energjine-kane-kufi-vetem-qiellin\/","title":{"rendered":"Berisha: Vjedhjet e Lubi Ballukut me energjin\u00eb kan\u00eb kufi vet\u00ebm qiellin!"},"content":{"rendered":"<p>Kryetari i PD, Sali Berisha gjate mbledhjes se kryesis\u00eb tha se, sot \u00e7do shqiptar e ka t\u00eb qart\u00eb se, paketa ta quajm\u00eb e 100 dit\u00ebve t\u00eb para, \u00ebsht\u00eb paketa e p\u00ebrmbysjes s\u00eb madhe t\u00eb shp\u00ebrndarjes s\u00eb t\u00eb ardhurave t\u00eb qytetar\u00ebve shqiptar\u00eb.<\/p>\n<p>\u201cE v\u00ebrteta \u00ebsht\u00eb q\u00eb sot \u00e7do shqiptar e sheh q\u00eb ka nj\u00eb forc\u00eb politike, q\u00eb t\u00eb pamundshmet i b\u00ebn t\u00eb mundshme dhe kjo \u00ebsht\u00eb Partia Demokratike.<\/p>\n<p>Sot \u00e7do shqiptar e ka t\u00eb qart\u00eb se, paketa ta quajm\u00eb e 100 dit\u00ebve t\u00eb para, \u00ebsht\u00eb paketa e p\u00ebrmbysjes s\u00eb madhe t\u00eb shp\u00ebrndarjes s\u00eb t\u00eb ardhurave t\u00eb qytetar\u00ebve shqiptar\u00eb.<\/p>\n<p>T\u00eb vendosjes s\u00eb minimumit jetik 200 euro. Jan\u00eb 57% e pensionist\u00ebve q\u00eb marrin pension jo t\u00eb plot\u00eb. Jan\u00eb 100 mij\u00eb pensionist\u00eb n\u00eb fshat q\u00eb marrin 12 euro pension. Jan\u00eb t\u00eb gjith\u00eb invalid\u00ebt dhe t\u00eb tjer\u00ebt q\u00eb nuk p\u00ebrballojn\u00eb as gjysm\u00ebn e shpenzimeve t\u00eb tyre sh\u00ebndet\u00ebsore me pensionin. Pensioni mesatar 170 euro, q\u00eb nuk mjafton as p\u00ebr kafshat\u00ebn.<\/p>\n<p>T\u00eb gjith\u00eb k\u00ebta tre muaj e par\u00eb t\u00eb qeverisjes ton\u00eb, do t\u00eb marrin fiks 200 euro. 200 euro do t\u00eb marr\u00eb \u00e7do shqiptar\u00eb q\u00eb nuk merr asgj\u00eb deri sot. se ka me dhjet\u00ebra mij\u00ebra dhe m\u00eb shum\u00eb, qytetare dhe qytetar\u00eb q\u00eb nuk kan\u00eb asnj\u00eb lloj pensioni. 200 euro.<\/p>\n<p>Pse 200. \u00cbsht\u00eb minimumi jetik. Duhet t\u00eb jetoj\u00eb, nuk mund ti thuash pse ske punuar, pse ke punuar, do ti jap\u00ebsh t\u00eb jetoj\u00eb dhe do t\u00eb jetoj\u00eb.<\/p>\n<p>Kan\u00eb shp\u00ebrthyer n\u00eb nj\u00eb mashtrim, n\u00eb nj\u00eb ciniz\u00ebm t\u00eb paimagjinuesh\u00ebm me qytetar\u00ebt, tejkalojn\u00eb et\u00ebrit e tyre.<\/p>\n<p>Rama dhe Lubia jan\u00eb n\u00eb gar\u00eb me nj\u00ebri-tjetrin q\u00eb t\u00eb p\u00ebrs\u00ebrisin si papagaj nga m\u00ebngjesi deri n\u00eb dark\u00eb, g\u00ebnjeshtrat e veta. Ulet korenti p\u00ebr her\u00eb t\u00eb par\u00eb n\u00eb histori, ulet thot\u00eb Lubia, ulet thot\u00eb Rama.<\/p>\n<p>Si p\u00ebr her\u00eb t\u00eb par\u00eb. Po a ishte korenti 77 lek gjer n\u00eb vitin 2013. A ishte fashoja e par\u00eb 77 lek. A e more dhe e b\u00ebre 95 lek. Tallesh me shqiptar\u00ebt ti. U more nga viti 2014 e gjer tani, ju ke marr\u00eb fiks 600 milion\u00eb euro nga xhepat e tyre, ua ke nxjerr\u00eb. Se vet\u00eb tha q\u00eb, kjo ulje nga 95 n\u00eb 85 \u00ebsht\u00eb 30 milion\u00eb euro. At\u00ebher\u00eb rritja nga 77 n\u00eb 95 \u00ebsht\u00eb 60 mln euro.<\/p>\n<p>Pra ju mor\u00ebn shqiptar\u00ebve 600 milion\u00eb euro dhe tani thot\u00eb, ulja e par\u00eb n\u00eb histori, k\u00ebta jan\u00eb turpi i historis\u00eb.<\/p>\n<p>P\u00ebrve\u00e7 k\u00ebsaj, 100 mln euro kan\u00eb marr\u00eb n\u00eb 2015 nga buxheti se u t\u00ebrhoq\u00ebn nga arbitrazhi dhe i paguan CEZ-it, i ndan\u00eb me ata, 100 mln euro.<\/p>\n<p>N\u00eb 2023 kan\u00eb marr\u00eb nga buxheti 200 mln euro dhe plus 80 mln garanci kredie dhe i kan\u00eb dh\u00ebn\u00eb CEZ-it. Nga parat\u00eb e buxhetit, nga parat\u00eb e qytetar\u00ebve se po i lumturojn\u00eb, se po ja ulin p\u00ebr her\u00eb t\u00eb par\u00eb n\u00eb histori energjin\u00eb. Nuk ka sharlatan si k\u00ebta bota, se k\u00ebta nuk kan\u00eb asnj\u00eblloj respekti minimal p\u00ebr njer\u00ebzit.<\/p>\n<p>Nga taksat e qytetar\u00ebve u kan\u00eb marr\u00eb 900 milion\u00eb dhe u rikthejn\u00eb p\u00ebr 1 vit, po ju japin 30 mln. Merr fund kjo pun\u00eb.<\/p>\n<p>Modeli yn\u00eb, Enti Rregullator i Energjis\u00eb do t\u00eb vendos\u00eb, do t\u00eb rikthej\u00eb jo 77, por 70 lek 300 kilovat\u00ebt e par\u00eb. 100 lek, jo 115 fashon e dyt\u00eb. Kurse bizneset do t\u00eb zbresin p\u00ebrs\u00ebri n\u00eb 60 lek.<\/p>\n<p>Nuk \u00ebsht\u00eb koha t\u00eb hyjm\u00eb k\u00ebtu, por vjedhjet e Lubi Ballukut me energjin\u00eb, ju them kan\u00eb kufi vet\u00ebm qiellin. Nuk ka p\u00ebrdorur kush kurr\u00eb kaskad\u00ebn e Drinit n\u00eb m\u00ebnyr\u00eb m\u00eb kriminale se ky person. E cila \u00ebsht\u00eb nj\u00eb mrekulli, nj\u00eb pasuri shum\u00eb e \u00e7muar n\u00eb kuptimin e asaj q\u00eb \u00ebsht\u00eb nj\u00eb rezerv\u00eb energjetike e cila t\u00eb jep shum\u00eb mund\u00ebsira p\u00ebr t\u00eb rregulluar furnizimin, por edhe \u00e7mimet dhe t\u00eb gjitha.<\/p>\n<p>Kjo zbrazte kaskad\u00ebn duke shitur tek nd\u00ebrmjet\u00ebsit e saj, me \u00e7mim 3 her\u00eb m\u00eb t\u00eb ul\u00ebt se sa n\u00eb burs\u00eb, se sa n\u00eb treg, e faktuar. Nd\u00ebrmjet\u00ebsit e saj e blinim n\u00eb kaskad\u00eb energjin\u00eb me \u00e7mim 3 her\u00eb m\u00eb t\u00eb ul\u00ebt, e shisnin pastaj n\u00eb burs\u00eb me \u00e7mim 3 her\u00eb m\u00eb t\u00eb lart\u00eb dhe e ndanin, se k\u00ebta jan\u00eb t\u00eb pangopur.<\/p>\n<p>Keni par\u00eb ju, burs\u00ebn e kan\u00eb formale, i detyruar nd\u00ebrkob\u00ebtar\u00ebt duke par\u00eb nj\u00eb vjedhje t\u00eb paimagjinueshme i detyruan t\u00eb hapin burs\u00ebn. Bursa \u00ebsht\u00eb kot, nj\u00eb stoli, bursa e energjis\u00eb nuk funksionin n\u00eb t\u00ebr\u00ebsi. Dhe tani ju thot\u00eb, ju lumturova se ua ula 1 lek kilovatorin.<\/p>\n<p>T\u00eb gjitha k\u00ebto, t\u00eb cil\u00ebt tani qytetar\u00ebt e kan\u00eb kuptuar se k\u00ebta jan\u00eb hajdut\u00eb t\u00eb pam\u00ebshir\u00eb\u201d, u shpreh Berisha.<\/p>\n","protected":false},"excerpt":{"rendered":"<p>Kryetari i PD, Sali Berisha gjate mbledhjes se kryesis\u00eb tha se, sot \u00e7do shqiptar e ka t\u00eb qart\u00eb se, paketa ta quajm\u00eb e 100 dit\u00ebve t\u00eb para, \u00ebsht\u00eb paketa e p\u00ebrmbysjes s\u00eb madhe t\u00eb shp\u00ebrndarjes s\u00eb t\u00eb ardhurave t\u00eb qytetar\u00ebve shqiptar\u00eb. \u201cE v\u00ebrteta \u00ebsht\u00eb q\u00eb sot \u00e7do shqiptar e sheh q\u00eb ka nj\u00eb forc\u00eb politike, &hellip;<\/p>\n","protected":false},"author":4,"featured_media":101240,"comment_status":"closed","ping_status":"closed","sticky":false,"template":"","format":"standard","meta":{"footnotes":""},"categories":[37],"tags":[],"class_list":["post-101242","post","type-post","status-publish","format-standard","has-post-thumbnail","","category-politike"],"_links":{"self":[{"href":"https:\/\/rdnews.al\/index.php\/wp-json\/wp\/v2\/posts\/101242","targetHints":{"allow":["GET"]}}],"collection":[{"href":"https:\/\/rdnews.al\/index.php\/wp-json\/wp\/v2\/posts"}],"about":[{"href":"https:\/\/rdnews.al\/index.php\/wp-json\/wp\/v2\/types\/post"}],"author":[{"embeddable":true,"href":"https:\/\/rdnews.al\/index.php\/wp-json\/wp\/v2\/users\/4"}],"replies":[{"embeddable":true,"href":"https:\/\/rdnews.al\/index.php\/wp-json\/wp\/v2\/comments?post=101242"}],"version-history":[{"count":1,"href":"https:\/\/rdnews.al\/index.php\/wp-json\/wp\/v2\/posts\/101242\/revisions"}],"predecessor-version":[{"id":101243,"href":"https:\/\/rdnews.al\/index.php\/wp-json\/wp\/v2\/posts\/101242\/revisions\/101243"}],"wp:featuredmedia":[{"embeddable":true,"href":"https:\/\/rdnews.al\/index.php\/wp-json\/wp\/v2\/media\/101240"}],"wp:attachment":[{"href":"https:\/\/rdnews.al\/index.php\/wp-json\/wp\/v2\/media?parent=101242"}],"wp:term":[{"taxonomy":"category","embeddable":true,"href":"https:\/\/rdnews.al\/index.php\/wp-json\/wp\/v2\/categories?post=101242"},{"taxonomy":"post_tag","embeddable":true,"href":"https:\/\/rdnews.al\/index.php\/wp-json\/wp\/v2\/tags?post=101242"}],"curies":[{"name":"wp","href":"https:\/\/api.w.org\/{rel}","templated":true}]}}