{"id":101244,"date":"2025-01-13T17:40:30","date_gmt":"2025-01-13T17:40:30","guid":{"rendered":"https:\/\/rdnews.al\/?p=101244"},"modified":"2025-01-13T17:40:30","modified_gmt":"2025-01-13T17:40:30","slug":"berisha-thirrje-diaspores-regjistrohuni-per-te-votuar-cdo-vote-e-juaja-eshte-vote-per-shpetimin-e-shqiperise","status":"publish","type":"post","link":"https:\/\/rdnews.al\/index.php\/2025\/01\/13\/berisha-thirrje-diaspores-regjistrohuni-per-te-votuar-cdo-vote-e-juaja-eshte-vote-per-shpetimin-e-shqiperise\/","title":{"rendered":"Berisha thirrje diaspor\u00ebs: Regjistrohuni p\u00ebr t\u00eb votuar, \u00e7do vot\u00eb e juaja \u00ebsht\u00eb vot\u00eb p\u00ebr shp\u00ebtimin e Shqip\u00ebris\u00eb!"},"content":{"rendered":"<p>Lideri i opozit\u00ebs, Sali Berisha, gjat\u00eb fjalimit t\u00eb tij n\u00eb mbledhjen e Kryesis\u00eb \u00ebsht\u00eb ndalur n\u00eb m\u00ebnyr\u00eb t\u00eb ve\u00e7ant\u00eb tek diaspora. Berisha tha se u b\u00ebj thirrje t\u00eb gjith\u00eb emigrant\u00ebve, t\u00eb gjith\u00eb diaspor\u00ebs t\u00eb gjuajn\u00eb me vez\u00eb dhe domate t\u00eb gjith\u00eb k\u00ebta hajdut\u00eb q\u00eb me vjedhjet e tyre, jan\u00eb shkaku i largimeve nga Shqip\u00ebria.<\/p>\n<p><strong>Berisha:<\/strong>\u00a0Rikthehemi tani tek emigracioni dhe diaspora.<\/p>\n<p>Ne kemi ngarkuar zonj\u00ebn Jozefina Topalli koordinatore komb\u00ebtare p\u00ebr emigracionin dhe diaspor\u00ebn. Por tani ne kalojm\u00eb n\u00eb nj\u00eb proces decentralizimi maksimal.<\/p>\n<p>\u00c7far\u00eb do t\u00eb thot\u00eb kjo? \u00c7do drejtues, \u00e7do deputet, \u00e7do an\u00ebtar i kryesis\u00eb dhe K\u00ebshillit Komb\u00ebtar duihet t\u00eb shfryt\u00ebzoj\u00eb \u00e7do lidhje, \u00e7do potencial p\u00ebr takime n\u00eb emigracion dhe diaspor\u00eb.<\/p>\n<p>Ne nuk e bazojm\u00eb n\u00eb takime pompoze, 200 mij\u00eb euro, 130 mij\u00eb eurosh, si\u00e7 b\u00ebjn\u00eb ata. Ne do t\u00eb ndjekim procesin me nj\u00eb mori t\u00eb pafundme takimesh kudo q\u00eb t\u00eb jen\u00eb ata.<\/p>\n<p>Por ky proces, rr\u00ebnja, themelet e tij jan\u00eb n\u00eb Shqip\u00ebri. Kjo k\u00ebrkon q\u00eb ne duhet ti identifikojm\u00eb, t\u00eb b\u00ebjm\u00eb list\u00ebn e \u00e7do qytetari dhe qytetareje n\u00eb diaspor\u00eb q\u00eb ka t\u00eb drejt\u00eb vote.<\/p>\n<p>Kjo k\u00ebrkon q\u00eb ne t\u00eb shkojm\u00eb ti takojm\u00eb, me grupe t\u00eb vogla, grupe m\u00eb t\u00eb m\u00ebdha.<\/p>\n<p>Realisht ka nj\u00eb m\u00ebnyr\u00eb p\u00ebr t\u00eb b\u00ebr\u00eb pluhur k\u00ebt\u00eb shtet elektoral, kriminal dhe leva e Arkimedit p\u00ebr k\u00ebt\u00eb emigracioni dhe diaspora.<\/p>\n<p>Ju e shihni, Edi Rama \u00e7do dit\u00eb e bazon fushat\u00ebn n\u00eb krimin e shtetit elektoral. Kryetar\u00ebt e bashkis\u00eb kan\u00eb marr\u00eb urdh\u00ebr q\u00eb t\u00eb mbyllin bashkit\u00eb dhe t\u00eb dalin n\u00eb emigracion dhe diaspor\u00eb.<\/p>\n<p>U b\u00ebj thirrje t\u00eb gjith\u00eb emigrant\u00ebve, t\u00eb gjith\u00eb diaspor\u00ebs t\u00eb gjuajn\u00eb me vez\u00eb dhe domate t\u00eb gjith\u00eb k\u00ebta hajdut\u00eb q\u00eb me vjedhjet e tyre, jan\u00eb shkaku i largimeve nga Shqip\u00ebria.<\/p>\n<p>I p\u00ebrg\u00ebzoj dhe i p\u00ebrsh\u00ebndes ata q\u00eb po braktisin sallat e tyre, por nuk mjafton braktisja e sall\u00ebs.<\/p>\n<p>Mos harroni se ishin demokrat\u00ebt ata q\u00eb rrethuan Edi Ram\u00ebn n\u00eb metropolin e bot\u00ebs dhe e fut\u00ebn nga dera e kuzhin\u00ebs. U detyrua t\u00eb futej n\u00eb sall\u00eb nga dera e kuzhin\u00ebs. Po, gj\u00eb q\u00eb si ka ndodhur ndonj\u00ebher\u00eb nj\u00eb kryeministri t\u00eb nj\u00eb vendi t\u00eb lir\u00eb, kurr\u00eb. Vet\u00ebm diktator\u00ebve, t\u00eb tjer\u00ebt n\u00eb Lond\u00ebr i d\u00ebshmuan se kush \u00ebsht\u00eb.<\/p>\n<p>Pra emigracioni dhe diaspora ka shum\u00eb m\u00ebnyra p\u00ebr t\u00eb nd\u00ebshkuar k\u00ebta hajdut\u00eb, q\u00eb duan t\u00eb mashtrojn\u00eb me parat\u00eb e tyre, e prind\u00ebrve t\u00eb tyre, e familjar\u00ebve t\u00eb tyre.<\/p>\n<p>Ndaj dhe zot\u00ebri drejtues t\u00eb qarqeve dhe an\u00ebtar\u00eb t\u00eb kryesis\u00eb s\u00eb PD, deputet\u00eb. \u00cbsht\u00eb e domosdoshme t\u00eb kalohet n\u00eb veprime energjike, konkrete dhe t\u00eb shpejta.<\/p>\n<p>Ju b\u00ebj thirrje t\u00eb gjith\u00eb emigrant\u00ebve dhe diaspor\u00ebs, t\u00eb regjistrohen n\u00eb platform\u00ebn e Komisionit Qendror t\u00eb Zgjedhjeve.<\/p>\n<p>\u00cbsht\u00eb e v\u00ebrtet\u00eb q\u00eb ka v\u00ebshtir\u00ebsi, pse e tek, auditi yn\u00eb, nj\u00eb grup i yni po b\u00ebn auditin e platform\u00ebs dhe me shpejt\u00ebsi do t\u00eb na informoj\u00eb se ku q\u00ebndrojn\u00eb problemet.<\/p>\n<p>Por p\u00ebrs\u00ebri, thirrja ime \u00ebsht\u00eb mos e humbni durimin. Aplikoni 2, 3 her\u00eb deri sa t\u00eb regjistroheni.<\/p>\n<p>\u00c7do vot\u00eb e juaja \u00ebsht\u00eb vot\u00eb p\u00ebr rotacionin, vot\u00eb p\u00ebr ndryshimin, vot\u00eb p\u00ebr shp\u00ebtimin e Shqip\u00ebris\u00eb.<\/p>\n<p>P\u00ebrve\u00e7 k\u00ebsaj, PD ka hapur portalin e saj n\u00eb t\u00eb cil\u00ebn cilido q\u00eb k\u00ebrkon t\u00eb m\u00ebsoj\u00eb m\u00eb shum\u00eb, p\u00ebr procedur\u00ebn e regjistrimit, regjistron emrin aty dhe n\u00eb m\u00ebnyr\u00eb automatike merr t\u00eb dh\u00ebna t\u00eb sakta, t\u00eb plota se \u00e7far\u00eb procedure duhet t\u00eb ndjek\u00eb, p\u00ebr tu regjistruar n\u00eb KQZ.<\/p>\n<p>\u00cbsht\u00eb jasht\u00ebzakonisht e r\u00ebnd\u00ebsishme. I garantoj se t\u00eb dh\u00ebnat e tyre, kan\u00eb garanci absolute n\u00eb k\u00ebt\u00eb faqe dhe se kjo shkurton rrug\u00ebn me instruktazhin q\u00eb merr p\u00ebr regjistrimin n\u00eb KQZ.<\/p>\n<p>Edhe nj\u00ebher\u00eb asnj\u00eb t\u00eb mos humbas\u00eb durimin. Platforma e KQZ-s\u00eb mund t\u00eb ket\u00eb defektet e veta, ato do t\u00eb p\u00ebrmir\u00ebsohen. Auditi teknik s\u00eb shpejti do t\u00eb dal\u00eb me konkluzione p\u00ebr t\u00eb gjetur ku jan\u00eb problematik dhe p\u00ebr ti korrigjuar sa m\u00eb shpejt.<\/p>\n<p>Nuk mundet kurrsesi q\u00eb ai portal t\u00eb mos ket\u00eb funksionimin m\u00eb t\u00eb mir\u00eb t\u00eb mundsh\u00ebm.<\/p>\n<p>Un\u00eb k\u00ebto kisha.<\/p>\n","protected":false},"excerpt":{"rendered":"<p>Lideri i opozit\u00ebs, Sali Berisha, gjat\u00eb fjalimit t\u00eb tij n\u00eb mbledhjen e Kryesis\u00eb \u00ebsht\u00eb ndalur n\u00eb m\u00ebnyr\u00eb t\u00eb ve\u00e7ant\u00eb tek diaspora. Berisha tha se u b\u00ebj thirrje t\u00eb gjith\u00eb emigrant\u00ebve, t\u00eb gjith\u00eb diaspor\u00ebs t\u00eb gjuajn\u00eb me vez\u00eb dhe domate t\u00eb gjith\u00eb k\u00ebta hajdut\u00eb q\u00eb me vjedhjet e tyre, jan\u00eb shkaku i largimeve nga Shqip\u00ebria. Berisha:\u00a0Rikthehemi &hellip;<\/p>\n","protected":false},"author":4,"featured_media":101245,"comment_status":"closed","ping_status":"closed","sticky":false,"template":"","format":"standard","meta":{"footnotes":""},"categories":[37],"tags":[],"class_list":["post-101244","post","type-post","status-publish","format-standard","has-post-thumbnail","","category-politike"],"_links":{"self":[{"href":"https:\/\/rdnews.al\/index.php\/wp-json\/wp\/v2\/posts\/101244","targetHints":{"allow":["GET"]}}],"collection":[{"href":"https:\/\/rdnews.al\/index.php\/wp-json\/wp\/v2\/posts"}],"about":[{"href":"https:\/\/rdnews.al\/index.php\/wp-json\/wp\/v2\/types\/post"}],"author":[{"embeddable":true,"href":"https:\/\/rdnews.al\/index.php\/wp-json\/wp\/v2\/users\/4"}],"replies":[{"embeddable":true,"href":"https:\/\/rdnews.al\/index.php\/wp-json\/wp\/v2\/comments?post=101244"}],"version-history":[{"count":1,"href":"https:\/\/rdnews.al\/index.php\/wp-json\/wp\/v2\/posts\/101244\/revisions"}],"predecessor-version":[{"id":101246,"href":"https:\/\/rdnews.al\/index.php\/wp-json\/wp\/v2\/posts\/101244\/revisions\/101246"}],"wp:featuredmedia":[{"embeddable":true,"href":"https:\/\/rdnews.al\/index.php\/wp-json\/wp\/v2\/media\/101245"}],"wp:attachment":[{"href":"https:\/\/rdnews.al\/index.php\/wp-json\/wp\/v2\/media?parent=101244"}],"wp:term":[{"taxonomy":"category","embeddable":true,"href":"https:\/\/rdnews.al\/index.php\/wp-json\/wp\/v2\/categories?post=101244"},{"taxonomy":"post_tag","embeddable":true,"href":"https:\/\/rdnews.al\/index.php\/wp-json\/wp\/v2\/tags?post=101244"}],"curies":[{"name":"wp","href":"https:\/\/api.w.org\/{rel}","templated":true}]}}