{"id":101247,"date":"2025-01-13T17:46:04","date_gmt":"2025-01-13T17:46:04","guid":{"rendered":"https:\/\/rdnews.al\/?p=101247"},"modified":"2025-01-13T20:31:11","modified_gmt":"2025-01-13T20:31:11","slug":"berisha-rama-dje-nuk-tha-dot-qe-sjam-hajdut-avokati-kryesor-i-krimit-elektoral-eshte-skrapi-i-parties","status":"publish","type":"post","link":"https:\/\/rdnews.al\/index.php\/2025\/01\/13\/berisha-rama-dje-nuk-tha-dot-qe-sjam-hajdut-avokati-kryesor-i-krimit-elektoral-eshte-skrapi-i-parties\/","title":{"rendered":"Berisha: Rama dje nuk tha dot q\u00eb s\u2019jam hajdut! Avokati kryesor i krimit elektoral \u00ebsht\u00eb skrapi i partis\u00eb!"},"content":{"rendered":"<p>Lideri i opozit\u00ebs, Sali Berisha tha gjat\u00eb nj\u00eb takimi me kryesin\u00eb e PD se, un\u00eb e kuptoj q\u00eb avokati kryesor i krimit elektoral \u00ebsht\u00eb skrapi i partis\u00eb, edhe i vjedhjeve.<\/p>\n<p>\u201cE vut\u00eb re ju dje. T\u00eb gjitha betimet e Edi Ram\u00ebs, por nuk u betua dot se, nuk jam hajdut. Mua m\u00eb beri p\u00ebrshtypje.<\/p>\n<p>Nuk jam i till\u00eb, nuk jam ai, nuk jam k\u00ebshtu e ashtu, por hajdut nuk tha dot se e dinte se i prishej fytyra po ta thoshte. Dhe un\u00eb po i them, o zot\u00ebrim, p\u00ebr shqiptar\u00ebt nuk ka r\u00ebnd\u00ebsi, cilido qofsh, je vetja jote, por ti je hajduti m\u00eb i madh q\u00eb kan\u00eb pasur shqiptar\u00ebt n\u00eb histori dhe kjo \u00ebsht\u00eb drama e shqiptar\u00ebve me ty.<\/p>\n<p>Kjo \u00ebsht\u00eb e v\u00ebrteta.<\/p>\n<p>T\u00eb vetmen gj\u00eb q\u00eb b\u00ebri mir\u00eb, ishte se nuk the nuk jam hajdut, nuk vjedh.<\/p>\n<p>Pra jemi n\u00eb nj\u00eb situat\u00eb me t\u00eb v\u00ebrtet\u00eb shum\u00eb t\u00eb favorshme.<\/p>\n<p>Me programin ton\u00eb, me transparenc\u00ebn q\u00eb i kemi b\u00ebr\u00eb k\u00ebsaj qeverie. Un\u00eb e kuptoj q\u00eb avokati kryesor i krimit elektoral \u00ebsht\u00eb skrapi i partis\u00eb, edhe i vjedhjeve.<\/p>\n<p>Por tani t\u00eb marrin Erion Veliajn. Ai n\u00eb qeli apo jasht\u00eb qelis\u00eb \u00ebsht\u00eb i pakallur. Ne e b\u00ebm\u00eb pun\u00ebn ton\u00eb, dhe do ta vazhdojm\u00eb. Por natyrisht elektorati e ka tashm\u00eb t\u00eb qart\u00eb se \u00e7far\u00eb p\u00ebrfaq\u00ebson. Se mos \u00ebsht\u00eb vet\u00ebm Erioni. Modeli Erion \u00ebsht\u00eb n\u00ebp\u00ebr t\u00eb gjitha bashkit\u00eb e vendit.<\/p>\n<p>Kjo \u00ebsht\u00eb e v\u00ebrteta ndaj dhe ne do tu b\u00ebjm\u00eb t\u00eb qart\u00eb qytetar\u00ebve n\u00eb t\u00eb gjitha bashkis\u00eb, se si k\u00ebta hajdut\u00eb vjedhin dit\u00eb e nat\u00eb\u201d, tha Berisha.<\/p>\n","protected":false},"excerpt":{"rendered":"<p>Lideri i opozit\u00ebs, Sali Berisha tha gjat\u00eb nj\u00eb takimi me kryesin\u00eb e PD se, un\u00eb e kuptoj q\u00eb avokati kryesor i krimit elektoral \u00ebsht\u00eb skrapi i partis\u00eb, edhe i vjedhjeve. \u201cE vut\u00eb re ju dje. T\u00eb gjitha betimet e Edi Ram\u00ebs, por nuk u betua dot se, nuk jam hajdut. Mua m\u00eb beri p\u00ebrshtypje. Nuk &hellip;<\/p>\n","protected":false},"author":4,"featured_media":101248,"comment_status":"closed","ping_status":"closed","sticky":false,"template":"","format":"standard","meta":{"footnotes":""},"categories":[37],"tags":[],"class_list":["post-101247","post","type-post","status-publish","format-standard","has-post-thumbnail","","category-politike"],"_links":{"self":[{"href":"https:\/\/rdnews.al\/index.php\/wp-json\/wp\/v2\/posts\/101247","targetHints":{"allow":["GET"]}}],"collection":[{"href":"https:\/\/rdnews.al\/index.php\/wp-json\/wp\/v2\/posts"}],"about":[{"href":"https:\/\/rdnews.al\/index.php\/wp-json\/wp\/v2\/types\/post"}],"author":[{"embeddable":true,"href":"https:\/\/rdnews.al\/index.php\/wp-json\/wp\/v2\/users\/4"}],"replies":[{"embeddable":true,"href":"https:\/\/rdnews.al\/index.php\/wp-json\/wp\/v2\/comments?post=101247"}],"version-history":[{"count":2,"href":"https:\/\/rdnews.al\/index.php\/wp-json\/wp\/v2\/posts\/101247\/revisions"}],"predecessor-version":[{"id":101270,"href":"https:\/\/rdnews.al\/index.php\/wp-json\/wp\/v2\/posts\/101247\/revisions\/101270"}],"wp:featuredmedia":[{"embeddable":true,"href":"https:\/\/rdnews.al\/index.php\/wp-json\/wp\/v2\/media\/101248"}],"wp:attachment":[{"href":"https:\/\/rdnews.al\/index.php\/wp-json\/wp\/v2\/media?parent=101247"}],"wp:term":[{"taxonomy":"category","embeddable":true,"href":"https:\/\/rdnews.al\/index.php\/wp-json\/wp\/v2\/categories?post=101247"},{"taxonomy":"post_tag","embeddable":true,"href":"https:\/\/rdnews.al\/index.php\/wp-json\/wp\/v2\/tags?post=101247"}],"curies":[{"name":"wp","href":"https:\/\/api.w.org\/{rel}","templated":true}]}}