{"id":101250,"date":"2025-01-13T17:57:27","date_gmt":"2025-01-13T17:57:27","guid":{"rendered":"https:\/\/rdnews.al\/?p=101250"},"modified":"2025-01-13T17:57:27","modified_gmt":"2025-01-13T17:57:27","slug":"pd-shkoder-dhe-kukes-reagojne-per-situaten-e-renduar-shteti-i-braktisi-banoret-e-bllokuar","status":"publish","type":"post","link":"https:\/\/rdnews.al\/index.php\/2025\/01\/13\/pd-shkoder-dhe-kukes-reagojne-per-situaten-e-renduar-shteti-i-braktisi-banoret-e-bllokuar\/","title":{"rendered":"PD Shkod\u00ebr dhe Kuk\u00ebs reagojn\u00eb p\u00ebr situat\u00ebn e r\u00ebnduar: Shteti i braktisi banor\u00ebt e bllokuar"},"content":{"rendered":"<p>Reagon Partia Demokratike n\u00eb Shkod\u00ebr dhe n\u00eb Kuk\u00ebs dhe kan\u00eb reaguar p\u00ebr situat\u00ebn e motit, ku bora ka paralizuar k\u00ebto dy qarqe.<\/p>\n<p>An\u00ebtarja e PD n\u00eb Keshillin Bashkiak\u00a0n\u00eb Shkod\u00ebr, Eliona Shkreli ka akuzuar bashkin\u00eb dhe kryetarin Benet Beci p\u00ebr situat\u00ebn pa energji elektrike n\u00eb k\u00ebt\u00eb qark. Shkak p\u00ebr k\u00ebt\u00eb situata sipas saj \u00ebsht\u00eb korrupsioni n\u00eb administrate.<\/p>\n<p>Kryetari i deg\u00ebs s\u00eb PD n\u00eb Kuk\u00ebs, Rraman Demaj ka denoncua munges\u00ebn e reagimit t\u00eb institucioneve ndaj zonave t\u00eb bllokuara dhe ka paralajm\u00ebruar kall\u00ebzim n\u00eb SPAK p\u00ebr zyrtar\u00ebt q\u00eb braktisin banor\u00ebt.<\/p>\n","protected":false},"excerpt":{"rendered":"<p>Reagon Partia Demokratike n\u00eb Shkod\u00ebr dhe n\u00eb Kuk\u00ebs dhe kan\u00eb reaguar p\u00ebr situat\u00ebn e motit, ku bora ka paralizuar k\u00ebto dy qarqe. An\u00ebtarja e PD n\u00eb Keshillin Bashkiak\u00a0n\u00eb Shkod\u00ebr, Eliona Shkreli ka akuzuar bashkin\u00eb dhe kryetarin Benet Beci p\u00ebr situat\u00ebn pa energji elektrike n\u00eb k\u00ebt\u00eb qark. Shkak p\u00ebr k\u00ebt\u00eb situata sipas saj \u00ebsht\u00eb korrupsioni n\u00eb &hellip;<\/p>\n","protected":false},"author":4,"featured_media":99473,"comment_status":"closed","ping_status":"closed","sticky":false,"template":"","format":"standard","meta":{"footnotes":""},"categories":[37],"tags":[],"class_list":["post-101250","post","type-post","status-publish","format-standard","has-post-thumbnail","","category-politike"],"_links":{"self":[{"href":"https:\/\/rdnews.al\/index.php\/wp-json\/wp\/v2\/posts\/101250","targetHints":{"allow":["GET"]}}],"collection":[{"href":"https:\/\/rdnews.al\/index.php\/wp-json\/wp\/v2\/posts"}],"about":[{"href":"https:\/\/rdnews.al\/index.php\/wp-json\/wp\/v2\/types\/post"}],"author":[{"embeddable":true,"href":"https:\/\/rdnews.al\/index.php\/wp-json\/wp\/v2\/users\/4"}],"replies":[{"embeddable":true,"href":"https:\/\/rdnews.al\/index.php\/wp-json\/wp\/v2\/comments?post=101250"}],"version-history":[{"count":1,"href":"https:\/\/rdnews.al\/index.php\/wp-json\/wp\/v2\/posts\/101250\/revisions"}],"predecessor-version":[{"id":101251,"href":"https:\/\/rdnews.al\/index.php\/wp-json\/wp\/v2\/posts\/101250\/revisions\/101251"}],"wp:featuredmedia":[{"embeddable":true,"href":"https:\/\/rdnews.al\/index.php\/wp-json\/wp\/v2\/media\/99473"}],"wp:attachment":[{"href":"https:\/\/rdnews.al\/index.php\/wp-json\/wp\/v2\/media?parent=101250"}],"wp:term":[{"taxonomy":"category","embeddable":true,"href":"https:\/\/rdnews.al\/index.php\/wp-json\/wp\/v2\/categories?post=101250"},{"taxonomy":"post_tag","embeddable":true,"href":"https:\/\/rdnews.al\/index.php\/wp-json\/wp\/v2\/tags?post=101250"}],"curies":[{"name":"wp","href":"https:\/\/api.w.org\/{rel}","templated":true}]}}