{"id":101255,"date":"2025-01-13T18:36:33","date_gmt":"2025-01-13T18:36:33","guid":{"rendered":"https:\/\/rdnews.al\/?p=101255"},"modified":"2025-01-13T18:36:33","modified_gmt":"2025-01-13T18:36:33","slug":"zbulohet-emri-i-30-vjecarit-qe-u-vra-teksa-levizte-me-makine-ne-vlore","status":"publish","type":"post","link":"https:\/\/rdnews.al\/index.php\/2025\/01\/13\/zbulohet-emri-i-30-vjecarit-qe-u-vra-teksa-levizte-me-makine-ne-vlore\/","title":{"rendered":"Zbulohet emri i 30 vje\u00e7arit q\u00eb u vra teksa l\u00ebvizte me makin\u00eb n\u00eb Vlor\u00eb"},"content":{"rendered":"<p>\u00cbsht\u00eb zbardhur identiteti i personi i cili u ekzekutua n\u00eb nj\u00eb atentat t\u00eb regjistruar mbr\u00ebmjen e sotme n\u00eb Vlor\u00eb. M\u00ebsohet se viktima \u00ebsht\u00eb\u00a0Kristian Marku,\u00a030 vje\u00e7 nga Rr\u00ebsheni, person me precedent penal.<\/p>\n<p>Kristian Marku ka qen\u00eb duke udh\u00ebtuar vet\u00ebm me nj\u00eb automjet tip \u201cVolks\u00ebagen\u201d n\u00eb momentin kur \u00ebsht\u00eb q\u00eblluar me arm\u00eb zjarri rreth or\u00ebs 18:15, n\u00eb af\u00ebrsi t\u00eb fshatit Novosel\u00eb, n\u00eb autostrad\u00ebn Fier-Vlor\u00eb.<\/p>\n<p>Policia b\u00ebn me dije se vijon krehja e zon\u00ebs dhe kontrollet p\u00ebr kapjen e autor\u00ebve.<\/p>\n<p><strong style=\"font-style: inherit;\">Njoftimi<\/strong><\/p>\n<p>Rreth or\u00ebs 18:15, n\u00eb af\u00ebrsi t\u00eb fshatit Novosel\u00eb, n\u00eb autostrad\u00ebn Fier-Vlor\u00eb, \u00ebsht\u00eb q\u00eblluar me arm\u00eb zjarri n\u00eb drejtim t\u00eb nj\u00eb automjeti tip \u201cVolks\u00ebagen\u201d, me drejtues shtetasin K. M., 30 vje\u00e7, i cili ka humbur jet\u00ebn.<\/p>\n<p><span style=\"font-style: inherit; font-weight: inherit;\">N\u00eb vendngjarje kan\u00eb shkuar sh\u00ebrbime t\u00eb Policis\u00eb s\u00eb DVP Vlor\u00eb dhe grupe t\u00eb Forc\u00ebs Komb\u00ebtare t\u00eb Siguris\u00eb Nj\u00ebsia Fier. Vijon krehja e zon\u00ebs dhe kontrollet p\u00ebr kapjen e autor\u00ebve.<\/span><\/p>\n<p>\u00cbsht\u00eb ngritur nj\u00eb grup i posa\u00e7\u00ebm hetimor dhe, n\u00ebn drejtimin e Prokuroris\u00eb, vijojn\u00eb intensivisht hetimet p\u00ebr zbardhjen e rrethanave dhe sigurimin e provave, me q\u00ebllim dokumentimin ligjor t\u00eb ngjarjes, identifikimin dhe kapjen e autorit\/ve.<\/p>\n","protected":false},"excerpt":{"rendered":"<p>\u00cbsht\u00eb zbardhur identiteti i personi i cili u ekzekutua n\u00eb nj\u00eb atentat t\u00eb regjistruar mbr\u00ebmjen e sotme n\u00eb Vlor\u00eb. M\u00ebsohet se viktima \u00ebsht\u00eb\u00a0Kristian Marku,\u00a030 vje\u00e7 nga Rr\u00ebsheni, person me precedent penal. Kristian Marku ka qen\u00eb duke udh\u00ebtuar vet\u00ebm me nj\u00eb automjet tip \u201cVolks\u00ebagen\u201d n\u00eb momentin kur \u00ebsht\u00eb q\u00eblluar me arm\u00eb zjarri rreth or\u00ebs 18:15, n\u00eb &hellip;<\/p>\n","protected":false},"author":4,"featured_media":101256,"comment_status":"closed","ping_status":"closed","sticky":false,"template":"","format":"standard","meta":{"footnotes":""},"categories":[37],"tags":[],"class_list":["post-101255","post","type-post","status-publish","format-standard","has-post-thumbnail","","category-politike"],"_links":{"self":[{"href":"https:\/\/rdnews.al\/index.php\/wp-json\/wp\/v2\/posts\/101255","targetHints":{"allow":["GET"]}}],"collection":[{"href":"https:\/\/rdnews.al\/index.php\/wp-json\/wp\/v2\/posts"}],"about":[{"href":"https:\/\/rdnews.al\/index.php\/wp-json\/wp\/v2\/types\/post"}],"author":[{"embeddable":true,"href":"https:\/\/rdnews.al\/index.php\/wp-json\/wp\/v2\/users\/4"}],"replies":[{"embeddable":true,"href":"https:\/\/rdnews.al\/index.php\/wp-json\/wp\/v2\/comments?post=101255"}],"version-history":[{"count":1,"href":"https:\/\/rdnews.al\/index.php\/wp-json\/wp\/v2\/posts\/101255\/revisions"}],"predecessor-version":[{"id":101257,"href":"https:\/\/rdnews.al\/index.php\/wp-json\/wp\/v2\/posts\/101255\/revisions\/101257"}],"wp:featuredmedia":[{"embeddable":true,"href":"https:\/\/rdnews.al\/index.php\/wp-json\/wp\/v2\/media\/101256"}],"wp:attachment":[{"href":"https:\/\/rdnews.al\/index.php\/wp-json\/wp\/v2\/media?parent=101255"}],"wp:term":[{"taxonomy":"category","embeddable":true,"href":"https:\/\/rdnews.al\/index.php\/wp-json\/wp\/v2\/categories?post=101255"},{"taxonomy":"post_tag","embeddable":true,"href":"https:\/\/rdnews.al\/index.php\/wp-json\/wp\/v2\/tags?post=101255"}],"curies":[{"name":"wp","href":"https:\/\/api.w.org\/{rel}","templated":true}]}}