{"id":101267,"date":"2025-01-13T19:34:04","date_gmt":"2025-01-13T19:34:04","guid":{"rendered":"https:\/\/rdnews.al\/?p=101267"},"modified":"2025-01-13T19:34:04","modified_gmt":"2025-01-13T19:34:04","slug":"lezha-prrenjasi-dhe-pogradeci-pa-energji-elektrike-mijera-familje-ne-terr","status":"publish","type":"post","link":"https:\/\/rdnews.al\/index.php\/2025\/01\/13\/lezha-prrenjasi-dhe-pogradeci-pa-energji-elektrike-mijera-familje-ne-terr\/","title":{"rendered":"Lezha, Prrenjasi dhe Pogradeci pa energji elektrike, mij\u00ebra familje n\u00eb terr"},"content":{"rendered":"<p>Mij\u00ebra banor\u00eb t\u00eb fshatrave t\u00eb Lezh\u00ebs, n\u00eb nj\u00ebsit\u00eb Kallmet, Blinisht, Daj\u00e7, Kolsh, Zejmen, Sh\u00ebnkoll dhe nj\u00eb pjes\u00eb e Sh\u00ebngjinit ndodhen pa energji elektrike prej 3 dit\u00ebsh. D\u00ebmtimet e shkaktuara n\u00eb rrjet nga moti i keq me er\u00eb t\u00eb fort\u00eb, nuk jan\u00eb arritur ende q\u00eb t\u00eb rikuerohen.<\/p>\n<p>Kjo situate ka v\u00ebn\u00eb n\u00eb v\u00ebshtir\u00ebsi shum\u00eb familje dhe biznese n\u00eb k\u00ebto zona, ndersa kjo situat\u00eb \u00ebsht\u00eb e vazhdueshme sa her\u00eb ka mot t\u00eb keq, p\u00ebrshkak t\u00eb amortizimit t\u00eb rrjetit.<\/p>\n<p>Nd\u00ebrkoh\u00eb edhe rreth 2 mij\u00eb familje n\u00eb 12 fshatra t\u00eb nj\u00ebsis\u00eb administrative Proptisht, n\u00eb Mokr\u00ebn e Poshtme, po vuajn\u00eb munges\u00ebn e energjis\u00eb elektrike p\u00ebr m\u00eb shum\u00eb se 12 or\u00eb. N\u00eb kushte t\u00eb acarta dhe ngrica t\u00eb ashpra, banor\u00ebt jan\u00eb l\u00ebn\u00eb n\u00eb terr, pa mund\u00ebsi p\u00ebr t\u2019u ngrohur apo p\u00ebr t\u00eb gatuar.<\/p>\n<p>Po ashtu edhe Prrenjasi ndodhet pa energji elektrike. Fshatrat e prekura furnizohen nga fidri i Prrenjasit, q\u00eb \u00ebsht\u00eb n\u00ebn var\u00ebsin\u00eb e OSHE Librazhd. Sipas autoriteteve lokale, \u00ebsht\u00eb mbajtur komunikim i vazhduesh\u00ebm me punonj\u00ebsit e OSH\u00cb-s\u00eb, t\u00eb cil\u00ebt deklarojn\u00eb se po punojn\u00eb p\u00ebr riparimin e defektit. Megjithat\u00eb, pas m\u00eb shum\u00eb se 12 or\u00ebsh, nuk ka ende nj\u00eb zgjidhje p\u00ebr situat\u00ebn.<\/p>\n","protected":false},"excerpt":{"rendered":"<p>Mij\u00ebra banor\u00eb t\u00eb fshatrave t\u00eb Lezh\u00ebs, n\u00eb nj\u00ebsit\u00eb Kallmet, Blinisht, Daj\u00e7, Kolsh, Zejmen, Sh\u00ebnkoll dhe nj\u00eb pjes\u00eb e Sh\u00ebngjinit ndodhen pa energji elektrike prej 3 dit\u00ebsh. D\u00ebmtimet e shkaktuara n\u00eb rrjet nga moti i keq me er\u00eb t\u00eb fort\u00eb, nuk jan\u00eb arritur ende q\u00eb t\u00eb rikuerohen. Kjo situate ka v\u00ebn\u00eb n\u00eb v\u00ebshtir\u00ebsi shum\u00eb familje dhe &hellip;<\/p>\n","protected":false},"author":4,"featured_media":101268,"comment_status":"closed","ping_status":"closed","sticky":false,"template":"","format":"standard","meta":{"footnotes":""},"categories":[37],"tags":[],"class_list":["post-101267","post","type-post","status-publish","format-standard","has-post-thumbnail","","category-politike"],"_links":{"self":[{"href":"https:\/\/rdnews.al\/index.php\/wp-json\/wp\/v2\/posts\/101267","targetHints":{"allow":["GET"]}}],"collection":[{"href":"https:\/\/rdnews.al\/index.php\/wp-json\/wp\/v2\/posts"}],"about":[{"href":"https:\/\/rdnews.al\/index.php\/wp-json\/wp\/v2\/types\/post"}],"author":[{"embeddable":true,"href":"https:\/\/rdnews.al\/index.php\/wp-json\/wp\/v2\/users\/4"}],"replies":[{"embeddable":true,"href":"https:\/\/rdnews.al\/index.php\/wp-json\/wp\/v2\/comments?post=101267"}],"version-history":[{"count":1,"href":"https:\/\/rdnews.al\/index.php\/wp-json\/wp\/v2\/posts\/101267\/revisions"}],"predecessor-version":[{"id":101269,"href":"https:\/\/rdnews.al\/index.php\/wp-json\/wp\/v2\/posts\/101267\/revisions\/101269"}],"wp:featuredmedia":[{"embeddable":true,"href":"https:\/\/rdnews.al\/index.php\/wp-json\/wp\/v2\/media\/101268"}],"wp:attachment":[{"href":"https:\/\/rdnews.al\/index.php\/wp-json\/wp\/v2\/media?parent=101267"}],"wp:term":[{"taxonomy":"category","embeddable":true,"href":"https:\/\/rdnews.al\/index.php\/wp-json\/wp\/v2\/categories?post=101267"},{"taxonomy":"post_tag","embeddable":true,"href":"https:\/\/rdnews.al\/index.php\/wp-json\/wp\/v2\/tags?post=101267"}],"curies":[{"name":"wp","href":"https:\/\/api.w.org\/{rel}","templated":true}]}}