{"id":101271,"date":"2025-01-13T20:34:58","date_gmt":"2025-01-13T20:34:58","guid":{"rendered":"https:\/\/rdnews.al\/?p=101271"},"modified":"2025-01-13T20:37:16","modified_gmt":"2025-01-13T20:37:16","slug":"skandali-helikopteri-i-forcave-ajrore-perdoret-per-udhetim-turistik-te-kryebashkiakut-beci","status":"publish","type":"post","link":"https:\/\/rdnews.al\/index.php\/2025\/01\/13\/skandali-helikopteri-i-forcave-ajrore-perdoret-per-udhetim-turistik-te-kryebashkiakut-beci\/","title":{"rendered":"Skandali\/Helikopteri i Forcave Ajrore p\u00ebrdoret p\u00ebr \u2018udh\u00ebtim turistik\u2019  t\u00eb kryebashkiakut Beci"},"content":{"rendered":"<p><strong>&#8220;BIRN&#8221;<\/strong><\/p>\n<p>N\u00eb fillim t\u00eb dhjetorit t\u00eb vitit t\u00eb shkuar, nj\u00eb <a class=\"st_tag internal_tag \" title=\"Posts tagged with Helikopter\" href=\"https:\/\/www.reporter.al\/tag\/helikopter\/\" rel=\"tag noopener\" target=\"_blank\">helikopter<\/a>\u00a0i Forcave Ajrore u ngrit nga fusha e futbollit n\u00eb stadiumin e \u201cVllaznis\u00eb\u201d n\u00eb Shkod\u00ebr dhe fluturoi p\u00ebrmbi Alpet e veriut t\u00eb Shqip\u00ebris\u00eb. Por ky nuk ishte nj\u00eb fluturim emergjence dhe as ndonj\u00eb mision i r\u00ebnd\u00ebsish\u00ebm ushtarak.<\/p>\n<p>Helikopteri i ushtris\u00eb shqiptare fluturoi drejt Alpeve me kryetarin e Bashkis\u00eb s\u00eb Shkodr\u00ebs,\u00a0<a class=\"st_tag internal_tag \" title=\"Posts tagged with Benet Beci\" href=\"https:\/\/www.reporter.al\/tag\/benet-beci\/\" rel=\"tag noopener\" target=\"_blank\">Benet Beci<\/a>, kreun e Komitetit Olimpik Shqiptar,\u00a0<a class=\"st_tag internal_tag \" title=\"Posts tagged with Fidel Ylli\" href=\"https:\/\/www.reporter.al\/tag\/fidel-ylli\/\" rel=\"tag noopener\" target=\"_blank\">Fidel Ylli<\/a>\u00a0dhe zv.presidentin e Komitetit Olimpik austriak, Peter Schr\u00f6cksnadel n\u00eb bord.<\/p>\n<p>P\u00ebrmes nj\u00eb postimi n\u00eb Facebook m\u00eb 2 dhjetor, Beci e p\u00ebrshkroi p\u00ebrvoj\u00ebn si \u201cnj\u00eb udh\u00ebtim i bukur pune me investitor\u00eb austriak\u00eb p\u00ebr t\u00eb vler\u00ebsuar potencialin p\u00ebr resort skish n\u00eb Alpe\u2026\u201d. N\u00eb videon e postuar nga Beci, tre udh\u00ebtar\u00ebt dhe shoq\u00ebruesit e tyre pozojn\u00eb t\u00eb buz\u00ebqeshur me pamjet magjike t\u00eb Alpeve pas shpine.<\/p>\n<p>Helikopteri i publikuar n\u00eb video i p\u00ebrket flot\u00ebs s\u00eb vog\u00ebl dhe problematike t\u00eb mjeteve ajrore Cougar n\u00eb dispozicion t\u00eb ushtris\u00eb shqiptare, t\u00eb cilat gjat\u00eb viteve t\u00eb fundit kan\u00eb vuajtur nga avarit\u00eb dhe problemet e vazhdueshme me mir\u00ebmbajtjen.<\/p>\n<p>Edhe pse nuk ka nj\u00eb ligj q\u00eb rregullon specifikisht p\u00ebrdorimin helikopter\u00ebve ushtarak\u00eb, rregullore t\u00eb brendshme t\u00eb Shtabit t\u00eb P\u00ebrgjithsh\u00ebm normojn\u00eb p\u00ebrdorimin e tyre n\u00eb misione ushtarake, n\u00eb rastet e emergjencave civile dhe n\u00eb transportin e zyrtar\u00ebve m\u00eb t\u00eb lart\u00eb t\u00eb shtetit.<\/p>\n<p>Kryetari i Bashkis\u00eb s\u00eb Shkodr\u00ebs, Benet Beci i tha BIRN p\u00ebrmes telefonit se udh\u00ebtimi ishte organizuar nga\u00a0<a class=\"st_tag internal_tag \" title=\"Posts tagged with Komiteti Olimpik\" href=\"https:\/\/www.reporter.al\/tag\/komiteti-olimpik\/\" rel=\"tag noopener\" target=\"_blank\">Komiteti Olimpik<\/a>\u00a0Shqiptar dhe se ai ishte thjesht \u201cshoq\u00ebrues n\u00eb udh\u00ebtim\u201d.<\/p>\n<p>\u201cMua m\u00eb mor\u00ebn n\u00eb Shkod\u00ebr, e kishte organizuar Komiteti Olimpik Shqiptar\u201d, the Beci.<\/p>\n<p>Kreu i Komitetit Olimpik Shqiptar, Fidel Ylli nuk pranoi t\u00eb komentonte deri n\u00eb publikimin e k\u00ebtij shkrimi dhe i k\u00ebrkoi pyetjet me shkres\u00eb zyrtare.<\/p>\n<figure id=\"attachment_111233\" class=\"wp-caption aligncenter\" aria-describedby=\"caption-attachment-111233\"><img loading=\"lazy\" decoding=\"async\" class=\"size-full wp-image-111233\" src=\"https:\/\/www.reporter.al\/wp-content\/uploads\/2025\/01\/Kryetari-i-bashkise-Shkoder-Benet-Beci-duke-bere-fotografi-nga-helikopteri.jpg\" sizes=\"auto, (max-width: 1280px) 100vw, 1280px\" srcset=\"https:\/\/www.reporter.al\/wp-content\/uploads\/2025\/01\/Kryetari-i-bashkise-Shkoder-Benet-Beci-duke-bere-fotografi-nga-helikopteri.jpg 1280w, https:\/\/www.reporter.al\/wp-content\/uploads\/2025\/01\/Kryetari-i-bashkise-Shkoder-Benet-Beci-duke-bere-fotografi-nga-helikopteri-300x169.jpg 300w, https:\/\/www.reporter.al\/wp-content\/uploads\/2025\/01\/Kryetari-i-bashkise-Shkoder-Benet-Beci-duke-bere-fotografi-nga-helikopteri-600x338.jpg 600w, https:\/\/www.reporter.al\/wp-content\/uploads\/2025\/01\/Kryetari-i-bashkise-Shkoder-Benet-Beci-duke-bere-fotografi-nga-helikopteri-768x432.jpg 768w, https:\/\/www.reporter.al\/wp-content\/uploads\/2025\/01\/Kryetari-i-bashkise-Shkoder-Benet-Beci-duke-bere-fotografi-nga-helikopteri-750x422.jpg 750w, https:\/\/www.reporter.al\/wp-content\/uploads\/2025\/01\/Kryetari-i-bashkise-Shkoder-Benet-Beci-duke-bere-fotografi-nga-helikopteri-1140x641.jpg 1140w\" alt=\"\" width=\"1280\" height=\"720\" data-pin-no-hover=\"true\" \/><figcaption id=\"caption-attachment-111233\" class=\"wp-caption-text\">Kryetari i bashkis\u00eb Shkod\u00ebr Benet Beci duke b\u00ebr\u00eb fotografi nga helikopteri<\/figcaption><\/figure>\n<p>Nd\u00ebrkoh\u00eb, Shtabi i P\u00ebrgjithsh\u00ebm i tha BIRN n\u00eb nj\u00eb p\u00ebrgjigje me shkrim se p\u00ebrmbushja e k\u00ebrkes\u00ebs s\u00eb ardhur nga Komiteti Olimpik Shqiptar p\u00ebr v\u00ebnien n\u00eb dispozicion t\u00eb helikopterit ishte brenda rregullave. Shtabi tha gjithashtu se ky fluturim p\u00ebrputhej me misionin e Forcave t\u00eb Armatosura \u201cp\u00ebr promovimin dhe lart\u00ebsimin e emrit t\u00eb vendit n\u00eb aren\u00ebn nd\u00ebrkomb\u00ebtare p\u00ebrmes kontributit t\u00eb sportist\u00ebve t\u00eb nivelit t\u00eb lart\u00eb\u201d.<\/p>\n<p>\u201cMinistria e Mbrojtjes dhe Shtabi i P\u00ebrgjithsh\u00ebm i Forcave t\u00eb Armatosura t\u00eb\u00a0 Republik\u00ebs s\u00eb Shqip\u00ebris\u00eb, n\u00eb kuad\u00ebr t\u00eb bashk\u00ebpunimit civilo-ushtarak kan\u00eb detyrimin t\u00eb bashk\u00ebpunojn\u00eb me autoritetet civile dhe organizatat qeveritare e joqeveritare,\u201d tha Shtabi i P\u00ebrgjithsh\u00ebm, duke shtuar se aktualisht siguronte kapacitete t\u00eb mjaftueshme t\u00eb transportit ajror n\u00eb gatishm\u00ebri t\u00eb plot\u00eb.<\/p>\n<p>Kjo nuk \u00ebsht\u00eb hera e par\u00eb q\u00eb helikopter\u00ebt e Forcave Ajore p\u00ebrdoren p\u00ebr q\u00ebllime p\u00ebrtej misionit ushtarak. N\u00eb vjesht\u00eb 2020,\u00a0<a href=\"https:\/\/youtu.be\/hrAXExXGZgk?t=174\" target=\"_blank\" rel=\"noopener\">opozita denoncoi<\/a>\u00a0se at\u00ebher\u00eb ministrja e Mbrojtjes,\u00a0<a class=\"st_tag internal_tag \" title=\"Posts tagged with Olta Xha\u00e7ka\" href=\"https:\/\/www.reporter.al\/tag\/olta-xhacka\/\" rel=\"tag noopener\" target=\"_blank\">Olta Xha\u00e7ka<\/a>, p\u00ebrdori helikopterin p\u00ebr t\u00eb marr\u00eb pjes\u00eb n\u00eb aktivitete t\u00eb\u00a0<a class=\"st_tag internal_tag \" title=\"Posts tagged with Partis\u00eb Socialiste\" href=\"https:\/\/www.reporter.al\/tag\/partise-socialiste\/\" rel=\"tag noopener\" target=\"_blank\">Partis\u00eb Socialiste<\/a>. M\u00eb her\u00ebt n\u00eb vitin 2013, socialist\u00ebt dhe opozita e koh\u00ebs, akuzuan Arben Imamin, ish-ministrin e Mbrojtjes n\u00eb qeverin\u00eb Berisha, se kishte lejuar p\u00ebrdorimin e helikopter\u00ebve dhe pilot\u00ebve t\u00eb baz\u00ebs ajrore n\u00eb Fark\u00eb p\u00ebr videoklipin e nj\u00eb k\u00ebng\u00ebtareje.<\/p>\n<p>Rasti m\u00eb i fundit i shp\u00ebrdorimit t\u00eb helikopterit t\u00eb Forcave Ajrore p\u00ebr udh\u00ebtimin n\u00eb Alpe kritikohet si nj\u00eb akt i paligjsh\u00ebm dhe n\u00eb d\u00ebm t\u00eb kapaciteteve ushtarake shqiptare.<\/p>\n<p>\u201cNuk mund t\u00eb p\u00ebrdoren mjetet e\u00a0<a class=\"st_tag internal_tag \" title=\"Posts tagged with Forcat ajrore\" href=\"https:\/\/www.reporter.al\/tag\/forcat-ajrore\/\" rel=\"tag noopener\" target=\"_blank\">Forcat Ajrore<\/a>\u00a0p\u00ebr t\u00eb b\u00ebr\u00eb xhiro turistike, nuk jan\u00eb taksi. I bie t\u2019i kthesh Forcat Ajrore n\u00eb agjenci turistike apo agjenci taksish,\u201d tha p\u00ebr BIRN\u00a0<a class=\"st_tag internal_tag \" title=\"Posts tagged with Artur Me\u00e7ollari\" href=\"https:\/\/www.reporter.al\/tag\/artur-mecollari\/\" rel=\"tag noopener\" target=\"_blank\">Artur Me\u00e7ollari<\/a>, ish-zv.komandant i Forc\u00ebs Detare.<\/p>\n<p>\u201c\u00cbsht\u00eb plot\u00ebsisht e jasht\u00ebligjshme. Sjell amortizimin e panevojsh\u00ebm t\u00eb kapaciteteve dhe gadishm\u00ebris\u00eb s\u00eb Forcave t\u00eb Armatosura, p\u00ebr nj\u00eb aktivitet q\u00eb nuk \u00ebsht\u00eb objekt i fush\u00ebs s\u00eb tyre t\u00eb pun\u00ebs\u201d, shtoi ai.<\/p>\n<figure id=\"attachment_111236\" class=\"wp-caption aligncenter\" aria-describedby=\"caption-attachment-111236\"><img loading=\"lazy\" decoding=\"async\" class=\"size-full wp-image-111236\" src=\"https:\/\/www.reporter.al\/wp-content\/uploads\/2025\/01\/Helikopteri-i-Ushtrise-2.jpg\" sizes=\"auto, (max-width: 1280px) 100vw, 1280px\" srcset=\"https:\/\/www.reporter.al\/wp-content\/uploads\/2025\/01\/Helikopteri-i-Ushtrise-2.jpg 1280w, https:\/\/www.reporter.al\/wp-content\/uploads\/2025\/01\/Helikopteri-i-Ushtrise-2-300x225.jpg 300w, https:\/\/www.reporter.al\/wp-content\/uploads\/2025\/01\/Helikopteri-i-Ushtrise-2-533x400.jpg 533w, https:\/\/www.reporter.al\/wp-content\/uploads\/2025\/01\/Helikopteri-i-Ushtrise-2-768x576.jpg 768w, https:\/\/www.reporter.al\/wp-content\/uploads\/2025\/01\/Helikopteri-i-Ushtrise-2-750x563.jpg 750w, https:\/\/www.reporter.al\/wp-content\/uploads\/2025\/01\/Helikopteri-i-Ushtrise-2-1140x855.jpg 1140w\" alt=\"\" width=\"1280\" height=\"960\" data-pin-no-hover=\"true\" \/><figcaption id=\"caption-attachment-111236\" class=\"wp-caption-text\">Fidel, Ylli, Benet Beci dhe Peter Schr\u00f6cksnadel<\/figcaption><\/figure>\n<p>Edhe\u00a0<a class=\"st_tag internal_tag \" title=\"Posts tagged with Lindita Metaliaj\" href=\"https:\/\/www.reporter.al\/tag\/lindita-metaliaj\/\" rel=\"tag noopener\" target=\"_blank\">Lindita Metaliaj<\/a>, deputete e Partis\u00eb Demokratike dhe an\u00ebtare e Komisionit t\u00eb Siguris\u00eb Komb\u00ebtare e cil\u00ebson flagrant rastin. Metaliaj tha gjithashtu se rasti meritonte t\u00eb hetohej pasi shkelja e ligjit dhe shp\u00ebrdorimi i parave publike ishte sipas saj i qart\u00eb.<\/p>\n<p>\u201cP\u00ebrdorimi i k\u00ebtyre mjeteve p\u00ebr q\u00ebllime private e b\u00ebn paligjshm\u00ebrin\u00eb akoma edhe m\u00eb flagrante\u201d, tha Metaliaj, nd\u00ebrsa akuzoi kryeministrin p\u00ebr instalim t\u00eb nj\u00eb kulture t\u00eb p\u00ebrdorimit t\u00eb mjeteve shtet\u00ebrore p\u00ebr q\u00ebllime private.<\/p>\n<p>\u201c\u2026n\u00ebse organet e drejt\u00ebsis\u00eb do t\u00eb funksiononin, ata duhet t\u00eb japin llogari p\u00ebr parat\u00eb e shp\u00ebrdoruara t\u00eb taksapaguesve,\u201d p\u00ebrfundoi ajo.<\/p>\n","protected":false},"excerpt":{"rendered":"<p>&#8220;BIRN&#8221; N\u00eb fillim t\u00eb dhjetorit t\u00eb vitit t\u00eb shkuar, nj\u00eb helikopter\u00a0i Forcave Ajrore u ngrit nga fusha e futbollit n\u00eb stadiumin e \u201cVllaznis\u00eb\u201d n\u00eb Shkod\u00ebr dhe fluturoi p\u00ebrmbi Alpet e veriut t\u00eb Shqip\u00ebris\u00eb. Por ky nuk ishte nj\u00eb fluturim emergjence dhe as ndonj\u00eb mision i r\u00ebnd\u00ebsish\u00ebm ushtarak. Helikopteri i ushtris\u00eb shqiptare fluturoi drejt Alpeve me &hellip;<\/p>\n","protected":false},"author":3,"featured_media":101273,"comment_status":"closed","ping_status":"closed","sticky":false,"template":"","format":"standard","meta":{"footnotes":""},"categories":[37],"tags":[],"class_list":["post-101271","post","type-post","status-publish","format-standard","has-post-thumbnail","","category-politike"],"_links":{"self":[{"href":"https:\/\/rdnews.al\/index.php\/wp-json\/wp\/v2\/posts\/101271","targetHints":{"allow":["GET"]}}],"collection":[{"href":"https:\/\/rdnews.al\/index.php\/wp-json\/wp\/v2\/posts"}],"about":[{"href":"https:\/\/rdnews.al\/index.php\/wp-json\/wp\/v2\/types\/post"}],"author":[{"embeddable":true,"href":"https:\/\/rdnews.al\/index.php\/wp-json\/wp\/v2\/users\/3"}],"replies":[{"embeddable":true,"href":"https:\/\/rdnews.al\/index.php\/wp-json\/wp\/v2\/comments?post=101271"}],"version-history":[{"count":2,"href":"https:\/\/rdnews.al\/index.php\/wp-json\/wp\/v2\/posts\/101271\/revisions"}],"predecessor-version":[{"id":101274,"href":"https:\/\/rdnews.al\/index.php\/wp-json\/wp\/v2\/posts\/101271\/revisions\/101274"}],"wp:featuredmedia":[{"embeddable":true,"href":"https:\/\/rdnews.al\/index.php\/wp-json\/wp\/v2\/media\/101273"}],"wp:attachment":[{"href":"https:\/\/rdnews.al\/index.php\/wp-json\/wp\/v2\/media?parent=101271"}],"wp:term":[{"taxonomy":"category","embeddable":true,"href":"https:\/\/rdnews.al\/index.php\/wp-json\/wp\/v2\/categories?post=101271"},{"taxonomy":"post_tag","embeddable":true,"href":"https:\/\/rdnews.al\/index.php\/wp-json\/wp\/v2\/tags?post=101271"}],"curies":[{"name":"wp","href":"https:\/\/api.w.org\/{rel}","templated":true}]}}