{"id":101277,"date":"2025-01-13T22:24:32","date_gmt":"2025-01-13T22:24:32","guid":{"rendered":"https:\/\/rdnews.al\/?p=101277"},"modified":"2025-01-13T22:24:32","modified_gmt":"2025-01-13T22:24:32","slug":"imazhi-i-berishes-ne-kullen-rockfeller-ne-new-york-mesazhi-i-diaspores","status":"publish","type":"post","link":"https:\/\/rdnews.al\/index.php\/2025\/01\/13\/imazhi-i-berishes-ne-kullen-rockfeller-ne-new-york-mesazhi-i-diaspores\/","title":{"rendered":"Imazhi i Berish\u00ebs n\u00eb kull\u00ebn Rockfeller n\u00eb New York, mesazhi i diaspor\u00ebs&#8230;"},"content":{"rendered":"<p>Imazhi i kreut t\u00eb Partis\u00eb Demokratike Sali Berisha \u00ebsht\u00eb shfaqur n\u00eb kull\u00ebn Rockfeller n\u00eb New York. N\u00eb nj\u00eb mesazh t\u00eb shp\u00ebrndar\u00eb n\u00eb rrjetet sociale falenderohet diaspora. Po ashtu n\u00eb mesazh shtohet se zgjedhja e diaspor\u00ebs maj\u00a0tashm\u00eb \u00ebsht\u00eb e qart\u00eb.<\/p>\n<p><em>&#8220;Sali Berisha shfaqet\u00a0 n\u00eb kull\u00ebn Rockfeller n\u00eb New York. Faleminderit diaspora shqiptare, zgjedhja juaj m\u00eb 11 maj tashm\u00eb \u00ebsht\u00eb e qart\u00eb&#8221;,<\/em>\u00a0shkruhet n\u00eb nj\u00eb mesazh t\u00eb shp\u00ebrndar\u00eb n\u00eb rrjetet sociale.<\/p>\n","protected":false},"excerpt":{"rendered":"<p>Imazhi i kreut t\u00eb Partis\u00eb Demokratike Sali Berisha \u00ebsht\u00eb shfaqur n\u00eb kull\u00ebn Rockfeller n\u00eb New York. N\u00eb nj\u00eb mesazh t\u00eb shp\u00ebrndar\u00eb n\u00eb rrjetet sociale falenderohet diaspora. Po ashtu n\u00eb mesazh shtohet se zgjedhja e diaspor\u00ebs maj\u00a0tashm\u00eb \u00ebsht\u00eb e qart\u00eb. &#8220;Sali Berisha shfaqet\u00a0 n\u00eb kull\u00ebn Rockfeller n\u00eb New York. Faleminderit diaspora shqiptare, zgjedhja juaj m\u00eb 11 &hellip;<\/p>\n","protected":false},"author":3,"featured_media":101278,"comment_status":"closed","ping_status":"closed","sticky":false,"template":"","format":"standard","meta":{"footnotes":""},"categories":[37],"tags":[],"class_list":["post-101277","post","type-post","status-publish","format-standard","has-post-thumbnail","","category-politike"],"_links":{"self":[{"href":"https:\/\/rdnews.al\/index.php\/wp-json\/wp\/v2\/posts\/101277","targetHints":{"allow":["GET"]}}],"collection":[{"href":"https:\/\/rdnews.al\/index.php\/wp-json\/wp\/v2\/posts"}],"about":[{"href":"https:\/\/rdnews.al\/index.php\/wp-json\/wp\/v2\/types\/post"}],"author":[{"embeddable":true,"href":"https:\/\/rdnews.al\/index.php\/wp-json\/wp\/v2\/users\/3"}],"replies":[{"embeddable":true,"href":"https:\/\/rdnews.al\/index.php\/wp-json\/wp\/v2\/comments?post=101277"}],"version-history":[{"count":1,"href":"https:\/\/rdnews.al\/index.php\/wp-json\/wp\/v2\/posts\/101277\/revisions"}],"predecessor-version":[{"id":101279,"href":"https:\/\/rdnews.al\/index.php\/wp-json\/wp\/v2\/posts\/101277\/revisions\/101279"}],"wp:featuredmedia":[{"embeddable":true,"href":"https:\/\/rdnews.al\/index.php\/wp-json\/wp\/v2\/media\/101278"}],"wp:attachment":[{"href":"https:\/\/rdnews.al\/index.php\/wp-json\/wp\/v2\/media?parent=101277"}],"wp:term":[{"taxonomy":"category","embeddable":true,"href":"https:\/\/rdnews.al\/index.php\/wp-json\/wp\/v2\/categories?post=101277"},{"taxonomy":"post_tag","embeddable":true,"href":"https:\/\/rdnews.al\/index.php\/wp-json\/wp\/v2\/tags?post=101277"}],"curies":[{"name":"wp","href":"https:\/\/api.w.org\/{rel}","templated":true}]}}