{"id":101280,"date":"2025-01-13T22:29:02","date_gmt":"2025-01-13T22:29:02","guid":{"rendered":"https:\/\/rdnews.al\/?p=101280"},"modified":"2025-01-13T22:29:12","modified_gmt":"2025-01-13T22:29:12","slug":"mbylle-veri-kapak-se-qelbet-urdhri-qe-mberriti-ne-spak-per-hetimet-ndaj-vellait-te-kryeministrit","status":"publish","type":"post","link":"https:\/\/rdnews.al\/index.php\/2025\/01\/13\/mbylle-veri-kapak-se-qelbet-urdhri-qe-mberriti-ne-spak-per-hetimet-ndaj-vellait-te-kryeministrit\/","title":{"rendered":"&#8220;Mbylle, veri kapak se qelbet&#8221;, urdhri q\u00eb mb\u00ebrriti n\u00eb SPAK p\u00ebr hetimet ndaj v\u00ebllait t\u00eb Kryeministrit"},"content":{"rendered":"<p>\u201cSPAK vazhdon t\u00eb pastroj\u00eb \u00e7do krim me lidhje qeveritare af\u00ebr Edi Ram\u00ebs, vazhdon t\u00eb jet\u00eb nj\u00eb veg\u00ebl e Edi Ram\u00ebs dhe q\u00eb nuk ka mision luft\u00ebn kund\u00ebr krimit t\u00eb organizuar, por ka mision mbrojtjen dhe pastrimin e provave t\u00eb krimit dhe t\u00eb element\u00ebve t\u00eb krimit p\u00ebr \u00e7do qeveritar af\u00ebr Ram\u00ebs apo familjar t\u00eb tij. SPAK ka si synim kryesor luft\u00ebn kund\u00ebr opozit\u00ebs\u201d.<\/p>\n<p>K\u00ebshtu u shpreh n\u00eb A2 News nga Alba Alishani deputeti i PD-s\u00eb, Flamur Noka, teksa foli p\u00ebr dosjen e Xibrak\u00ebs. M\u00eb tej, ai ngriti disa pik\u00ebpyetje, nd\u00ebrsa tha se urdhri ka qen\u00eb nga lart p\u00ebr ta mbyllur si \u00e7\u00ebshtje.<\/p>\n<p>\u201c\u00c7far\u00eb pune kishte aktiviteti i Xibrak\u00ebs me Kosov\u00ebn? Aktivitetin e band\u00ebs s\u00eb Xibrak\u00ebs ku rezulton i p\u00ebrfshir\u00eb emri i Olsi Ram\u00ebs e ka hetuar prokuroria e Hanoverit. Ajo disponon t\u00eb gjitha t\u00eb dh\u00ebnat. Pse nuk bashk\u00ebpunoi SPAK-u me prokurorin\u00eb e Hanoverit n\u00eb Gjermani? \u00c7lidhje kishte aktiviteti n\u00eb Kosov\u00eb? Fshehje dhe prishje e prov\u00ebs s\u00eb krimit.<\/p>\n<p>Personi i identifikuar si 45 vje\u00e7 dhe me fotografi. Tani m\u00eb thoni mua, shteti e di mosh\u00ebn dhe foton, por SPAK nuk e identifikon dot. Kjo \u00ebsht\u00eb ngutje e urdh\u00ebruar nga lart\u00eb: Mbylle, veri kapak se qelbet\u201d.<\/p>\n","protected":false},"excerpt":{"rendered":"<p>\u201cSPAK vazhdon t\u00eb pastroj\u00eb \u00e7do krim me lidhje qeveritare af\u00ebr Edi Ram\u00ebs, vazhdon t\u00eb jet\u00eb nj\u00eb veg\u00ebl e Edi Ram\u00ebs dhe q\u00eb nuk ka mision luft\u00ebn kund\u00ebr krimit t\u00eb organizuar, por ka mision mbrojtjen dhe pastrimin e provave t\u00eb krimit dhe t\u00eb element\u00ebve t\u00eb krimit p\u00ebr \u00e7do qeveritar af\u00ebr Ram\u00ebs apo familjar t\u00eb tij. SPAK &hellip;<\/p>\n","protected":false},"author":3,"featured_media":101281,"comment_status":"closed","ping_status":"closed","sticky":false,"template":"","format":"standard","meta":{"footnotes":""},"categories":[37],"tags":[],"class_list":["post-101280","post","type-post","status-publish","format-standard","has-post-thumbnail","","category-politike"],"_links":{"self":[{"href":"https:\/\/rdnews.al\/index.php\/wp-json\/wp\/v2\/posts\/101280","targetHints":{"allow":["GET"]}}],"collection":[{"href":"https:\/\/rdnews.al\/index.php\/wp-json\/wp\/v2\/posts"}],"about":[{"href":"https:\/\/rdnews.al\/index.php\/wp-json\/wp\/v2\/types\/post"}],"author":[{"embeddable":true,"href":"https:\/\/rdnews.al\/index.php\/wp-json\/wp\/v2\/users\/3"}],"replies":[{"embeddable":true,"href":"https:\/\/rdnews.al\/index.php\/wp-json\/wp\/v2\/comments?post=101280"}],"version-history":[{"count":2,"href":"https:\/\/rdnews.al\/index.php\/wp-json\/wp\/v2\/posts\/101280\/revisions"}],"predecessor-version":[{"id":101283,"href":"https:\/\/rdnews.al\/index.php\/wp-json\/wp\/v2\/posts\/101280\/revisions\/101283"}],"wp:featuredmedia":[{"embeddable":true,"href":"https:\/\/rdnews.al\/index.php\/wp-json\/wp\/v2\/media\/101281"}],"wp:attachment":[{"href":"https:\/\/rdnews.al\/index.php\/wp-json\/wp\/v2\/media?parent=101280"}],"wp:term":[{"taxonomy":"category","embeddable":true,"href":"https:\/\/rdnews.al\/index.php\/wp-json\/wp\/v2\/categories?post=101280"},{"taxonomy":"post_tag","embeddable":true,"href":"https:\/\/rdnews.al\/index.php\/wp-json\/wp\/v2\/tags?post=101280"}],"curies":[{"name":"wp","href":"https:\/\/api.w.org\/{rel}","templated":true}]}}