{"id":101284,"date":"2025-01-14T09:00:58","date_gmt":"2025-01-14T09:00:58","guid":{"rendered":"https:\/\/rdnews.al\/?p=101284"},"modified":"2025-01-14T09:01:52","modified_gmt":"2025-01-14T09:01:52","slug":"spitali-i-shkodres-ne-ditet-me-te-zeza-te-tij","status":"publish","type":"post","link":"https:\/\/rdnews.al\/index.php\/2025\/01\/14\/spitali-i-shkodres-ne-ditet-me-te-zeza-te-tij\/","title":{"rendered":"Spitali i Shkodr\u00ebs n\u00eb dit\u00ebt m\u00eb t\u00eb zeza t\u00eb tij\u2026"},"content":{"rendered":"<p><strong>Nga Eliona Kodra Shkreli<\/strong><\/p>\n<p>Nd\u00ebrkoh\u00eb q\u00eb kryehajduti i Shqip\u00ebris\u00eb, Edi Rama, vjen n\u00eb Shkod\u00ebr dhe inaguron sa p\u00ebr show e propagand\u00eb disa fasada t\u00eb institucioneve sh\u00ebndet\u00ebsore, gj\u00ebndja n\u00eb spitalin e Shkodr\u00ebs sa vjen e r\u00ebndohet dhe jan\u00eb qytetar\u00ebt ata q\u00eb vuajn\u00eb pasojat e keqmenaxhimit t\u00eb shefave rilindas.<\/p>\n<p>Rilindja e Edi Ram\u00ebs dhe drejtuesve t\u00eb Tij hajdut\u00eb e kan\u00eb kthyer spitalin e Shkodr\u00ebs n\u00eb parukeri\u2026.tashm\u00eb mjek\u00ebt dhe infermier\u00ebt p\u00ebrdorin doreza parukier\u00ebsh\u2026Turpi i bot\u00ebs, skandal p\u00ebrtej skandaleve!<\/p>\n<p>M\u00eb posht\u00eb \u00ebsht\u00eb edhe nj\u00eb mesazh i nj\u00eb infermieri i cili tregon se spitali m\u00eb i madh verior s\u2019ka ngrohje dhe se shefat rilindas i fikin stafit dhe pacient\u00ebve edhe furnelat p\u00ebr t\u2019u ngrohur n\u00eb k\u00ebto dit\u00eb me temperatura t\u00eb ulta. Drejtuesit hajdut\u00eb, fillimisht duhet t\u00eb sigurojn\u00eb ngrohjen sepse \u00ebsht\u00eb kushti minimal q\u00eb duhet t\u00eb ofrohet p\u00ebr pacient\u00ebt dhe p\u00ebr stafin. Imagjinoni t\u00eb shkoni n\u00eb spital p\u00ebr t\u2019u kuruar dhe t\u00eb fitosh s\u00ebmundje t\u00eb mushk\u00ebrive si pasoj\u00eb e t\u00eb ftohtit nga mungesa e ngrohjes?\u2026<\/p>\n<p>Problematikat n\u00eb Spitalin Rajonal t\u00eb Shkodr\u00ebs sa vin\u00eb e shtohen \u00e7do dit\u00eb, munges\u00eb ila\u00e7esh, presione nga m\u00eb t\u00eb ndryshmet (sidomos p\u00ebr infermier\u00ebt) deri me largim nga puna, munges\u00eb ngrohje, paisje q\u00eb nuk vihen n\u00eb funksion (skaner, grafi etj), mbetje t\u00eb rrezikshme spitalore q\u00eb hidhen n\u00ebp\u00ebr koshat e mbeturinave t\u00eb qytetit, e tani edhe p\u00ebrdorimi i dorezave t\u00eb parukier\u00ebve nga mjek\u00eb e infermier\u00eb q\u00eb \u00ebsht\u00eb kulmi i pap\u00ebrgjeshm\u00ebris\u00eb dhe i hajnis\u00eb n\u00eb k\u00ebt\u00eb spital\u2026.<\/p>\n<p>(M\u00eb posht\u00eb mesazhi dhe foto e dorezave q\u00eb p\u00ebrdorin stafi mjek\u00ebsor i spitalit)<\/p>\n<p>#Posht\u00ebRilindja<br \/>\n#Posht\u00ebHajdut\u00ebtRilindas<br \/>\n#SpitaliShkodr\u00ebsN\u00ebDit\u00ebT\u00ebZeza<\/p>\n<p><img loading=\"lazy\" decoding=\"async\" class=\"alignnone size-medium wp-image-101285\" src=\"https:\/\/rdnews.al\/wp-content\/uploads\/2025\/01\/1-2-300x288.jpg\" alt=\"\" width=\"300\" height=\"288\" srcset=\"https:\/\/rdnews.al\/wp-content\/uploads\/2025\/01\/1-2-300x288.jpg 300w, https:\/\/rdnews.al\/wp-content\/uploads\/2025\/01\/1-2-1024x984.jpg 1024w, https:\/\/rdnews.al\/wp-content\/uploads\/2025\/01\/1-2-768x738.jpg 768w, https:\/\/rdnews.al\/wp-content\/uploads\/2025\/01\/1-2.jpg 1280w\" sizes=\"auto, (max-width: 300px) 100vw, 300px\" \/><\/p>\n<p><img loading=\"lazy\" decoding=\"async\" class=\"alignnone wp-image-101286\" src=\"https:\/\/rdnews.al\/wp-content\/uploads\/2025\/01\/2-169x300.jpg\" alt=\"\" width=\"198\" height=\"351\" srcset=\"https:\/\/rdnews.al\/wp-content\/uploads\/2025\/01\/2-169x300.jpg 169w, https:\/\/rdnews.al\/wp-content\/uploads\/2025\/01\/2-576x1024.jpg 576w, https:\/\/rdnews.al\/wp-content\/uploads\/2025\/01\/2-768x1365.jpg 768w, https:\/\/rdnews.al\/wp-content\/uploads\/2025\/01\/2-864x1536.jpg 864w, https:\/\/rdnews.al\/wp-content\/uploads\/2025\/01\/2.jpg 900w\" sizes=\"auto, (max-width: 198px) 100vw, 198px\" \/><\/p>\n","protected":false},"excerpt":{"rendered":"<p>Nga Eliona Kodra Shkreli Nd\u00ebrkoh\u00eb q\u00eb kryehajduti i Shqip\u00ebris\u00eb, Edi Rama, vjen n\u00eb Shkod\u00ebr dhe inaguron sa p\u00ebr show e propagand\u00eb disa fasada t\u00eb institucioneve sh\u00ebndet\u00ebsore, gj\u00ebndja n\u00eb spitalin e Shkodr\u00ebs sa vjen e r\u00ebndohet dhe jan\u00eb qytetar\u00ebt ata q\u00eb vuajn\u00eb pasojat e keqmenaxhimit t\u00eb shefave rilindas. Rilindja e Edi Ram\u00ebs dhe drejtuesve t\u00eb Tij &hellip;<\/p>\n","protected":false},"author":4,"featured_media":96563,"comment_status":"closed","ping_status":"closed","sticky":false,"template":"","format":"standard","meta":{"footnotes":""},"categories":[37],"tags":[],"class_list":["post-101284","post","type-post","status-publish","format-standard","has-post-thumbnail","","category-politike"],"_links":{"self":[{"href":"https:\/\/rdnews.al\/index.php\/wp-json\/wp\/v2\/posts\/101284","targetHints":{"allow":["GET"]}}],"collection":[{"href":"https:\/\/rdnews.al\/index.php\/wp-json\/wp\/v2\/posts"}],"about":[{"href":"https:\/\/rdnews.al\/index.php\/wp-json\/wp\/v2\/types\/post"}],"author":[{"embeddable":true,"href":"https:\/\/rdnews.al\/index.php\/wp-json\/wp\/v2\/users\/4"}],"replies":[{"embeddable":true,"href":"https:\/\/rdnews.al\/index.php\/wp-json\/wp\/v2\/comments?post=101284"}],"version-history":[{"count":2,"href":"https:\/\/rdnews.al\/index.php\/wp-json\/wp\/v2\/posts\/101284\/revisions"}],"predecessor-version":[{"id":101288,"href":"https:\/\/rdnews.al\/index.php\/wp-json\/wp\/v2\/posts\/101284\/revisions\/101288"}],"wp:featuredmedia":[{"embeddable":true,"href":"https:\/\/rdnews.al\/index.php\/wp-json\/wp\/v2\/media\/96563"}],"wp:attachment":[{"href":"https:\/\/rdnews.al\/index.php\/wp-json\/wp\/v2\/media?parent=101284"}],"wp:term":[{"taxonomy":"category","embeddable":true,"href":"https:\/\/rdnews.al\/index.php\/wp-json\/wp\/v2\/categories?post=101284"},{"taxonomy":"post_tag","embeddable":true,"href":"https:\/\/rdnews.al\/index.php\/wp-json\/wp\/v2\/tags?post=101284"}],"curies":[{"name":"wp","href":"https:\/\/api.w.org\/{rel}","templated":true}]}}