{"id":101301,"date":"2025-01-14T09:35:24","date_gmt":"2025-01-14T09:35:24","guid":{"rendered":"https:\/\/rdnews.al\/?p=101301"},"modified":"2025-01-14T09:35:24","modified_gmt":"2025-01-14T09:35:24","slug":"denoncimi-i-berishes-dhendri-i-pushtetit-shemb-rrugen-kryesore-mbi-liqenin-e-farkes","status":"publish","type":"post","link":"https:\/\/rdnews.al\/index.php\/2025\/01\/14\/denoncimi-i-berishes-dhendri-i-pushtetit-shemb-rrugen-kryesore-mbi-liqenin-e-farkes\/","title":{"rendered":"Denoncimi i Berish\u00ebs: Dh\u00ebndri i pushtetit shemb rrug\u00ebn kryesore mbi liqenin e Fark\u00ebs"},"content":{"rendered":"<div id=\"rekl-49\">\n<p>Kryetari i PD, Sali Berisha, ka publikuar mesazhin e nj\u00eb qytetari i cili ka denoncuar nj\u00eb skandal q\u00eb ka ndodhur n\u00eb Fark\u00eb.\u00a0Berisha shkruan se, dh\u00ebndri i Qefaliajve ka shembur rrug\u00ebn kryesore t\u00eb Fark\u00ebs.<\/p>\n<\/div>\n<div class=\"readmore-text-here\">\n<div id=\"rekl-56\"><strong>Postimi<\/strong><\/div>\n<p>Dh\u00ebndri i pushtetit shembi rrug\u00ebn kryesore mbi liqenin e Fark\u00ebs, duke k\u00ebrc\u00ebnuar jet\u00ebn e qindra banor\u00ebve. P\u00ebr Qefaliajt e Ram\u00ebs nuk ka ligj.<\/p>\n<p>Shihni videon dhe lexoni mesazhin e qytetarit dixhital!<\/p>\n<p>Qefalinjt\u00eb e Ram\u00ebs rrezikojn\u00eb banor\u00ebt e Fark\u00ebs duke hapur gropa p\u00ebr kompleks vilash dhe askush nuk iu afrohet!<\/p>\n<p><iframe loading=\"lazy\" src=\"https:\/\/www.facebook.com\/plugins\/video.php?height=316&amp;href=https%3A%2F%2Fwww.facebook.com%2FSaliBerisha%2Fvideos%2F3893951974221192%2F&amp;show_text=false&amp;width=560&amp;t=0\" width=\"560\" height=\"316\" frameborder=\"0\" scrolling=\"no\" allowfullscreen=\"allowfullscreen\" data-mce-fragment=\"1\"><\/iframe><\/p>\n<\/div>\n<p>&nbsp;<\/p>\n","protected":false},"excerpt":{"rendered":"<p>Kryetari i PD, Sali Berisha, ka publikuar mesazhin e nj\u00eb qytetari i cili ka denoncuar nj\u00eb skandal q\u00eb ka ndodhur n\u00eb Fark\u00eb.\u00a0Berisha shkruan se, dh\u00ebndri i Qefaliajve ka shembur rrug\u00ebn kryesore t\u00eb Fark\u00ebs. Postimi Dh\u00ebndri i pushtetit shembi rrug\u00ebn kryesore mbi liqenin e Fark\u00ebs, duke k\u00ebrc\u00ebnuar jet\u00ebn e qindra banor\u00ebve. P\u00ebr Qefaliajt e Ram\u00ebs nuk &hellip;<\/p>\n","protected":false},"author":4,"featured_media":101302,"comment_status":"closed","ping_status":"closed","sticky":false,"template":"","format":"standard","meta":{"footnotes":""},"categories":[37],"tags":[],"class_list":["post-101301","post","type-post","status-publish","format-standard","has-post-thumbnail","","category-politike"],"_links":{"self":[{"href":"https:\/\/rdnews.al\/index.php\/wp-json\/wp\/v2\/posts\/101301","targetHints":{"allow":["GET"]}}],"collection":[{"href":"https:\/\/rdnews.al\/index.php\/wp-json\/wp\/v2\/posts"}],"about":[{"href":"https:\/\/rdnews.al\/index.php\/wp-json\/wp\/v2\/types\/post"}],"author":[{"embeddable":true,"href":"https:\/\/rdnews.al\/index.php\/wp-json\/wp\/v2\/users\/4"}],"replies":[{"embeddable":true,"href":"https:\/\/rdnews.al\/index.php\/wp-json\/wp\/v2\/comments?post=101301"}],"version-history":[{"count":1,"href":"https:\/\/rdnews.al\/index.php\/wp-json\/wp\/v2\/posts\/101301\/revisions"}],"predecessor-version":[{"id":101303,"href":"https:\/\/rdnews.al\/index.php\/wp-json\/wp\/v2\/posts\/101301\/revisions\/101303"}],"wp:featuredmedia":[{"embeddable":true,"href":"https:\/\/rdnews.al\/index.php\/wp-json\/wp\/v2\/media\/101302"}],"wp:attachment":[{"href":"https:\/\/rdnews.al\/index.php\/wp-json\/wp\/v2\/media?parent=101301"}],"wp:term":[{"taxonomy":"category","embeddable":true,"href":"https:\/\/rdnews.al\/index.php\/wp-json\/wp\/v2\/categories?post=101301"},{"taxonomy":"post_tag","embeddable":true,"href":"https:\/\/rdnews.al\/index.php\/wp-json\/wp\/v2\/tags?post=101301"}],"curies":[{"name":"wp","href":"https:\/\/api.w.org\/{rel}","templated":true}]}}