{"id":101304,"date":"2025-01-14T09:40:07","date_gmt":"2025-01-14T09:40:07","guid":{"rendered":"https:\/\/rdnews.al\/?p=101304"},"modified":"2025-01-14T09:40:07","modified_gmt":"2025-01-14T09:40:07","slug":"revolta-pensionistet-nuk-mashtrohemi-nga-bonuset-elektorale-te-rames","status":"publish","type":"post","link":"https:\/\/rdnews.al\/index.php\/2025\/01\/14\/revolta-pensionistet-nuk-mashtrohemi-nga-bonuset-elektorale-te-rames\/","title":{"rendered":"Revolta\/ Pensionist\u00ebt: Nuk mashtrohemi nga \u201cbonuset elektorale\u201d t\u00eb Ram\u00ebs"},"content":{"rendered":"<p>Pensionist\u00ebt kan\u00eb paralajm\u00ebruar nj\u00eb tjet\u00ebr protest\u00eb p\u00ebrpara Kryeministris\u00eb.<\/p>\n<p>T\u00eb m\u00ebrkur\u00ebn e 15 janarit, pensionist\u00ebt do t\u00eb mblidhen n\u00eb or\u00ebn 10:00 s\u00ebrish p\u00ebr t\u00eb vijuar me k\u00ebrkesat e tyre p\u00ebr rritje t\u00eb pensioneve. Bonusi i fundvitit me 15 mij\u00eb lek\u00eb p\u00ebr nj\u00eb pjes\u00eb t\u00eb tyre dhe 10 mij\u00eb lek\u00eb p\u00ebr pjes\u00ebn tjet\u00ebr, nuk i k\u00ebnaqi nevojat e tyre jetike.<\/p>\n<p>Po ashtu edhe bonusi i pranver\u00ebs me 10 mij\u00eb dhe 5 mij\u00eb s\u00ebrish p\u00ebr ta mbetet i pamjaftuesh\u00ebm. Sipas tyre vendosja e minimumit jetik do t\u00eb ishte hapi i par\u00eb drejt p\u00ebrmir\u00ebsimit t\u00eb pensioneve n\u00eb Shqip\u00ebri, p\u00ebr t\u00eb mos pasur asnj\u00eb pension n\u00ebn mas\u00ebn 20 mij\u00eb lek\u00eb t\u00eb reja.<\/p>\n<p>Pensionist\u00ebt protestuan edhe gjat\u00eb vitit 2024, n\u00eb disa protesta t\u00eb vazhdueshme, teksa kryeministri zhvillonte takime me nj\u00eb pjes\u00eb tjet\u00ebr t\u00eb pensionist\u00ebve, me premtimin se qeveria do t\u00eb ket\u00eb nj\u00eb kujdes t\u00eb ve\u00e7ant\u00eb p\u00ebr k\u00ebt\u00eb kategori. Protesta e s\u00eb m\u00ebrkur\u00ebs n\u00eb or\u00ebn 10:00 do t\u00eb jet\u00eb e para p\u00ebr k\u00ebt\u00eb vit, por jo e fundit sipas pensionist\u00ebve.<\/p>\n","protected":false},"excerpt":{"rendered":"<p>Pensionist\u00ebt kan\u00eb paralajm\u00ebruar nj\u00eb tjet\u00ebr protest\u00eb p\u00ebrpara Kryeministris\u00eb. T\u00eb m\u00ebrkur\u00ebn e 15 janarit, pensionist\u00ebt do t\u00eb mblidhen n\u00eb or\u00ebn 10:00 s\u00ebrish p\u00ebr t\u00eb vijuar me k\u00ebrkesat e tyre p\u00ebr rritje t\u00eb pensioneve. Bonusi i fundvitit me 15 mij\u00eb lek\u00eb p\u00ebr nj\u00eb pjes\u00eb t\u00eb tyre dhe 10 mij\u00eb lek\u00eb p\u00ebr pjes\u00ebn tjet\u00ebr, nuk i k\u00ebnaqi nevojat &hellip;<\/p>\n","protected":false},"author":4,"featured_media":92962,"comment_status":"closed","ping_status":"closed","sticky":false,"template":"","format":"standard","meta":{"footnotes":""},"categories":[37],"tags":[],"class_list":["post-101304","post","type-post","status-publish","format-standard","has-post-thumbnail","","category-politike"],"_links":{"self":[{"href":"https:\/\/rdnews.al\/index.php\/wp-json\/wp\/v2\/posts\/101304","targetHints":{"allow":["GET"]}}],"collection":[{"href":"https:\/\/rdnews.al\/index.php\/wp-json\/wp\/v2\/posts"}],"about":[{"href":"https:\/\/rdnews.al\/index.php\/wp-json\/wp\/v2\/types\/post"}],"author":[{"embeddable":true,"href":"https:\/\/rdnews.al\/index.php\/wp-json\/wp\/v2\/users\/4"}],"replies":[{"embeddable":true,"href":"https:\/\/rdnews.al\/index.php\/wp-json\/wp\/v2\/comments?post=101304"}],"version-history":[{"count":1,"href":"https:\/\/rdnews.al\/index.php\/wp-json\/wp\/v2\/posts\/101304\/revisions"}],"predecessor-version":[{"id":101305,"href":"https:\/\/rdnews.al\/index.php\/wp-json\/wp\/v2\/posts\/101304\/revisions\/101305"}],"wp:featuredmedia":[{"embeddable":true,"href":"https:\/\/rdnews.al\/index.php\/wp-json\/wp\/v2\/media\/92962"}],"wp:attachment":[{"href":"https:\/\/rdnews.al\/index.php\/wp-json\/wp\/v2\/media?parent=101304"}],"wp:term":[{"taxonomy":"category","embeddable":true,"href":"https:\/\/rdnews.al\/index.php\/wp-json\/wp\/v2\/categories?post=101304"},{"taxonomy":"post_tag","embeddable":true,"href":"https:\/\/rdnews.al\/index.php\/wp-json\/wp\/v2\/tags?post=101304"}],"curies":[{"name":"wp","href":"https:\/\/api.w.org\/{rel}","templated":true}]}}