{"id":101306,"date":"2025-01-14T09:43:46","date_gmt":"2025-01-14T09:43:46","guid":{"rendered":"https:\/\/rdnews.al\/?p=101306"},"modified":"2025-01-14T09:43:46","modified_gmt":"2025-01-14T09:43:46","slug":"rama-ne-monologun-e-viktimes-heroit-dhe-te-inkriminuarit","status":"publish","type":"post","link":"https:\/\/rdnews.al\/index.php\/2025\/01\/14\/rama-ne-monologun-e-viktimes-heroit-dhe-te-inkriminuarit\/","title":{"rendered":"Rama n\u00eb monologun e viktim\u00ebs, heroit dhe t\u00eb inkriminuarit"},"content":{"rendered":"<p><strong>Nga\u00a0Alfred LELA<\/strong><\/p>\n<p>Edi Rama, n\u00eb monologun e gjat\u00eb t\u00eb nj\u00eb t\u00eb diele, kur njer\u00ebzit i l\u00eb pushim edhe Zoti, nuk ka pushuar mbi gjysm\u00eb ore duke folur p\u00ebr persekutim imagjinar politik nga kund\u00ebrshtari. Ky i fundit ka emrin e p\u00ebrhersh\u00ebm, shkrumbuar prej 15 vitesh n\u00eb sloganin q\u00eb qet tym, por barutin e ka t\u00eb lagur dhe, as nuk vret e as nuk bind, \u201cfajin e ka Saliu\u201d.<\/p>\n<p>Nj\u00eb kryeminist\u00ebr n\u00eb pushtet q\u2019prej vitit 1998, pra plot 27 vite, q\u00eb ankohet p\u00ebr rivalin e votuar jasht\u00eb pushtetit, para 12 vitesh, dhe q\u00eb ka 10 vite m\u00eb pak se ai n\u00eb pushtet, \u00ebsht\u00eb nj\u00eb rast halu\u00e7inance q\u00eb meriton studime t\u00eb posa\u00e7me t\u00eb shkenc\u00ebs politike, por edhe Psikologjis\u00eb.<\/p>\n<p>Duke b\u00ebr\u00eb pik\u00ebrisht at\u00eb q\u00eb ia mvesh si faj kund\u00ebrshtarit, p\u00ebrdorimin e familjes s\u00eb tij biologjike, Rama thirri dje ngjarje t\u00eb vjet\u00ebruara, n\u00eb nj\u00eb apel t\u00eb pak\u00ebrkuar dhe t\u00eb \u00e7uditsh\u00ebm p\u00ebr nj\u00eb publik q\u00eb, n\u00eb mas\u00ebn m\u00eb t\u00eb madhe i ka harruar bat\u00ebrdit\u00eb n\u00eb fjal\u00eb.<\/p>\n<p>Shnd\u00ebrrimi i vetes n\u00eb hero t\u00eb viktimizuar ndoshta mund t\u00eb kuptohet m\u00eb mir\u00eb duke risjell\u00eb nj\u00eb p\u00ebrkufizim psikologjik q\u00eb quhet\u00a0triada e err\u00ebt\u00a0(dark triads) q\u00eb, sipas Britannica, karakterizohet si \u00a0kombinim i tri trajtave negative t\u00eb karakterit: makiavelizmi, narcisizmi n\u00ebnklinik dhe psikopatia-me tipare t\u00eb caktuara si ftoht\u00ebsia, agresiviteti dhe dupliciteti.<\/p>\n<p>Pra, Rama n\u00eb monologun e gjat\u00eb t\u00eb hero-viktim\u00ebs, paraqitej si prij\u00ebsi i ftoh\u00eb dhe p\u00ebrllogarit\u00ebs i Makievaleit, narcizi q\u00eb sheh veten e bukur n\u00eb pellgun e parafytyrimit popullor p\u00ebr t\u00eb, dhe duplicisti q\u00eb shpreh mendime t\u00eb dyfishta kontradiktore.<\/p>\n<p>I k\u00ebsaj t\u00eb fundit \u00ebsht\u00eb rasti kur p\u00ebrgjigjet p\u00ebr akuzat se bashk\u00ebpunon me krimin duke sqaruar se \u00ebsht\u00eb ai q\u00eb i zgjedh bashk\u00ebpun\u00ebtor\u00ebt, jo e kund\u00ebrta. Duke th\u00ebn\u00eb se ai ka fuqin\u00eb p\u00ebr t\u00eb zgjedhur, sepse \u00ebsht\u00eb numri 1, ai kund\u00ebrshton veten n\u00eb pretendimin tjet\u00ebr, at\u00eb t\u00eb \u2018shk\u00ebputjes\u2019, prej bashk\u00ebpun\u00ebtor\u00ebve politik\u00eb. Jo se nuk e ka fuqin\u00eb e p\u00ebrzgjedhjes edhe n\u00eb k\u00ebt\u00eb rast, por se ai pranon se ka b\u00ebr\u00eb kaq shum\u00eb zgjedhje t\u00eb k\u00ebqija, por zgjedhjet nuk kan\u00eb lidhje me t\u00eb.<\/p>\n<p>Rama g\u00ebnjen kur thot\u00eb se bashk\u00ebpun\u00ebtor\u00ebt e zgjedhur p\u00ebr n\u00eb Kuvend, qeveri apo bashki t\u00eb vendit jan\u00eb larguar nga politika nga dekriminalizimi, i cili pask\u00ebrka patur edhe mb\u00ebshtetjen e tij. Aspak ashtu, sepse Rama i ka mbrojtur deri n\u00eb fund t\u00eb gjith\u00eb bashk\u00ebpun\u00ebtor\u00ebt me probleme me dekrimin, dhe i ka l\u00ebshuar kur e ka kuptuar se ishte e pamundur t\u2019i mbante. E ka b\u00ebr\u00eb k\u00ebt\u00eb me Dakon, Roshin, Kajmakun e gjith\u00eb t\u00eb tjer\u00ebt.<\/p>\n<p>Nj\u00eb sjellje pjes\u00ebrisht t\u00eb kund\u00ebrt ka d\u00ebshmuar n\u00eb mandatin aktual, kur ka l\u00ebshuar pa shum\u00eb vonesa disa prej bashk\u00ebpun\u00ebtor\u00ebve, por vet\u00ebm pasi i ka shkarkuar nga detyra dhe i jan\u00eb dashur si \u2018koka turku\u2019, por edhe si pakt me SPAK, sipas parimit t\u00eb jap disa \u2018d\u00ebshmor\u00eb\u2019, por t\u00eb tregoj vij\u00ebn e kuqe t\u00eb pakalueshme.<\/p>\n<p>M\u00ebnyra q\u00eb Rama zgjedh p\u00ebr t\u00eb p\u00ebrligjur raportin me krimin \u00ebsht\u00eb posa\u00e7\u00ebrisht interesant. Duke th\u00ebn\u00eb se ka fuqin\u00eb t\u00eb zgjedh\u00eb bashk\u00ebpun\u00ebtor\u00ebt (pra edhe n\u00eb rastin e paktit me krimin) ai inkriminon veten. Jo prej arroganc\u00ebs q\u00eb d\u00ebshmon fjalia, por p\u00ebr faktin se n\u00eb dosjet e sh\u00ebrbimeve t\u00eb huaja, ka d\u00ebshmi indirekte dhe direkte t\u00eb k\u00ebtij bashk\u00ebpunimi. Rasti i deputetit \u00c7yrbja t\u00eb Durr\u00ebsit, ku Rama \u00ebsht\u00eb prij\u00ebsi, \u00ebsht\u00eb flagrant. Bisedat e zbardhura mes narcos t\u00eb Durr\u00ebsit q\u00eb p\u00ebrcaktojn\u00eb \u00c7yrbjen si t\u00eb tretin n\u00eb list\u00eb, jan\u00eb n\u00eb vetvete loja p\u00ebr territor dhe pushtet t\u00eb bandave t\u00eb t\u00eb qytetit p\u00ebr dominimin e portit, narkotrafikut dhe rrjeteve ekonomike t\u00eb zon\u00ebs.<\/p>\n<p>Nj\u00eb prej m\u00ebnyrave se si shfaqet kjo fuqi \u00ebsht\u00eb lidhja me Kryeministrin, dhe shembulli m\u00eb ilustrues i k\u00ebsaj \u00ebsht\u00eb ndikimi tek ai p\u00ebr kandidat\u00ebt n\u00eb list\u00ebn e PS n\u00eb Durr\u00ebs. \u00c7yrbja, i nisur p\u00ebr i pesti a i gjashti n\u00eb list\u00eb, do t\u00eb ishte s\u00ebrish deputet, por banda q\u00eb e mb\u00ebshteste, duke e zhvendosur lart, n\u00eb vendin e tret\u00eb, u d\u00ebshmonte rival\u00ebve ndikimin te Kryeministri. N\u00ebse kjo nuk thuhet drejtp\u00ebrdrejt, a dyshohet se emrat dhe pozicionet n\u00eb list\u00eb i vendos miratimi dhe firma ekskluzive e Edi Ram\u00ebs?! Atij q\u00eb ka fuqin\u00eb \u2018t\u00eb zgjedh\u00eb bashk\u00ebpun\u00ebtor\u00ebt\u2019 dhe jo \u201ct\u00eb zgjidhet prej tyre\u201d.<\/p>\n","protected":false},"excerpt":{"rendered":"<p>Nga\u00a0Alfred LELA Edi Rama, n\u00eb monologun e gjat\u00eb t\u00eb nj\u00eb t\u00eb diele, kur njer\u00ebzit i l\u00eb pushim edhe Zoti, nuk ka pushuar mbi gjysm\u00eb ore duke folur p\u00ebr persekutim imagjinar politik nga kund\u00ebrshtari. Ky i fundit ka emrin e p\u00ebrhersh\u00ebm, shkrumbuar prej 15 vitesh n\u00eb sloganin q\u00eb qet tym, por barutin e ka t\u00eb lagur &hellip;<\/p>\n","protected":false},"author":4,"featured_media":92152,"comment_status":"closed","ping_status":"closed","sticky":false,"template":"","format":"standard","meta":{"footnotes":""},"categories":[44],"tags":[],"class_list":["post-101306","post","type-post","status-publish","format-standard","has-post-thumbnail","","category-editorial"],"_links":{"self":[{"href":"https:\/\/rdnews.al\/index.php\/wp-json\/wp\/v2\/posts\/101306","targetHints":{"allow":["GET"]}}],"collection":[{"href":"https:\/\/rdnews.al\/index.php\/wp-json\/wp\/v2\/posts"}],"about":[{"href":"https:\/\/rdnews.al\/index.php\/wp-json\/wp\/v2\/types\/post"}],"author":[{"embeddable":true,"href":"https:\/\/rdnews.al\/index.php\/wp-json\/wp\/v2\/users\/4"}],"replies":[{"embeddable":true,"href":"https:\/\/rdnews.al\/index.php\/wp-json\/wp\/v2\/comments?post=101306"}],"version-history":[{"count":1,"href":"https:\/\/rdnews.al\/index.php\/wp-json\/wp\/v2\/posts\/101306\/revisions"}],"predecessor-version":[{"id":101307,"href":"https:\/\/rdnews.al\/index.php\/wp-json\/wp\/v2\/posts\/101306\/revisions\/101307"}],"wp:featuredmedia":[{"embeddable":true,"href":"https:\/\/rdnews.al\/index.php\/wp-json\/wp\/v2\/media\/92152"}],"wp:attachment":[{"href":"https:\/\/rdnews.al\/index.php\/wp-json\/wp\/v2\/media?parent=101306"}],"wp:term":[{"taxonomy":"category","embeddable":true,"href":"https:\/\/rdnews.al\/index.php\/wp-json\/wp\/v2\/categories?post=101306"},{"taxonomy":"post_tag","embeddable":true,"href":"https:\/\/rdnews.al\/index.php\/wp-json\/wp\/v2\/tags?post=101306"}],"curies":[{"name":"wp","href":"https:\/\/api.w.org\/{rel}","templated":true}]}}