{"id":101308,"date":"2025-01-14T09:48:21","date_gmt":"2025-01-14T09:48:21","guid":{"rendered":"https:\/\/rdnews.al\/?p=101308"},"modified":"2025-01-14T11:44:10","modified_gmt":"2025-01-14T11:44:10","slug":"deputete-te-pd-dhe-mediu-ne-bruksel-nevoja-per-qeveri-kujdestare-domosdoshmeri","status":"publish","type":"post","link":"https:\/\/rdnews.al\/index.php\/2025\/01\/14\/deputete-te-pd-dhe-mediu-ne-bruksel-nevoja-per-qeveri-kujdestare-domosdoshmeri\/","title":{"rendered":"Deputet\u00eb t\u00eb PD e Mediu n\u00eb Bruksel: Nevoja p\u00ebr qeveri kujdestare, domosdoshm\u00ebri!"},"content":{"rendered":"<div id=\"rekl-49\">\n<p>Deputetwt e Partis\u00eb Demokratike, Albana Vokshi, Jorida Tabaku,\u00a0 Oerd Bylykbashi dhe kryetari i Partis\u00eb Republikane, Fatmir Mediu ndodhen n\u00eb Parlamentin Evropian n\u00eb Bruksel, si pjes\u00eb e nj\u00eb aktiviteti dy ditor t\u00eb organizuar nga EPP dhe ECR.<\/p>\n<p>Gjat\u00eb takimeve me kryetarin e Partive Popullore, Manfred Weber dhe deputet\u00eb t\u00eb partive popullore, grupi m\u00eb i madh n\u00eb Parlamentin Europian, Mediu tha se i kan\u00eb shpjeguar situat\u00ebn n\u00eb Shqip\u00ebri dhe sipas tij, pamund\u00ebsin\u00eb p\u00ebr zgjedhje t\u00eb lira dhe t\u00eb ndershme.<\/p>\n<p>Mediu shkruan se, nevoja p\u00ebr nj\u00eb qeveri kujdestare \u00ebsht\u00eb domosdoshm\u00ebri, p\u00ebr zgjedhjet, q\u00eb t\u00eb garantoj\u00eb zgjedhje t\u00eb lira dhe t\u00eb ndershme dhe t\u00eb mbaj larg duart e qeveris\u00eb p\u00ebr t\u00eb manipuluar zgjedhje.<\/p>\n<p><strong>Postimi i Mediut <\/strong><\/p>\n<p>S\u00eb bashku me koleg\u00ebt e Partis\u00eb Demokratike, Vokshi, Tabaku dhe Bylykbashi jemi n\u00eb nj\u00eb aktivitet 2 ditor t\u00eb organizuar nga EPP dhe ECR<\/p>\n<p>Gjat\u00eb takimeve me kryetarin e Partive Popullore Manfred Weber dhe deputet\u00eb t\u00eb partive popullore grupi m\u00eb i madh n\u00eb Parlamentin Europian shpjeguam situat\u00ebn e r\u00ebnd\u00eb n\u00eb Shqip\u00ebri, pamund\u00ebsin\u00eb p\u00ebr zgjedhje t\u00eb lira dhe t\u00eb ndershme, nd\u00ebrhyrjen dhe ndikim e krimit t\u00eb organizuar n\u00eb blerjen e votave, intimidimin e votuesve dhe p\u00ebrdorimin e shtetit dhe administrat\u00ebs n\u00eb zgjedhje.<\/p>\n<p>Zgjedhjet e lira dhe t\u00eb ndershme jan\u00eb detyrimet e Shqip\u00ebris\u00eb si vend an\u00ebtar i NATO-s dhe vend i cili k\u00ebrkon t\u00eb b\u00ebhet an\u00ebtar i BE.<\/p>\n<p>Nevoja p\u00ebr nj\u00eb qeveri kujdestare \u00ebsht\u00eb domosdoshm\u00ebri, p\u00ebr zgjedhjet, q\u00eb t\u00eb garantoj\u00eb zgjedhje t\u00eb lira dhe t\u00eb ndershme dhe t\u00eb mbaj larg duart e qeveris\u00eb p\u00ebr t\u00eb manipuluar zgjedhjet.<\/p>\n<\/div>\n<div class=\"readmore-text-here\">\n<div class=\"readmore-text-here\">\n<p><em><iframe loading=\"lazy\" src=\"https:\/\/www.facebook.com\/plugins\/post.php?href=https%3A%2F%2Fwww.facebook.com%2FFatmirMediuPR%2Fposts%2Fpfbid02Hhe7dmj5vK9yAhFALakkqC7Qz7JNkqYYdLQZz1wXcoDWz7CcrtFULT6V7dZgZWXMl&amp;show_text=true&amp;width=500\" width=\"500\" height=\"698\" frameborder=\"0\" scrolling=\"no\" allowfullscreen=\"allowfullscreen\" data-mce-fragment=\"1\"><\/iframe><\/em><\/p>\n<\/div>\n<p>&nbsp;<\/p>\n<\/div>\n<div id=\"rekl-45\"><\/div>\n<div id=\"rekl-16\"><\/div>\n<div id=\"rekl-33\"><\/div>\n<p>\u00a9<\/p>\n","protected":false},"excerpt":{"rendered":"<p>Deputetwt e Partis\u00eb Demokratike, Albana Vokshi, Jorida Tabaku,\u00a0 Oerd Bylykbashi dhe kryetari i Partis\u00eb Republikane, Fatmir Mediu ndodhen n\u00eb Parlamentin Evropian n\u00eb Bruksel, si pjes\u00eb e nj\u00eb aktiviteti dy ditor t\u00eb organizuar nga EPP dhe ECR. Gjat\u00eb takimeve me kryetarin e Partive Popullore, Manfred Weber dhe deputet\u00eb t\u00eb partive popullore, grupi m\u00eb i madh n\u00eb &hellip;<\/p>\n","protected":false},"author":4,"featured_media":101329,"comment_status":"closed","ping_status":"closed","sticky":false,"template":"","format":"standard","meta":{"footnotes":""},"categories":[37],"tags":[],"class_list":["post-101308","post","type-post","status-publish","format-standard","has-post-thumbnail","","category-politike"],"_links":{"self":[{"href":"https:\/\/rdnews.al\/index.php\/wp-json\/wp\/v2\/posts\/101308","targetHints":{"allow":["GET"]}}],"collection":[{"href":"https:\/\/rdnews.al\/index.php\/wp-json\/wp\/v2\/posts"}],"about":[{"href":"https:\/\/rdnews.al\/index.php\/wp-json\/wp\/v2\/types\/post"}],"author":[{"embeddable":true,"href":"https:\/\/rdnews.al\/index.php\/wp-json\/wp\/v2\/users\/4"}],"replies":[{"embeddable":true,"href":"https:\/\/rdnews.al\/index.php\/wp-json\/wp\/v2\/comments?post=101308"}],"version-history":[{"count":5,"href":"https:\/\/rdnews.al\/index.php\/wp-json\/wp\/v2\/posts\/101308\/revisions"}],"predecessor-version":[{"id":101331,"href":"https:\/\/rdnews.al\/index.php\/wp-json\/wp\/v2\/posts\/101308\/revisions\/101331"}],"wp:featuredmedia":[{"embeddable":true,"href":"https:\/\/rdnews.al\/index.php\/wp-json\/wp\/v2\/media\/101329"}],"wp:attachment":[{"href":"https:\/\/rdnews.al\/index.php\/wp-json\/wp\/v2\/media?parent=101308"}],"wp:term":[{"taxonomy":"category","embeddable":true,"href":"https:\/\/rdnews.al\/index.php\/wp-json\/wp\/v2\/categories?post=101308"},{"taxonomy":"post_tag","embeddable":true,"href":"https:\/\/rdnews.al\/index.php\/wp-json\/wp\/v2\/tags?post=101308"}],"curies":[{"name":"wp","href":"https:\/\/api.w.org\/{rel}","templated":true}]}}