{"id":101311,"date":"2025-01-14T09:54:48","date_gmt":"2025-01-14T09:54:48","guid":{"rendered":"https:\/\/rdnews.al\/?p=101311"},"modified":"2025-01-14T09:54:48","modified_gmt":"2025-01-14T09:54:48","slug":"ja-si-do-te-regjistrohet-diaspora-per-te-votuar-berisha-publikon-videon","status":"publish","type":"post","link":"https:\/\/rdnews.al\/index.php\/2025\/01\/14\/ja-si-do-te-regjistrohet-diaspora-per-te-votuar-berisha-publikon-videon\/","title":{"rendered":"Ja si do t\u00eb regjistrohet diaspora p\u00ebr t\u00eb votuar! Berisha publikon videon"},"content":{"rendered":"<div id=\"rekl-49\">Kryetari i PD, Sali Berisha, postoi nj\u00eb video online q\u00eb tregon se si mund t\u00eb regjistrohen emigrant\u00ebt shqiptar\u00eb p\u00ebr t\u00eb votuar.<\/div>\n<div class=\"readmore-text-here\">\n<p>\u201cSi t\u00eb regjistrohet zyrtarisht diaspora jon\u00eb p\u00ebr t\u00eb votuar n\u00eb zgjedhjet e 11 Majit!\u201d, shkruan Berisha.<\/p>\n<p>Diaspora ka shfaqur interes t\u00eb lart\u00eb p\u00ebr t\u2019u regjistruar n\u00eb k\u00ebto votime.<\/p>\n<p>Kjo \u00ebsht\u00eb hera e par\u00eb n\u00eb histori q\u00eb shqiptar\u00ebt jasht\u00eb vendit do t\u00eb mund t\u00eb votojn\u00eb.<\/p>\n<p><iframe loading=\"lazy\" src=\"https:\/\/www.facebook.com\/plugins\/video.php?height=315&amp;href=https%3A%2F%2Fwww.facebook.com%2FSaliBerisha%2Fvideos%2F9703279349702418%2F&amp;show_text=false&amp;width=560&amp;t=0\" width=\"560\" height=\"315\" frameborder=\"0\" scrolling=\"no\" allowfullscreen=\"allowfullscreen\" data-mce-fragment=\"1\"><\/iframe><\/p>\n<\/div>\n<p>&nbsp;<\/p>\n","protected":false},"excerpt":{"rendered":"<p>Kryetari i PD, Sali Berisha, postoi nj\u00eb video online q\u00eb tregon se si mund t\u00eb regjistrohen emigrant\u00ebt shqiptar\u00eb p\u00ebr t\u00eb votuar. \u201cSi t\u00eb regjistrohet zyrtarisht diaspora jon\u00eb p\u00ebr t\u00eb votuar n\u00eb zgjedhjet e 11 Majit!\u201d, shkruan Berisha. Diaspora ka shfaqur interes t\u00eb lart\u00eb p\u00ebr t\u2019u regjistruar n\u00eb k\u00ebto votime. Kjo \u00ebsht\u00eb hera e par\u00eb n\u00eb &hellip;<\/p>\n","protected":false},"author":4,"featured_media":101312,"comment_status":"closed","ping_status":"closed","sticky":false,"template":"","format":"standard","meta":{"footnotes":""},"categories":[37],"tags":[],"class_list":["post-101311","post","type-post","status-publish","format-standard","has-post-thumbnail","","category-politike"],"_links":{"self":[{"href":"https:\/\/rdnews.al\/index.php\/wp-json\/wp\/v2\/posts\/101311","targetHints":{"allow":["GET"]}}],"collection":[{"href":"https:\/\/rdnews.al\/index.php\/wp-json\/wp\/v2\/posts"}],"about":[{"href":"https:\/\/rdnews.al\/index.php\/wp-json\/wp\/v2\/types\/post"}],"author":[{"embeddable":true,"href":"https:\/\/rdnews.al\/index.php\/wp-json\/wp\/v2\/users\/4"}],"replies":[{"embeddable":true,"href":"https:\/\/rdnews.al\/index.php\/wp-json\/wp\/v2\/comments?post=101311"}],"version-history":[{"count":1,"href":"https:\/\/rdnews.al\/index.php\/wp-json\/wp\/v2\/posts\/101311\/revisions"}],"predecessor-version":[{"id":101313,"href":"https:\/\/rdnews.al\/index.php\/wp-json\/wp\/v2\/posts\/101311\/revisions\/101313"}],"wp:featuredmedia":[{"embeddable":true,"href":"https:\/\/rdnews.al\/index.php\/wp-json\/wp\/v2\/media\/101312"}],"wp:attachment":[{"href":"https:\/\/rdnews.al\/index.php\/wp-json\/wp\/v2\/media?parent=101311"}],"wp:term":[{"taxonomy":"category","embeddable":true,"href":"https:\/\/rdnews.al\/index.php\/wp-json\/wp\/v2\/categories?post=101311"},{"taxonomy":"post_tag","embeddable":true,"href":"https:\/\/rdnews.al\/index.php\/wp-json\/wp\/v2\/tags?post=101311"}],"curies":[{"name":"wp","href":"https:\/\/api.w.org\/{rel}","templated":true}]}}