{"id":101314,"date":"2025-01-14T10:02:46","date_gmt":"2025-01-14T10:02:46","guid":{"rendered":"https:\/\/rdnews.al\/?p=101314"},"modified":"2025-01-14T10:49:26","modified_gmt":"2025-01-14T10:49:26","slug":"kallzimi-ndaj-rames-balles-krajes-dhe-millonait-malltezi-ja-pse-spak-vendosi-mosfillim-procedimi-penal","status":"publish","type":"post","link":"https:\/\/rdnews.al\/index.php\/2025\/01\/14\/kallzimi-ndaj-rames-balles-krajes-dhe-millonait-malltezi-ja-pse-spak-vendosi-mosfillim-procedimi-penal\/","title":{"rendered":"SPAK nuk nisi procedim ndaj Ram\u00ebs, Ball\u00ebs, Kraj\u00ebs e Millonait\/ Malltezi: Gjykata v\u00ebrtetoi se jan\u00eb falsifikator\u00eb, i gatsh\u00ebm t\u00eb p\u00ebrballem&#8230;"},"content":{"rendered":"<p>Drejtuesi i Departamentit t\u00eb Mjedisit n\u00eb PD, Jamarb\u00ebr Malltezi ka reaguar pas vendimit t\u00eb SPAK p\u00ebr mosfillimin e procedimit penal ndaj \u00a0kryeministrit Edi Rama, Taulant Ball\u00ebs, dy prokuror\u00ebve t\u00eb Posa\u00e7\u00ebm, Arben Kraja dhe Enkeleda Millonai.<\/p>\n<p>P\u00ebrmes nj\u00eb statusi n\u00eb rrjetet sociale, Malltezi shkruan se \u00ebsht\u00eb i gatsh\u00ebm t\u00eb p\u00ebrballet me kall\u00ebzim t\u00eb rrem\u00eb, n\u00ebse akuzat e ngritura ndaj Ram\u00ebs, Ball\u00ebs e prokuror\u00ebve t\u00eb SPAK, nuk rezultojn\u00eb t\u00eb v\u00ebrteta. Sipas Malltezit, \u00ebsht\u00eb v\u00ebrtetuar d\u00ebmi me vendim gjykate t\u00eb form\u00ebs s\u00eb prer\u00eb, se Edi Rama dhe te korruptuarit prokuror\u00eb, falsifikojn\u00eb dokumente.<\/p>\n<p><b>Reagimi<\/b><\/p>\n<p>Kallzim penal ndaj Edi Rames, Taulant Balles, Arben Krajes dhe Enkeleda Millonai por mender <a href=\"https:\/\/www.facebook.com\/hashtag\/spak?__eep__=6&amp;__cft__%5b0%5d=AZUtCOdG2pRT212uD72loM9e1JMWTKdswGL0_HNpUBG5P_dn6nV6mCQn4cVvVuP0kWmvrYIVfzDNhU4oG6EfRetSfAzwDxAA67SyktRf45sACgCAw-jCd5Qepw2dox6Nk6xlPpTVh9G3BSUb-edSgiAq_CYHDxEr7Uyj3iq4A-t4hxJtyLdpG0e-JxPScnEI7IrAnsws7AnUY0X7fLY9OmAzjzhqPpCov06rwNqLeu4swA&amp;__tn__=*NK-R\" target=\"_blank\" rel=\"noopener\">#spak<\/a> vendos mosfillim procedimi penal! Pse? Jam gati qe nese nuk jane te verteta te perballem per kallzim te rreme! Por e ka te vertetuar demin me vendim gjykate te formes se prere Edi Rama dhe te korruptuarit prokurore falsifikojne dokumente! A keni pare ndonje shkrim nga mediat e soros dhe sherbimit spiunazhit qe te raportojne per prokuroret e korruptuar? Apo nuk korruptohen se jane te perzgjedhur nga soros dhe sherbyes te edi rames?<\/p>\n<p><em><iframe loading=\"lazy\" src=\"https:\/\/www.facebook.com\/plugins\/post.php?href=https%3A%2F%2Fwww.facebook.com%2Fabi.malltezi%2Fposts%2Fpfbid02jGVkE4oAztgxPcfRkAWAERQ2dJmzf3DbHJkxkfDf9gzvBYjLSk3Gpf8f42NtWEKAl&amp;show_text=true&amp;width=500\" width=\"500\" height=\"532\" frameborder=\"0\" scrolling=\"no\" allowfullscreen=\"allowfullscreen\" data-mce-fragment=\"1\"><\/iframe><\/em><\/p>\n","protected":false},"excerpt":{"rendered":"<p>Drejtuesi i Departamentit t\u00eb Mjedisit n\u00eb PD, Jamarb\u00ebr Malltezi ka reaguar pas vendimit t\u00eb SPAK p\u00ebr mosfillimin e procedimit penal ndaj \u00a0kryeministrit Edi Rama, Taulant Ball\u00ebs, dy prokuror\u00ebve t\u00eb Posa\u00e7\u00ebm, Arben Kraja dhe Enkeleda Millonai. P\u00ebrmes nj\u00eb statusi n\u00eb rrjetet sociale, Malltezi shkruan se \u00ebsht\u00eb i gatsh\u00ebm t\u00eb p\u00ebrballet me kall\u00ebzim t\u00eb rrem\u00eb, n\u00ebse akuzat &hellip;<\/p>\n","protected":false},"author":4,"featured_media":100733,"comment_status":"closed","ping_status":"closed","sticky":false,"template":"","format":"standard","meta":{"footnotes":""},"categories":[37],"tags":[],"class_list":["post-101314","post","type-post","status-publish","format-standard","has-post-thumbnail","","category-politike"],"_links":{"self":[{"href":"https:\/\/rdnews.al\/index.php\/wp-json\/wp\/v2\/posts\/101314","targetHints":{"allow":["GET"]}}],"collection":[{"href":"https:\/\/rdnews.al\/index.php\/wp-json\/wp\/v2\/posts"}],"about":[{"href":"https:\/\/rdnews.al\/index.php\/wp-json\/wp\/v2\/types\/post"}],"author":[{"embeddable":true,"href":"https:\/\/rdnews.al\/index.php\/wp-json\/wp\/v2\/users\/4"}],"replies":[{"embeddable":true,"href":"https:\/\/rdnews.al\/index.php\/wp-json\/wp\/v2\/comments?post=101314"}],"version-history":[{"count":4,"href":"https:\/\/rdnews.al\/index.php\/wp-json\/wp\/v2\/posts\/101314\/revisions"}],"predecessor-version":[{"id":101318,"href":"https:\/\/rdnews.al\/index.php\/wp-json\/wp\/v2\/posts\/101314\/revisions\/101318"}],"wp:featuredmedia":[{"embeddable":true,"href":"https:\/\/rdnews.al\/index.php\/wp-json\/wp\/v2\/media\/100733"}],"wp:attachment":[{"href":"https:\/\/rdnews.al\/index.php\/wp-json\/wp\/v2\/media?parent=101314"}],"wp:term":[{"taxonomy":"category","embeddable":true,"href":"https:\/\/rdnews.al\/index.php\/wp-json\/wp\/v2\/categories?post=101314"},{"taxonomy":"post_tag","embeddable":true,"href":"https:\/\/rdnews.al\/index.php\/wp-json\/wp\/v2\/tags?post=101314"}],"curies":[{"name":"wp","href":"https:\/\/api.w.org\/{rel}","templated":true}]}}