{"id":101322,"date":"2025-01-14T11:14:02","date_gmt":"2025-01-14T11:14:02","guid":{"rendered":"https:\/\/rdnews.al\/?p=101322"},"modified":"2025-01-14T11:26:23","modified_gmt":"2025-01-14T11:26:23","slug":"skandali-pd-elisa-ne-boten-e-cmendurirave-manipulon-procesin-zgjedhor-vendos-tom-doshin-si-parti-opozitare-krah-sali-berishes-ne-favor-te-mazhorances","status":"publish","type":"post","link":"https:\/\/rdnews.al\/index.php\/2025\/01\/14\/skandali-pd-elisa-ne-boten-e-cmendurirave-manipulon-procesin-zgjedhor-vendos-tom-doshin-si-parti-opozitare-krah-sali-berishes-ne-favor-te-mazhorances\/","title":{"rendered":"Skandali\/ PD: Elisa n\u00eb Bot\u00ebn e \u00c7mendurirave manipulon procesin zgjedhor, vendos Tom Doshin si parti opozitare krah Sali Berish\u00ebs!"},"content":{"rendered":"<p><strong>DEKLARAT\u00cb P\u00cbR MEDIA SEKRETARI P\u00cbR \u00c7\u00cbSHTJET LIGJORE N\u00cb PD, IVI KASO<\/strong><\/p>\n<p>Elisa q\u00eb e nisi n\u00eb bot\u00ebn e \u00c7udirave, me pretendimin se do shp\u00ebtonte dynjan\u00eb, ka kaluar tani n\u00eb Bot\u00ebn e \u00c7mendurirave.<\/p>\n<p>Sipas nj\u00eb plani t\u00eb parap\u00ebrgatitur p\u00ebr t\u00eb manipuluar q\u00eb n\u00eb zanafill\u00eb, me \u00e7do mjet dhe m\u00ebnyr\u00eb zgjedhjet e 11 majit, n\u00eb shkelje t\u00eb plot\u00eb t\u00eb ligjit dhe me skuth\u00ebri politike, ajo, duke p\u00ebrdhosur rolin e kryeparlamentares, e ka vendsour partin\u00eb e Tom Doshit n\u00eb krah t\u00eb opozit\u00ebs s\u00eb Sali Berish\u00ebs.<\/p>\n<p>N\u00eb nj\u00eb p\u00ebrgjigje q\u00eb i ka kthyer intersimit t\u00eb KQZ p\u00ebr rreshtimin e partive n\u00eb Kuvend, kryetarja e Parlamentit, q\u00eb me k\u00ebt\u00eb mund t\u00eb quhet e sharlamentit, e paraqet Partin\u00eb Social-Demokrate, t\u00eb aleatit kryesor t\u00eb Edi Ram\u00ebs, heroit t\u00eb zgjedhjeve t\u00eb lira, Tom Doshi, jo si formacion t\u00eb koalicionit qeveris\u00ebs, por atij opozitar.<\/p>\n<p>Ky \u00ebsht\u00eb nj\u00eb c\u00ebnim i r\u00ebnd\u00eb i s\u00eb v\u00ebrtet\u00ebs, moralit politik dhe qytetar dhe shkelje me t\u00eb dyja k\u00ebmb\u00ebt e barazis\u00eb n\u00eb zgjedhje.<\/p>\n<p>Qytetar\u00ebt e din\u00eb se me k\u00eb \u00ebsht\u00eb rreshtuar Tom Doshi q\u00eb nga Tirana dhe deri n\u00eb Shkod\u00ebr, q\u00eb nga 2011-a e deri n\u00eb 2025-\u00ebn. Analist\u00ebt mund t\u00eb hapin dokumentacion online t\u00eb KQZ dhe t\u00eb shohin se, edhe n\u00eb letra, aleanca Rama-Doshi \u00ebsht\u00eb e fiksuar.<\/p>\n<p>Elisa e \u00c7mendurirave i di t\u00eb gjitha k\u00ebto, por e b\u00ebn p\u00ebr t\u2019i hyr\u00eb n\u00eb qejf shefit, p\u00ebr t\u00eb c\u00ebnuar zgjedhjet e 11 majit, dhe p\u00ebr t\u00eb ndihmuar Partin\u00eb Socialiste me nj\u00eb pateric\u00eb t\u00eb radh\u00ebs. Duke nuhatur se i kan\u00eb pun\u00ebt keq, fusin n\u00eb pun\u00eb \u00e7do mjet t\u00eb padrejt\u00eb dhe antiligjor p\u00ebr t\u00eb d\u00ebmtuar opozit\u00ebn dhe procesin e votimit.<\/p>\n<p>Pse e b\u00ebn gjith\u00eb k\u00ebt\u00eb?<\/p>\n<p>Q\u00ebllimi \u00ebsht\u00eb p\u00ebr t\u00eb grabitur nj\u00eb num\u00ebrues t\u00eb opozit\u00ebs n\u00eb zgjedhjet e ardhshme dhe p\u00ebr t\u2019ja kaluar Doshit, i cili do t\u00eb hiqet si e parti e opozit\u00ebs, por do t\u00eb militoj\u00eb, num\u00ebroj\u00eb e zhvas\u00eb p\u00ebr mazhoranc\u00ebn e NarkoRam\u00ebs.<\/p>\n<p>Ky falsifikim bie ndesh me dhjetra vendime t\u00eb KQZ dhe Kolegjit Zgjedhor, t\u00eb cil\u00ebt p\u00ebrcaktojn\u00eb se opozit\u00eb nuk t\u00eb b\u00ebn vet\u00ebdeklarimi, por mb\u00ebshtetja q\u00eb i jep n\u00eb Kuvend nismave t\u00eb qeveris\u00eb.<br \/>\nK\u00ebt\u00eb skandal opozita nuk ka p\u00ebr ta lejuar, dhe e paralajm\u00ebron Lajen e Kuvendit se, po nuk u t\u00ebrhoq vet\u00eb, do paditet n\u00eb SPAK p\u00ebr abuzim dhe shp\u00ebrdorim me detyr\u00ebn si dhe falsifikim.<\/p>\n<p>Partia Demokratike e d\u00ebnon ashp\u00ebr k\u00ebt\u00eb akt hajdut\u00ebrie q\u00eb d\u00ebmton balancat mes pal\u00ebve n\u00eb nj\u00eb vend ku t\u00eb gjitha pushtetet jan\u00eb n\u00eb kthetrat e Ram\u00ebs dhe mjaullimat e elisave t\u00eb oborrit.<\/p>\n<p>Sa p\u00ebr Tom\u00ebn, si hero t\u00eb opozitarizmit, kund\u00ebr Ram\u00ebs n\u00eb zgjedhje, edhe \u00e7akejt\u00eb e maleve qeshin kur e d\u00ebgjojn\u00eb.<\/p>\n","protected":false},"excerpt":{"rendered":"<p>DEKLARAT\u00cb P\u00cbR MEDIA SEKRETARI P\u00cbR \u00c7\u00cbSHTJET LIGJORE N\u00cb PD, IVI KASO Elisa q\u00eb e nisi n\u00eb bot\u00ebn e \u00c7udirave, me pretendimin se do shp\u00ebtonte dynjan\u00eb, ka kaluar tani n\u00eb Bot\u00ebn e \u00c7mendurirave. Sipas nj\u00eb plani t\u00eb parap\u00ebrgatitur p\u00ebr t\u00eb manipuluar q\u00eb n\u00eb zanafill\u00eb, me \u00e7do mjet dhe m\u00ebnyr\u00eb zgjedhjet e 11 majit, n\u00eb shkelje t\u00eb &hellip;<\/p>\n","protected":false},"author":4,"featured_media":101323,"comment_status":"closed","ping_status":"closed","sticky":false,"template":"","format":"standard","meta":{"footnotes":""},"categories":[37],"tags":[],"class_list":["post-101322","post","type-post","status-publish","format-standard","has-post-thumbnail","","category-politike"],"_links":{"self":[{"href":"https:\/\/rdnews.al\/index.php\/wp-json\/wp\/v2\/posts\/101322","targetHints":{"allow":["GET"]}}],"collection":[{"href":"https:\/\/rdnews.al\/index.php\/wp-json\/wp\/v2\/posts"}],"about":[{"href":"https:\/\/rdnews.al\/index.php\/wp-json\/wp\/v2\/types\/post"}],"author":[{"embeddable":true,"href":"https:\/\/rdnews.al\/index.php\/wp-json\/wp\/v2\/users\/4"}],"replies":[{"embeddable":true,"href":"https:\/\/rdnews.al\/index.php\/wp-json\/wp\/v2\/comments?post=101322"}],"version-history":[{"count":3,"href":"https:\/\/rdnews.al\/index.php\/wp-json\/wp\/v2\/posts\/101322\/revisions"}],"predecessor-version":[{"id":101327,"href":"https:\/\/rdnews.al\/index.php\/wp-json\/wp\/v2\/posts\/101322\/revisions\/101327"}],"wp:featuredmedia":[{"embeddable":true,"href":"https:\/\/rdnews.al\/index.php\/wp-json\/wp\/v2\/media\/101323"}],"wp:attachment":[{"href":"https:\/\/rdnews.al\/index.php\/wp-json\/wp\/v2\/media?parent=101322"}],"wp:term":[{"taxonomy":"category","embeddable":true,"href":"https:\/\/rdnews.al\/index.php\/wp-json\/wp\/v2\/categories?post=101322"},{"taxonomy":"post_tag","embeddable":true,"href":"https:\/\/rdnews.al\/index.php\/wp-json\/wp\/v2\/tags?post=101322"}],"curies":[{"name":"wp","href":"https:\/\/api.w.org\/{rel}","templated":true}]}}