{"id":101339,"date":"2025-01-14T12:12:02","date_gmt":"2025-01-14T12:12:02","guid":{"rendered":"https:\/\/rdnews.al\/?p=101339"},"modified":"2025-01-14T12:12:02","modified_gmt":"2025-01-14T12:12:02","slug":"vrasja-mafioze-kreu-i-pd-vlore-tregues-i-qarte-i-gjendjes-alarmante-te-pasigurise","status":"publish","type":"post","link":"https:\/\/rdnews.al\/index.php\/2025\/01\/14\/vrasja-mafioze-kreu-i-pd-vlore-tregues-i-qarte-i-gjendjes-alarmante-te-pasigurise\/","title":{"rendered":"Vrasja mafioze\/ Kreu i PD Vlor\u00eb: Tregues i qart\u00eb i gjendjes alarmante t\u00eb pasiguris\u00eb!"},"content":{"rendered":"<div id=\"rekl-49\">Kryetari i PD Vlor\u00eb, Atird Hoxha ka reaguar ashp\u00ebr, pas ngjarjes s\u00eb r\u00ebnd\u00eb mafiooz\u00eb n\u00eb Vlor\u00eb, ku mbeti i vrar\u00eb nj\u00eb 30-vje\u00e7ar.<\/div>\n<div class=\"readmore-text-here\">\n<p>P\u00ebrmes nj\u00eb reagimi n\u00eb rrjetet sociale, Hoxha thot\u00eb se atentati mafioz, \u00ebsht\u00eb nj\u00eb tregues i qart\u00eb i situat\u00ebs s\u00eb r\u00ebnd\u00eb dhe t\u00eb papranueshme t\u00eb siguris\u00eb publike n\u00eb vend.<\/p>\n<p>Teksa shprehu shqet\u00ebsimin e thell\u00eb \u00a0t\u00eb PD s\u00eb Vlor\u00ebs, p\u00ebr k\u00ebt\u00eb situat\u00eb kaotike dhe t\u00eb rrezikshme, Hoxha tha se \u00ebsht\u00eb e qart\u00eb se mungesa e veprimit nga ana e Policis\u00eb dhe institucioneve ligjzbatuese ka krijuar nj\u00eb klim\u00eb ku krimi ndihet m\u00eb i fuqish\u00ebm se ligji.<\/p>\n<div id=\"rekl-13\">\n<div id=\"__sap-ad-15\" class=\"__sap-ads __sap-html inline tracked\" data-title=\"Credins desktop Brenda lajmit 08\">Nj\u00eb thirrje, PD Vlor\u00eb pati dhe p\u00ebr Policin\u00eb e Shtetit dhe autoriteteve p\u00ebrgjegj\u00ebse, q\u00eb t\u00eb reagojn\u00eb me vendosm\u00ebri dhe urgjenc\u00eb, p\u00ebr sigurin\u00eb publike.<\/div>\n<\/div>\n<p><strong>Reagimi<\/strong><\/p>\n<p>Ngjarja e djeshme n\u00eb Vlor\u00eb, ku nj\u00eb 30-vje\u00e7ar u vra n\u00eb nj\u00eb atentat mafioz, \u00ebsht\u00eb nj\u00eb tregues i qart\u00eb i situat\u00ebs s\u00eb r\u00ebnd\u00eb dhe t\u00eb papranueshme t\u00eb siguris\u00eb publike n\u00eb vend.<\/p>\n<p>Nd\u00ebrsa kreu i narkodiktatur\u00ebs Rama p\u00ebrpiqet t\u00eb maskoj\u00eb realitetin e hidhur p\u00ebrmes\u00a0propagand\u00ebs dhe videokartolinave, bandat kriminale veprojn\u00eb t\u00eb pand\u00ebshkuara, duke mbjell\u00eb frik\u00eb dhe pasiguri n\u00eb rrug\u00ebt e Shqip\u00ebris\u00eb.<\/p>\n<p>Kjo \u00ebsht\u00eb ngjarja e dyt\u00eb e k\u00ebtij lloji n\u00eb qytetin ton\u00eb brenda nj\u00eb periudhe t\u00eb shkurt\u00ebr, ku kriminel\u00ebt veprojn\u00eb t\u00eb pashqet\u00ebsuar, duke l\u00ebn\u00eb pas nj\u00eb makin\u00eb t\u00eb djegur dhe nj\u00eb qytet t\u00eb traumatizuar.<\/p>\n<p>Situata e pasiguris\u00eb n\u00eb t\u00eb cil\u00ebn ndodhen qytetar\u00ebt tan\u00eb \u00ebsht\u00eb alarmante dhe e papranueshme. Njer\u00ebzit jetojn\u00eb n\u00eb frik\u00eb t\u00eb p\u00ebrhershme, nd\u00ebrsa Policia e Shtetit vazhdon t\u00eb tregoj\u00eb nj\u00eb pafuqishm\u00ebri t\u00eb plot\u00eb p\u00ebr t\u00eb reaguar dhe p\u00ebr t\u00eb garantuar rendin publik.<\/p>\n<p>Partia Demokratike Dega Vlor\u00eb shpreh shqet\u00ebsimin e saj t\u00eb thell\u00eb p\u00ebr k\u00ebt\u00eb situat\u00eb kaotike dhe t\u00eb rrezikshme. \u00cbsht\u00eb e qart\u00eb se mungesa e veprimit nga ana e Policis\u00eb dhe institucioneve ligjzbatuese ka krijuar nj\u00eb klim\u00eb ku krimi ndihet m\u00eb i fuqish\u00ebm se ligji.<\/p>\n<p>I b\u00ebjm\u00eb thirrje Policis\u00eb s\u00eb Shtetit dhe autoriteteve p\u00ebrgjegj\u00ebse q\u00eb t\u00eb reagojn\u00eb me vendosm\u00ebri dhe urgjenc\u00eb. Siguria e qytetar\u00ebve duhet t\u00eb jet\u00eb prioritet absolut, dhe ligji duhet t\u00eb rikthej\u00eb kontrollin mbi rrug\u00ebt tona, duke treguar se askush nuk \u00ebsht\u00eb mbi t\u00eb.<\/p>\n<p><em><iframe loading=\"lazy\" src=\"https:\/\/www.facebook.com\/plugins\/video.php?height=316&amp;href=https%3A%2F%2Fwww.facebook.com%2Fatird.hoxha%2Fvideos%2F1017867023702011%2F&amp;show_text=false&amp;width=560&amp;t=0\" width=\"560\" height=\"316\" frameborder=\"0\" scrolling=\"no\" allowfullscreen=\"allowfullscreen\" data-mce-fragment=\"1\"><\/iframe><\/em><\/p>\n<\/div>\n<p>&nbsp;<\/p>\n","protected":false},"excerpt":{"rendered":"<p>Kryetari i PD Vlor\u00eb, Atird Hoxha ka reaguar ashp\u00ebr, pas ngjarjes s\u00eb r\u00ebnd\u00eb mafiooz\u00eb n\u00eb Vlor\u00eb, ku mbeti i vrar\u00eb nj\u00eb 30-vje\u00e7ar. P\u00ebrmes nj\u00eb reagimi n\u00eb rrjetet sociale, Hoxha thot\u00eb se atentati mafioz, \u00ebsht\u00eb nj\u00eb tregues i qart\u00eb i situat\u00ebs s\u00eb r\u00ebnd\u00eb dhe t\u00eb papranueshme t\u00eb siguris\u00eb publike n\u00eb vend. Teksa shprehu shqet\u00ebsimin e thell\u00eb &hellip;<\/p>\n","protected":false},"author":4,"featured_media":101340,"comment_status":"closed","ping_status":"closed","sticky":false,"template":"","format":"standard","meta":{"footnotes":""},"categories":[37],"tags":[],"class_list":["post-101339","post","type-post","status-publish","format-standard","has-post-thumbnail","","category-politike"],"_links":{"self":[{"href":"https:\/\/rdnews.al\/index.php\/wp-json\/wp\/v2\/posts\/101339","targetHints":{"allow":["GET"]}}],"collection":[{"href":"https:\/\/rdnews.al\/index.php\/wp-json\/wp\/v2\/posts"}],"about":[{"href":"https:\/\/rdnews.al\/index.php\/wp-json\/wp\/v2\/types\/post"}],"author":[{"embeddable":true,"href":"https:\/\/rdnews.al\/index.php\/wp-json\/wp\/v2\/users\/4"}],"replies":[{"embeddable":true,"href":"https:\/\/rdnews.al\/index.php\/wp-json\/wp\/v2\/comments?post=101339"}],"version-history":[{"count":1,"href":"https:\/\/rdnews.al\/index.php\/wp-json\/wp\/v2\/posts\/101339\/revisions"}],"predecessor-version":[{"id":101341,"href":"https:\/\/rdnews.al\/index.php\/wp-json\/wp\/v2\/posts\/101339\/revisions\/101341"}],"wp:featuredmedia":[{"embeddable":true,"href":"https:\/\/rdnews.al\/index.php\/wp-json\/wp\/v2\/media\/101340"}],"wp:attachment":[{"href":"https:\/\/rdnews.al\/index.php\/wp-json\/wp\/v2\/media?parent=101339"}],"wp:term":[{"taxonomy":"category","embeddable":true,"href":"https:\/\/rdnews.al\/index.php\/wp-json\/wp\/v2\/categories?post=101339"},{"taxonomy":"post_tag","embeddable":true,"href":"https:\/\/rdnews.al\/index.php\/wp-json\/wp\/v2\/tags?post=101339"}],"curies":[{"name":"wp","href":"https:\/\/api.w.org\/{rel}","templated":true}]}}