{"id":101342,"date":"2025-01-14T12:22:52","date_gmt":"2025-01-14T12:22:52","guid":{"rendered":"https:\/\/rdnews.al\/?p=101342"},"modified":"2025-01-14T12:22:52","modified_gmt":"2025-01-14T12:22:52","slug":"vrasja-e-nxenesit-martin-cani-te-shtunen-protesta-e-radhes","status":"publish","type":"post","link":"https:\/\/rdnews.al\/index.php\/2025\/01\/14\/vrasja-e-nxenesit-martin-cani-te-shtunen-protesta-e-radhes\/","title":{"rendered":"Vrasja e nx\u00ebn\u00ebsit Martin Cani, t\u00eb shtun\u00ebn protesta e radh\u00ebs"},"content":{"rendered":"<p>Prind\u00ebrit dhe nx\u00ebn\u00ebsit kan\u00eb paralajm\u00ebruar protest\u00ebn e radh\u00ebs p\u00ebr vrasjen e nx\u00ebn\u00ebsit Martin Cani. Protesta do t\u00eb zhvillohet t\u00eb shtun\u00ebn m\u00eb 18 janar.<\/p>\n<p>Nd\u00ebrkoh\u00eb q\u00eb b\u00ebhet e ditur se detajet p\u00ebr organizimin dhe oraret kur t\u00eb vendosen do b\u00ebhen publike.<\/p>\n<p>Martini u q\u00ebllua me thik\u00eb nga bashk\u00ebmoshatar\u00ebt e tij n\u00eb shkoll\u00ebn Fan Noli n\u00eb kryeqytet, dhe humbi jet\u00ebn.<\/p>\n<p>Kjo nuk \u00ebsht\u00eb protesta e par\u00eb q\u00eb po zhvillohet. Jan\u00eb zhvilluar edhe organizime t\u00eb tjera qytetare ku \u00ebsht\u00eb k\u00ebrkuar p\u00ebrgjegj\u00ebsia e institucioneve shtet\u00ebrore dhe dor\u00ebheqja e ministres e arsimit.<\/p>\n<p>Pjes\u00eb e k\u00ebtyre protestave kan\u00eb qen\u00eb dhe prind\u00ebrit e Martin Canit, 14-vje\u00e7arit q\u00eb humbi jet\u00ebn,\u00a0ku kan\u00eb shprehur dhimbjen e madhe q\u00eb i ka kapluar nga kjo tragjedi.<\/p>\n","protected":false},"excerpt":{"rendered":"<p>Prind\u00ebrit dhe nx\u00ebn\u00ebsit kan\u00eb paralajm\u00ebruar protest\u00ebn e radh\u00ebs p\u00ebr vrasjen e nx\u00ebn\u00ebsit Martin Cani. Protesta do t\u00eb zhvillohet t\u00eb shtun\u00ebn m\u00eb 18 janar. Nd\u00ebrkoh\u00eb q\u00eb b\u00ebhet e ditur se detajet p\u00ebr organizimin dhe oraret kur t\u00eb vendosen do b\u00ebhen publike. Martini u q\u00ebllua me thik\u00eb nga bashk\u00ebmoshatar\u00ebt e tij n\u00eb shkoll\u00ebn Fan Noli n\u00eb kryeqytet, &hellip;<\/p>\n","protected":false},"author":4,"featured_media":96074,"comment_status":"closed","ping_status":"closed","sticky":false,"template":"","format":"standard","meta":{"footnotes":""},"categories":[37],"tags":[],"class_list":["post-101342","post","type-post","status-publish","format-standard","has-post-thumbnail","","category-politike"],"_links":{"self":[{"href":"https:\/\/rdnews.al\/index.php\/wp-json\/wp\/v2\/posts\/101342","targetHints":{"allow":["GET"]}}],"collection":[{"href":"https:\/\/rdnews.al\/index.php\/wp-json\/wp\/v2\/posts"}],"about":[{"href":"https:\/\/rdnews.al\/index.php\/wp-json\/wp\/v2\/types\/post"}],"author":[{"embeddable":true,"href":"https:\/\/rdnews.al\/index.php\/wp-json\/wp\/v2\/users\/4"}],"replies":[{"embeddable":true,"href":"https:\/\/rdnews.al\/index.php\/wp-json\/wp\/v2\/comments?post=101342"}],"version-history":[{"count":1,"href":"https:\/\/rdnews.al\/index.php\/wp-json\/wp\/v2\/posts\/101342\/revisions"}],"predecessor-version":[{"id":101343,"href":"https:\/\/rdnews.al\/index.php\/wp-json\/wp\/v2\/posts\/101342\/revisions\/101343"}],"wp:featuredmedia":[{"embeddable":true,"href":"https:\/\/rdnews.al\/index.php\/wp-json\/wp\/v2\/media\/96074"}],"wp:attachment":[{"href":"https:\/\/rdnews.al\/index.php\/wp-json\/wp\/v2\/media?parent=101342"}],"wp:term":[{"taxonomy":"category","embeddable":true,"href":"https:\/\/rdnews.al\/index.php\/wp-json\/wp\/v2\/categories?post=101342"},{"taxonomy":"post_tag","embeddable":true,"href":"https:\/\/rdnews.al\/index.php\/wp-json\/wp\/v2\/tags?post=101342"}],"curies":[{"name":"wp","href":"https:\/\/api.w.org\/{rel}","templated":true}]}}