{"id":101344,"date":"2025-01-14T12:33:16","date_gmt":"2025-01-14T12:33:16","guid":{"rendered":"https:\/\/rdnews.al\/?p=101344"},"modified":"2025-01-14T17:25:03","modified_gmt":"2025-01-14T17:25:03","slug":"bylykbashi-asambleja-e-epp-miratoi-me-unanimitet-amendamentin-e-pd-zgjedhjet-e-lira-dhe-te-ndershme-detyrim-per-shqiperine","status":"publish","type":"post","link":"https:\/\/rdnews.al\/index.php\/2025\/01\/14\/bylykbashi-asambleja-e-epp-miratoi-me-unanimitet-amendamentin-e-pd-zgjedhjet-e-lira-dhe-te-ndershme-detyrim-per-shqiperine\/","title":{"rendered":"Asambleja e EPP miratoi me unanimitet amendamentin e PD: Zgjedhjet e lira dhe t\u00eb ndershme, detyrim p\u00ebr Shqip\u00ebrin\u00eb!"},"content":{"rendered":"<p>N\u00ebnkryetari i PD, deputeti Oerd Bylykbashi, Albana Vokshi, Jorida Tabaku dhe kryetari i Partis\u00eb Republikane, Fatmir Mediu ndodhen n\u00eb Parlamentin Evropian n\u00eb Bruksel, si pjes\u00eb e nj\u00eb aktiviteti dy ditor t\u00eb organizuar nga EPP dhe ECR.<\/p>\n<p>Bylykbashi shkruan n\u00eb nj\u00eb postim n\u00eb rrjetet sociale se, Asambleja Politike e EPP e miratoi me unanimitet amendamentin e PD-s\u00eb.<\/p>\n<p>Gjat\u00eb takimeve me kryetarin e Partive Popullore Manfred Weber dhe deputet\u00eb t\u00eb partive popullore grupi m\u00eb i madh n\u00eb Parlamentin Europian, deputet\u00ebt e PD dhe Mediu i kan\u00eb shpjeguar situat\u00ebn n\u00eb Shqip\u00ebri dhe sipas tij pamund\u00ebsin\u00eb p\u00ebr zgjedhje t\u00eb lira dhe t\u00eb ndershme.<\/p>\n<p>N\u00eb takim \u00ebsht\u00eb diskutuar se, zgjedhjet e lira dhe t\u00eb ndershme jan\u00eb detyrimet e Shqip\u00ebris\u00eb si vend an\u00ebtar i NATO-s dhe vend i cili k\u00ebrkon t\u00eb b\u00ebhet an\u00ebtar i BE.<\/p>\n<p><strong>Postimi i Bylykbashit<\/strong><\/p>\n<p>N\u00eb Asamblen\u00eb Politike t\u00eb EPP, paraqit\u00ebm amendamentin e PD-s\u00eb n\u00eb rezolut\u00ebn e EPP p\u00ebr Mbrojtjen e Demokracis\u00eb dhe Forcimin e Q\u00ebndrueshm\u00ebris\u00eb Zgjedhore n\u00eb Europ\u00eb.<\/p>\n<p>Amendamenti thekson se keqinformimi dhe propaganda nga vende si Rusia, Kina apo Irani q\u00eb synojn\u00eb minimin e sistemeve demokratike, p\u00ebrforcohen n\u00eb vendet q\u00eb synojn\u00eb antar\u00ebsimin n\u00eb BE nga mungesa e zgjedhjeve demokratike, nj\u00eb shtet i s\u00eb drejt\u00ebs i dob\u00ebt dhe p\u00ebrqendrimi pushtetit n\u00eb nj\u00eb dor\u00eb n\u00eb d\u00ebm t\u00eb ndarjes s\u00eb pushtetit.<\/p>\n<p>Gjithashtu amendamenti thekson se korrupsioni i p\u00ebrhapur dhe lidhjet me krimin e organizuar i sigurojn\u00eb k\u00ebtyre aktor\u00ebve malinj\u00eb korridore t\u00eb fshehta p\u00ebr t\u00eb penetruar n\u00eb institucionet demokratike p\u00ebrmes t\u00eb zyrtar\u00ebve t\u00eb zgjedhur apo t\u00eb em\u00ebruar, duke p\u00ebr\u00e7uar q\u00ebndrime q\u00eb minojn\u00eb demokracin\u00eb.<\/p>\n<p>Asambleja Politike e EPP e miratoi me unanimitet amendamentin e PD-s\u00eb<\/p>\n<p>Rezoluta e n\u00ebntorit 2024 p\u00ebr Shqip\u00ebrin\u00eb thekson pik\u00ebrisht munges\u00ebn e zgjedhjeve demokratike, kapjen e shtetit nga Kryeministri dhe korrupsionin endemik sidhe lidhjen e elit\u00ebs s\u00eb partis\u00eb n\u00eb pushtet me krimin e organizuar. Shqip\u00ebria \u00ebsht\u00eb shembull i rreziqeve q\u00eb nj\u00eb demokraci e dob\u00ebt antare e NATO-s dhe kandidate p\u00ebr antare t\u00eb BE-s\u00eb, ku krimi dhe korrupsini jan\u00eb shtruar k\u00ebmb\u00ebkryq, i sjell BE-s\u00eb dhe NATO-s.<\/p>\n<p>M\u00eb 11 maj 2025 \u00ebsht\u00eb radha jon\u00eb, e opozit\u00ebs bashk\u00eb me shqiptar\u00ebt, t\u00eb b\u00ebjm\u00eb ndryshimin.<\/p>\n<div class=\"readmore-text-here\">\n<p><iframe loading=\"lazy\" src=\"https:\/\/www.facebook.com\/plugins\/post.php?href=https%3A%2F%2Fwww.facebook.com%2Fobylykbashi%2Fposts%2Fpfbid037doYZZHy6ymK4YvSgR1qWQFtEXXcc2AVBHmjeo1nTBiHDpTJjjGLCNmMtT5FhtPbl&amp;show_text=true&amp;width=500\" width=\"500\" height=\"787\" frameborder=\"0\" scrolling=\"no\" allowfullscreen=\"allowfullscreen\" data-mce-fragment=\"1\"><\/iframe><\/p>\n<\/div>\n<div id=\"rekl-45\"><\/div>\n<div id=\"rekl-16\"><\/div>\n<div id=\"rekl-33\"><\/div>\n","protected":false},"excerpt":{"rendered":"<p>N\u00ebnkryetari i PD, deputeti Oerd Bylykbashi, Albana Vokshi, Jorida Tabaku dhe kryetari i Partis\u00eb Republikane, Fatmir Mediu ndodhen n\u00eb Parlamentin Evropian n\u00eb Bruksel, si pjes\u00eb e nj\u00eb aktiviteti dy ditor t\u00eb organizuar nga EPP dhe ECR. Bylykbashi shkruan n\u00eb nj\u00eb postim n\u00eb rrjetet sociale se, Asambleja Politike e EPP e miratoi me unanimitet amendamentin e &hellip;<\/p>\n","protected":false},"author":4,"featured_media":101345,"comment_status":"closed","ping_status":"closed","sticky":false,"template":"","format":"standard","meta":{"footnotes":""},"categories":[37],"tags":[],"class_list":["post-101344","post","type-post","status-publish","format-standard","has-post-thumbnail","","category-politike"],"_links":{"self":[{"href":"https:\/\/rdnews.al\/index.php\/wp-json\/wp\/v2\/posts\/101344","targetHints":{"allow":["GET"]}}],"collection":[{"href":"https:\/\/rdnews.al\/index.php\/wp-json\/wp\/v2\/posts"}],"about":[{"href":"https:\/\/rdnews.al\/index.php\/wp-json\/wp\/v2\/types\/post"}],"author":[{"embeddable":true,"href":"https:\/\/rdnews.al\/index.php\/wp-json\/wp\/v2\/users\/4"}],"replies":[{"embeddable":true,"href":"https:\/\/rdnews.al\/index.php\/wp-json\/wp\/v2\/comments?post=101344"}],"version-history":[{"count":4,"href":"https:\/\/rdnews.al\/index.php\/wp-json\/wp\/v2\/posts\/101344\/revisions"}],"predecessor-version":[{"id":101351,"href":"https:\/\/rdnews.al\/index.php\/wp-json\/wp\/v2\/posts\/101344\/revisions\/101351"}],"wp:featuredmedia":[{"embeddable":true,"href":"https:\/\/rdnews.al\/index.php\/wp-json\/wp\/v2\/media\/101345"}],"wp:attachment":[{"href":"https:\/\/rdnews.al\/index.php\/wp-json\/wp\/v2\/media?parent=101344"}],"wp:term":[{"taxonomy":"category","embeddable":true,"href":"https:\/\/rdnews.al\/index.php\/wp-json\/wp\/v2\/categories?post=101344"},{"taxonomy":"post_tag","embeddable":true,"href":"https:\/\/rdnews.al\/index.php\/wp-json\/wp\/v2\/tags?post=101344"}],"curies":[{"name":"wp","href":"https:\/\/api.w.org\/{rel}","templated":true}]}}