{"id":101352,"date":"2025-01-14T17:33:30","date_gmt":"2025-01-14T17:33:30","guid":{"rendered":"https:\/\/rdnews.al\/?p=101352"},"modified":"2025-01-14T17:33:30","modified_gmt":"2025-01-14T17:33:30","slug":"xibraka-bardhi-mbyllja-e-dosjeve-penale-pa-asnje-transparence-spak-mbron-olsi-ramen","status":"publish","type":"post","link":"https:\/\/rdnews.al\/index.php\/2025\/01\/14\/xibraka-bardhi-mbyllja-e-dosjeve-penale-pa-asnje-transparence-spak-mbron-olsi-ramen\/","title":{"rendered":"\u201cXibraka\u201d\/ Bardhi: Mbyllja e dosjeve penale pa asnj\u00eb transparenc\u00eb, SPAK mbron Olsi Ram\u00ebn"},"content":{"rendered":"<div id=\"rekl-49\">\n<p>Kreu i Grupit Parlamentar t\u00eb PD, Gament Bardhi \u00ebsht\u00eb drejtuar me nj\u00eb k\u00ebrkes\u00eb zyrtare, SPAK, lidhur me hetimet p\u00ebr \u00e7\u00ebshtjen \u201cXibraka\u201d.<\/p>\n<p>N\u00eb k\u00ebrkes\u00ebn p\u00ebr informacion drejtuar Prokuroris\u00eb s\u00eb Posa\u00e7me, Bardhi thot\u00eb se mbyllja e dosjeve penale pa asnj\u00eb transparenc\u00eb, rrit perceptimin se drejt\u00ebsia ruan t\u00eb paprekur individ\u00eb me pushtet t\u00eb fort\u00eb politik.<\/p>\n<p>Bardhi ka k\u00ebrkuar nga SPAK, nj\u00eb kopje t\u00eb vendimit t\u00eb prokurorit p\u00ebr p\u00ebrfundimin e hetimeve dhe pushimin e procedimit penal ndaj shtetasit Ols Rama, dhe nj\u00eb kopje t\u00eb vendimin gjyq\u00ebsor respektiv, ku \u00ebsht\u00eb pranuar k\u00ebrkesa p\u00ebr p\u00ebrfundimin e hetimeve dhe pushimin e procedimit ndaj Ols Ram\u00ebs, sipas konkluzionit q\u00eb nuk ka prova q\u00eb e lidhin at\u00eb me aktivitet kriminal.<\/p>\n<p>N\u00eb p\u00ebrfundim t\u00eb k\u00ebrkes\u00ebs p\u00ebr informacion, Gazment Bardhi thekson se p\u00ebrfundimi i hetimeve n\u00ebnkupton q\u00eb informacioni i mbledhur dhe provat p\u00ebr arritjen e konkluzioneve nuk mbrohen m\u00eb nga sekreti hetimor dhe p\u00ebr k\u00ebt\u00eb shkak, nuk ka asnj\u00eb penges\u00eb ligjore p\u00ebr t\u00eb p\u00ebrcjell informacionin si m\u00eb sip\u00ebr lidhur me provat e mbledhura, veprimet hetimore t\u00eb kryera, me q\u00ebllim arritjen e k\u00ebtij konkluzioni.<\/p>\n<div class=\"jeg_preview_slider gallery_1\" data-selector=\"gallery_1\">\n<div class=\"jeg_preview_holder\">\n<div class=\"jeg_preview_media\">\n<div class=\"jeg_preview_media_holder\">\n<div class=\"jeg_preview_media_content\">\n<div class=\"jeg_preview_media_content_holder_padding\">\n<div class=\"jeg_preview_media_content_holder\"><img decoding=\"async\" class=\"jeg_preview_hide\" src=\"https:\/\/boldnews.al\/wp-content\/uploads\/2025\/01\/auto_BARDHIII1736864034.png\" \/><\/div>\n<\/div>\n<div class=\"preview-slider-overlay\">\n<div class=\"preloader_type preloader_dot\">\n<div class=\"module-preloader jeg_preloader dot\"><span class=\"current\">1<\/span>\u00a0nga 3<\/div>\n<\/div>\n<\/div>\n<\/div>\n<div class=\"jeg_preview_control\">\n<div class=\"zoom\"><span class=\"reduce off\">&#8211;<\/span><span class=\"increase\">+<\/span><\/div>\n<\/div>\n<\/div>\n<\/div>\n<div id=\"tns1-ow\" class=\"tns-outer\">\n<div id=\"tns1-mw\" class=\"tns-ovh\">\n<div id=\"tns1-iw\" class=\"tns-inner\">\n<div id=\"tns1\" class=\"jeg_preview_bottom_slider tns-slider tns-carousel tns-subpixel tns-calc tns-horizontal jeg_tns_active\">\n<div class=\"jeg_preview_item_thumbnail\"><img loading=\"lazy\" decoding=\"async\" class=\"attachment-jnews-120x86 size-jnews-120x86\" src=\"https:\/\/boldnews.al\/wp-content\/uploads\/2025\/01\/auto_BARDHIII1736864034-120x86.png\" sizes=\"auto, (max-width: 120px) 100vw, 120px\" srcset=\"https:\/\/boldnews.al\/wp-content\/uploads\/2025\/01\/auto_BARDHIII1736864034-120x86.png 120w, https:\/\/boldnews.al\/wp-content\/uploads\/2025\/01\/auto_BARDHIII1736864034-350x250.png 350w, https:\/\/boldnews.al\/wp-content\/uploads\/2025\/01\/auto_BARDHIII1736864034-750x536.png 750w\" alt=\"\" width=\"120\" height=\"86\" data-pin-no-hover=\"true\" \/><\/div>\n<div class=\"jeg_preview_item_thumbnail\"><img loading=\"lazy\" decoding=\"async\" class=\"attachment-jnews-120x86 size-jnews-120x86\" src=\"https:\/\/boldnews.al\/wp-content\/uploads\/2025\/01\/auto_B31736864033-120x86.png\" sizes=\"auto, (max-width: 120px) 100vw, 120px\" srcset=\"https:\/\/boldnews.al\/wp-content\/uploads\/2025\/01\/auto_B31736864033-120x86.png 120w, https:\/\/boldnews.al\/wp-content\/uploads\/2025\/01\/auto_B31736864033-350x250.png 350w, https:\/\/boldnews.al\/wp-content\/uploads\/2025\/01\/auto_B31736864033-750x536.png 750w\" alt=\"\" width=\"120\" height=\"86\" data-pin-no-hover=\"true\" \/><\/div>\n<div class=\"jeg_preview_item_thumbnail\"><img loading=\"lazy\" decoding=\"async\" class=\"attachment-jnews-120x86 size-jnews-120x86\" src=\"https:\/\/boldnews.al\/wp-content\/uploads\/2025\/01\/auto_B21736864033-120x86.png\" sizes=\"auto, (max-width: 120px) 100vw, 120px\" srcset=\"https:\/\/boldnews.al\/wp-content\/uploads\/2025\/01\/auto_B21736864033-120x86.png 120w, https:\/\/boldnews.al\/wp-content\/uploads\/2025\/01\/auto_B21736864033-350x250.png 350w, https:\/\/boldnews.al\/wp-content\/uploads\/2025\/01\/auto_B21736864033-750x536.png 750w\" alt=\"\" width=\"120\" height=\"86\" data-pin-no-hover=\"true\" \/><\/div>\n<\/div>\n<\/div>\n<\/div>\n<\/div>\n<\/div>\n<\/div>\n<p><strong>Detajet e k\u00ebrkes\u00ebs s\u00eb Bardhit p\u00ebr SPAK<\/strong><\/p>\n<p>\u201cGazment Bardhi ka risjell\u00eb n\u00eb v\u00ebmendjen e SPAK pretendimin e kryeministrit Edi Rama p\u00ebr krijim t\u00eb \u201crrethanave t\u00eb rreme\u201d, duke shtruar pyetjet n\u00ebse: (1) Ka arritur t\u00eb identifikoj\u00eb Prokuroria e Posa\u00e7me personin e paidentifikuar, t\u00eb mosh\u00ebs 45 vje\u00e7, p\u00ebrdorues i automjetit me targ\u00eb AA653DM? N\u00ebse po, kush ishte ky person? N\u00ebse jo, cila \u00ebsht\u00eb rrethana\/prova\/e dhena q\u00eb ka krijuar bindjen e prokurorit se ky person nuk \u00ebsht\u00eb Ols Rama? A ka qen\u00eb raporti i v\u00ebzhgimit policor i dat\u00ebs 13.01.2015, ora 15:50, i shoq\u00ebruar me fotografi t\u00eb personit t\u00eb paidentifikuar? A mund t\u00eb na vini n\u00eb dispozicion k\u00ebt\u00eb raport s\u00eb bashku me pamjet filmike q\u00eb e shoq\u00ebrojn\u00eb? (2) Ka rezultuar se shtetasi Ols Rama ishte p\u00ebrdorues i automjetit me targ\u00eb AA653DM apo AA393FJ, q\u00eb rezultojn\u00eb gjithashtu se jan\u00eb p\u00ebrdorur n\u00eb t\u00eb nj\u00ebjt\u00ebn periudh\u00eb nga an\u00ebtar\u00ebt e nj\u00eb organizate kriminale t\u00eb d\u00ebnuar p\u00ebr trafik droge (shtetasit Genti Xhixho, Ermal Hoxha dhe Gentjan Gjonaj)? N\u00ebse po, sa \u00ebsht\u00eb numri i hyrje-daljeve t\u00eb tij me k\u00ebt\u00eb automjet? A ka rezultuar se shtetasi Ols Rama kishte njohje, lidhje apo marr\u00ebdh\u00ebnie shoq\u00ebrore me personat e p\u00ebrfshir\u00eb n\u00eb dosjen e laboratorit t\u00eb drog\u00ebs n\u00eb Xibrak\u00eb? N\u00ebse po, me cil\u00ebt persona kishte lidhje, njohje apo marr\u00ebdh\u00ebnie shtetasi Ols Rama?<\/p>\n<p>N\u00eb p\u00ebrfundim t\u00eb k\u00ebrkes\u00ebs p\u00ebr informacion Gazment Bardhi thekson se p\u00ebrfundimi i hetimeve n\u00ebnkupton q\u00eb informacioni i mbledhur dhe provat p\u00ebr arritjen e konkluzioneve nuk mbrohen m\u00eb nga sekreti hetimor dhe p\u00ebr k\u00ebt\u00eb shkak, nuk ka asnj\u00eb penges\u00eb ligjore p\u00ebr t\u00eb p\u00ebrcjell\u00eb informacionin si m\u00eb sip\u00ebr lidhur me provat e mbledhura, veprimet hetimore t\u00eb kryera, me q\u00ebllim arritjen e k\u00ebtij konkluzioni. \u201cSipas ligjit, vendimi i pushimit apo pezullimit t\u00eb nj\u00eb procedimi, i vihet n\u00eb dispozicion personave t\u00eb interesuar, t\u00eb cil\u00ebt g\u00ebzojn\u00eb t\u00eb drejt\u00ebn t\u00eb k\u00ebrkojn\u00eb kontroll gjyq\u00ebsor mbi pun\u00ebn e prokurorit\u201d,\u00a0shkruan Bardhi.<\/p>\n<p>\u201cTransparenca e plot\u00eb mbi nj\u00eb \u00e7\u00ebshtje q\u00eb paraqet interes publik, q\u00eb p\u00ebrfshin\u00eb persona q\u00eb sipas perceptimit t\u00eb opinionit jan\u00eb t\u00eb papreksh\u00ebm p\u00ebr shkak t\u00eb fuqis\u00eb politike t\u00eb tyre apo t\u00eb af\u00ebrm\u00ebve t\u00eb tyre, vler\u00ebsojm\u00eb se kontribuon n\u00eb besimin e qytetar\u00ebve tek institucionet e drejt\u00ebsis\u00eb. Mungesa e informacionit, shmangia e transparenc\u00ebs dhe mbyllja e dosjeve penale pa asnj\u00eb transparenc\u00eb, rrit edhe m\u00eb shum\u00eb perceptimin se drejt\u00ebsia vijon t\u00eb ruaj t\u00eb paprekur individ\u00eb q\u00eb g\u00ebzojn\u00eb pushtet t\u00eb fort\u00eb politik.\u201d \u2013 p\u00ebrfundon letr\u00ebn e tij drejtuar SPAK kreu i grupit parlamentar t\u00eb PD Gazment Bardhi.<\/p>\n<\/div>\n","protected":false},"excerpt":{"rendered":"<p>Kreu i Grupit Parlamentar t\u00eb PD, Gament Bardhi \u00ebsht\u00eb drejtuar me nj\u00eb k\u00ebrkes\u00eb zyrtare, SPAK, lidhur me hetimet p\u00ebr \u00e7\u00ebshtjen \u201cXibraka\u201d. N\u00eb k\u00ebrkes\u00ebn p\u00ebr informacion drejtuar Prokuroris\u00eb s\u00eb Posa\u00e7me, Bardhi thot\u00eb se mbyllja e dosjeve penale pa asnj\u00eb transparenc\u00eb, rrit perceptimin se drejt\u00ebsia ruan t\u00eb paprekur individ\u00eb me pushtet t\u00eb fort\u00eb politik. Bardhi ka k\u00ebrkuar &hellip;<\/p>\n","protected":false},"author":4,"featured_media":101035,"comment_status":"closed","ping_status":"closed","sticky":false,"template":"","format":"standard","meta":{"footnotes":""},"categories":[37],"tags":[],"class_list":["post-101352","post","type-post","status-publish","format-standard","has-post-thumbnail","","category-politike"],"_links":{"self":[{"href":"https:\/\/rdnews.al\/index.php\/wp-json\/wp\/v2\/posts\/101352","targetHints":{"allow":["GET"]}}],"collection":[{"href":"https:\/\/rdnews.al\/index.php\/wp-json\/wp\/v2\/posts"}],"about":[{"href":"https:\/\/rdnews.al\/index.php\/wp-json\/wp\/v2\/types\/post"}],"author":[{"embeddable":true,"href":"https:\/\/rdnews.al\/index.php\/wp-json\/wp\/v2\/users\/4"}],"replies":[{"embeddable":true,"href":"https:\/\/rdnews.al\/index.php\/wp-json\/wp\/v2\/comments?post=101352"}],"version-history":[{"count":1,"href":"https:\/\/rdnews.al\/index.php\/wp-json\/wp\/v2\/posts\/101352\/revisions"}],"predecessor-version":[{"id":101353,"href":"https:\/\/rdnews.al\/index.php\/wp-json\/wp\/v2\/posts\/101352\/revisions\/101353"}],"wp:featuredmedia":[{"embeddable":true,"href":"https:\/\/rdnews.al\/index.php\/wp-json\/wp\/v2\/media\/101035"}],"wp:attachment":[{"href":"https:\/\/rdnews.al\/index.php\/wp-json\/wp\/v2\/media?parent=101352"}],"wp:term":[{"taxonomy":"category","embeddable":true,"href":"https:\/\/rdnews.al\/index.php\/wp-json\/wp\/v2\/categories?post=101352"},{"taxonomy":"post_tag","embeddable":true,"href":"https:\/\/rdnews.al\/index.php\/wp-json\/wp\/v2\/tags?post=101352"}],"curies":[{"name":"wp","href":"https:\/\/api.w.org\/{rel}","templated":true}]}}