{"id":101354,"date":"2025-01-14T17:37:08","date_gmt":"2025-01-14T17:37:08","guid":{"rendered":"https:\/\/rdnews.al\/?p=101354"},"modified":"2025-01-14T17:37:29","modified_gmt":"2025-01-14T17:37:29","slug":"sa-mire-qe-nuk-jam-si-ata","status":"publish","type":"post","link":"https:\/\/rdnews.al\/index.php\/2025\/01\/14\/sa-mire-qe-nuk-jam-si-ata\/","title":{"rendered":"Sa mir\u00eb q\u00eb nuk jam si ata&#8230;"},"content":{"rendered":"<p><strong>Nga Adriana KALAJA<\/strong><\/p>\n<p>Vijojm\u00eb:<\/p>\n<p>&#8220;Opozitar\u00ebve&#8221; n\u00eb k\u00ebrkim t\u00eb tutorit t\u00eb rradh\u00ebs, sh\u00ebrb\u00ebtor\u00eb t\u00eb Aleanc\u00ebs s\u00eb Qelb\u00ebsirave, u them se para se t\u00eb merni p\u00ebrsip\u00ebr t\u00eb mbroni \u00e7iftin e dashuris\u00eb &#8220;s\u00eb fshehur&#8221; Marsida &#8211; Enkeled, filloni t\u00eb keni m\u00eb shum\u00eb respekt p\u00ebr Kushtetut\u00ebn.<\/p>\n<p>Pseudo jurist\u00ebve, q\u00eb nuk kan\u00eb fituar nj\u00eb gjyq n\u00eb jet\u00ebn e tyre, u them uluni e lexoni m\u00eb shum\u00eb.<\/p>\n<p>Mbushni kok\u00ebn e jo shpirtin e urrejtjes ndaj kujdo q\u00eb arritjet i ka vet\u00ebm me pun\u00eb.<\/p>\n<p>Meren notat me mik, por nuk b\u00ebhesh dot avokat i zoti me mik e nd\u00ebrhyrje.<\/p>\n<p>Politikan jo e jo.<\/p>\n<p>Idjot\u00ebve t\u00eb dobish\u00ebm pa dashje n\u00eb k\u00ebt\u00eb kauz\u00eb, q\u00eb pasi u flet n\u00ebnvet\u00ebdija kur pranojn\u00eb bashk\u00ebjet\u00ebs\u00ebn e \u00e7iftit t\u00eb dashuris\u00eb s\u00eb &#8220;fshehur&#8221;, i them faleminderit.<\/p>\n<p>M\u00eb s\u00eb shumti, p\u00ebrpara se t\u00eb dilni si njer\u00ebz minimalisht naiv\u00eb e t\u00eb pa informuar, kini m\u00eb shum\u00eb respekt p\u00ebr f\u00ebmij\u00ebt tuaj dhe familjet tuaja.<\/p>\n<p>Sa p\u00ebr ata q\u00eb paguhen p\u00ebr t\u00eb devijuar debatin dhe faktin publik, nuk m\u00eb intereson fare, se p\u00ebr fatin tim t\u00eb mir\u00eb,<\/p>\n<p>Un\u00eb nuk jam si ata.<\/p>\n<p>Un\u00eb nuk jam si ata q\u00eb:<\/p>\n<p>&#8211; Nuk njohin dinjitetin dhe integritetin moral.<\/p>\n<p>&#8211; Q\u00eb dalin banak m\u00eb banak t\u00eb televizioni q\u00eb paguhen nga incenerator\u00ebt inekzistent\u00eb.<\/p>\n<p>&#8211; Denoncimet i b\u00ebjn\u00eb p\u00ebr qoka e gjoba.<\/p>\n<p>&#8211; B\u00ebjn\u00eb &#8220;opozit\u00eb&#8221; me telekomand\u00ebn e regjimit&#8221;.<\/p>\n<p>&#8211; Q\u00eb paguhen nga dikush p\u00ebr ti r\u00ebn\u00eb dikujt.<\/p>\n<p>Ndaj, p\u00ebrpara se t\u00eb vrerosin pa shkaqe e jasht\u00eb arsyes s\u00eb sh\u00ebndetshme mendore, i ftoj t\u00eb shohin vendimin Nr. 274 dat\u00eb 22.12.2023 t\u00eb Gjykat\u00ebs Kushtetuese ku:<\/p>\n<ol>\n<li>K\u00ebrkues \u00ebsht\u00eb Partia Demokratike.<\/li>\n<li>N\u00ebnkryetar i Partis\u00eb Demokratike n\u00eb k\u00ebt\u00eb dat\u00eb ka qen\u00eb bashk\u00ebjetuesi, Enkeld Alibeaj.<\/li>\n<li>Relatore e \u00e7\u00ebshtjes \u00ebsht\u00eb bashk\u00ebjetuesja, Marsida Xhaferllari.<\/li>\n<li>N\u00eb vendimin e pakic\u00ebs, \u00ebsht\u00eb bashk\u00ebjetuejsja e Enkeledit, Marsida Xhaferllari.<\/li>\n<li>Pro k\u00ebrkes\u00ebs s\u00eb subjektit politik, ku bashk\u00ebjtuesi Alibeaj ka qen\u00eb n\u00ebnkryetar, ka votuar pro bashk\u00ebjetuesja Marsida Xhaferllari.<\/li>\n<\/ol>\n<p>Tani a ka m\u00eb arsye T&#8217;Ju sqaroj konfliktin e interesit ku bashk\u00ebjetuesja Marsid\u00eb, p\u00ebrve\u00e7 se mer guximin t\u00eb jet\u00eb relatore, voton dhe pro k\u00ebrkes\u00ebs s\u00eb nj\u00eb force politike ku bashk\u00ebjetuesi Enkeled \u00ebsht\u00eb n\u00ebnkryetar?<\/p>\n<p>M\u00eb thoni n\u00ebse duhet.<\/p>\n<p>Ju e dini se un\u00eb nuk lodhem.<\/p>\n<p>Se shkarkimi nga detyra, \u00ebsht\u00eb gj\u00ebja m\u00eb e mir\u00eb q\u00eb do i ndodh\u00eb bashk\u00ebjetueses Marsid\u00eb.<\/p>\n<p>Vijon&#8230;&#8230;<\/p>\n<p>S\u00eb shpejti&#8230;..<\/p>\n<p>PS: P\u00ebr secilin q\u00eb k\u00ebrkon t\u00eb debatoj\u00eb me fakte, prova apo ligj k\u00ebt\u00eb \u00e7\u00ebshtje, jam e gatshme t\u00eb p\u00ebrballem n\u00eb median, moderatorin\/en, dit\u00ebn dhe or\u00ebn q\u00eb duan.<\/p>\n<p>T\u00eb marin me vete dhe Ymerin.<\/p>\n<p><img loading=\"lazy\" decoding=\"async\" class=\"alignnone size-medium wp-image-101355\" src=\"https:\/\/rdnews.al\/wp-content\/uploads\/2025\/01\/kk-300x247.png\" alt=\"\" width=\"300\" height=\"247\" srcset=\"https:\/\/rdnews.al\/wp-content\/uploads\/2025\/01\/kk-300x247.png 300w, https:\/\/rdnews.al\/wp-content\/uploads\/2025\/01\/kk.png 595w\" sizes=\"auto, (max-width: 300px) 100vw, 300px\" \/><\/p>\n","protected":false},"excerpt":{"rendered":"<p>Nga Adriana KALAJA Vijojm\u00eb: &#8220;Opozitar\u00ebve&#8221; n\u00eb k\u00ebrkim t\u00eb tutorit t\u00eb rradh\u00ebs, sh\u00ebrb\u00ebtor\u00eb t\u00eb Aleanc\u00ebs s\u00eb Qelb\u00ebsirave, u them se para se t\u00eb merni p\u00ebrsip\u00ebr t\u00eb mbroni \u00e7iftin e dashuris\u00eb &#8220;s\u00eb fshehur&#8221; Marsida &#8211; Enkeled, filloni t\u00eb keni m\u00eb shum\u00eb respekt p\u00ebr Kushtetut\u00ebn. Pseudo jurist\u00ebve, q\u00eb nuk kan\u00eb fituar nj\u00eb gjyq n\u00eb jet\u00ebn e tyre, u &hellip;<\/p>\n","protected":false},"author":4,"featured_media":67658,"comment_status":"closed","ping_status":"closed","sticky":false,"template":"","format":"standard","meta":{"footnotes":""},"categories":[44],"tags":[],"class_list":["post-101354","post","type-post","status-publish","format-standard","has-post-thumbnail","","category-editorial"],"_links":{"self":[{"href":"https:\/\/rdnews.al\/index.php\/wp-json\/wp\/v2\/posts\/101354","targetHints":{"allow":["GET"]}}],"collection":[{"href":"https:\/\/rdnews.al\/index.php\/wp-json\/wp\/v2\/posts"}],"about":[{"href":"https:\/\/rdnews.al\/index.php\/wp-json\/wp\/v2\/types\/post"}],"author":[{"embeddable":true,"href":"https:\/\/rdnews.al\/index.php\/wp-json\/wp\/v2\/users\/4"}],"replies":[{"embeddable":true,"href":"https:\/\/rdnews.al\/index.php\/wp-json\/wp\/v2\/comments?post=101354"}],"version-history":[{"count":1,"href":"https:\/\/rdnews.al\/index.php\/wp-json\/wp\/v2\/posts\/101354\/revisions"}],"predecessor-version":[{"id":101356,"href":"https:\/\/rdnews.al\/index.php\/wp-json\/wp\/v2\/posts\/101354\/revisions\/101356"}],"wp:featuredmedia":[{"embeddable":true,"href":"https:\/\/rdnews.al\/index.php\/wp-json\/wp\/v2\/media\/67658"}],"wp:attachment":[{"href":"https:\/\/rdnews.al\/index.php\/wp-json\/wp\/v2\/media?parent=101354"}],"wp:term":[{"taxonomy":"category","embeddable":true,"href":"https:\/\/rdnews.al\/index.php\/wp-json\/wp\/v2\/categories?post=101354"},{"taxonomy":"post_tag","embeddable":true,"href":"https:\/\/rdnews.al\/index.php\/wp-json\/wp\/v2\/tags?post=101354"}],"curies":[{"name":"wp","href":"https:\/\/api.w.org\/{rel}","templated":true}]}}