{"id":101357,"date":"2025-01-14T17:49:47","date_gmt":"2025-01-14T17:49:47","guid":{"rendered":"https:\/\/rdnews.al\/?p=101357"},"modified":"2025-01-14T17:49:47","modified_gmt":"2025-01-14T17:49:47","slug":"berisha-kur-ia-dolem-te-marrim-600-mije-vota-ne-2023-ne-keto-zgjedhje-do-jemi-force-politike-e-nje-fitoreje-te-thelle","status":"publish","type":"post","link":"https:\/\/rdnews.al\/index.php\/2025\/01\/14\/berisha-kur-ia-dolem-te-marrim-600-mije-vota-ne-2023-ne-keto-zgjedhje-do-jemi-force-politike-e-nje-fitoreje-te-thelle\/","title":{"rendered":"Berisha: Kur ia dol\u00ebm t\u00eb marrim 600 mij\u00eb vota n\u00eb 2023, n\u00eb k\u00ebto zgjedhje do jemi forc\u00eb politike e nj\u00eb fitoreje t\u00eb thell\u00eb"},"content":{"rendered":"<p>Kryetari i Partis\u00eb Demokratike, Sali Berisha, ka mbledhur t\u00eb zgjedhurit vendor\u00eb dhe k\u00ebshilltar\u00ebt bashkiak\u00eb n\u00eb nj\u00eb takim n\u00eb selin\u00eb blu, n\u00eb kuad\u00ebr t\u00eb zgjedhjeve t\u00eb p\u00ebrgjithshme t\u00eb 11 majit.<\/p>\n<p>Berisha gjat\u00eb fjal\u00ebs s\u00eb tij, tha se, kur ia dol\u00ebm t\u00eb marrim 600 mij\u00eb vota n\u00eb 2023, n\u00eb k\u00ebto zgjedhje do jemi forc\u00eb politike e nj\u00eb fitoreje t\u00eb thell\u00eb.<\/p>\n<p>\u201cMir\u00ebmbr\u00ebma dhe nj\u00eb p\u00ebrsh\u00ebndetje t\u00eb p\u00ebrzem\u00ebrt ju k\u00ebtu, por dhe t\u00eb gjith\u00eb k\u00ebshilltar\u00ebve t\u00eb PD-s\u00eb, qeveritar\u00ebve vendor\u00eb t\u00eb saj, zgjedh\u00ebsve, atyre q\u00eb u kan\u00eb votuar ju dhe t\u2019ju uroj nga zemra nj\u00eb vit plot t\u00eb mira, sh\u00ebndet dhe fitore me 11 majin q\u00eb vjen.<\/p>\n<p>Si fibra institucionale e pushtetit, krahas parlamentit, k\u00ebshilltar\u00ebt dhe qeveritar\u00ebt tan\u00eb vendor\u00eb jan\u00eb institucione jasht\u00ebzakonisht t\u00eb r\u00ebnd\u00ebsishme t\u00eb opozit\u00ebs dhe PD-s\u00eb.<\/p>\n<p>Me zgjedhjen tuaj si drejtues t\u00eb qeverive vendore dhe k\u00ebshilltar\u00eb, u sh\u00ebnua nj\u00eb hap i madh n\u00eb dy aspekte.<\/p>\n<p>PD korrigjoi at\u00eb gabim fatal q\u00eb b\u00ebri me zgjedhjet lokale t\u00eb vitit 2019, por nga ana tjet\u00ebr PD faktoi apo realizoi t\u00eb paimagjinueshmen.<\/p>\n<p>N\u00eb \u00e7\u2019kuptim? N\u00eb kuptimin m\u00eb t\u00eb v\u00ebrtet\u00eb t\u00eb k\u00ebsaj fjale. N\u00eb zgjedhjet e 14 majit 2023 ne hym\u00eb n\u00eb zgjedhje pa vul\u00eb, pa flamur, pa emrin e kryetarit n\u00eb flet\u00eb votimi, pa asnj\u00eb qindark\u00eb financim. Pa p\u00ebrfaq\u00ebsues tan\u00eb n\u00eb gjysm\u00ebn e komisioneve t\u00eb num\u00ebrimit.<\/p>\n<p>Dhe ne si opozit\u00eb mor\u00ebm 600 mij\u00eb vota, qindra mij\u00ebra k\u00ebshilltar\u00eb. Fituam dhe disa nga bashkit\u00eb e vendit.<\/p>\n<p>Pra, zgjedhjet q\u00eb ishin parashikuar t\u00eb ishin eliminimi p\u00ebrfundimtar i opozit\u00ebs si faktor elektoral, n\u00eb fakt shqiptar\u00ebt provuan t\u00eb kund\u00ebrt\u00ebn.<\/p>\n<p>E v\u00ebshtir\u00eb shum\u00eb, pavar\u00ebsisht nga propaganda mashtruese e qeveris\u00eb, por un\u00eb u them ju se \u00ebsht\u00eb shum\u00eb e v\u00ebshtir\u00eb t\u00eb gjesh nj\u00eb rast t\u00eb till\u00eb n\u00eb histori, ku nj\u00eb forc\u00eb politike, e privuar nga t\u00eb gjitha k\u00ebto, t\u00eb arrij\u00eb nj\u00eb rezultat q\u00eb arrit\u00ebm ne me 14 maj.<\/p>\n<p>N\u00eb nj\u00eb koh\u00eb kur narkoqeveria p\u00ebrdori \u00e7do lloj mekanizmi, p\u00ebrdori shteti elektoral kriminal dhe bandat e tij, p\u00ebrdori propagand\u00ebn mashtruese, t\u00eb gjitha k\u00ebto, por mbi 600 mij\u00eb votues shqiptar\u00eb votuan kund\u00ebr saj.<\/p>\n<p>Pse ndalem n\u00eb k\u00ebt\u00eb analiz\u00eb?<\/p>\n<p>Ndalem n\u00eb k\u00ebt\u00eb analiz\u00eb m\u00eb s\u00eb pari p\u00ebr t\u00eb shprehur bindjen time m\u00eb t\u00eb thell\u00eb se sot forca politike, e cila n\u00eb ato kushte, shto edhe izolimin m\u00eb t\u00eb thell\u00eb, m\u00eb t\u00eb pamerituar, ia doli t\u00eb marr\u00eb 600 mij\u00eb vota nga shqiptar\u00ebt, n\u00eb k\u00ebto zgjedhje do jet\u00eb forc\u00eb politike e nj\u00eb fitoreje t\u00eb thell\u00eb. E nj\u00eb fitoreje t\u00eb merituar.<\/p>\n<p>Nuk kishte asgj\u00eb m\u00eb t\u00eb pamundshme se n\u00eb kushtet e nj\u00eb diskriminimi total, e nj\u00eb terrori t\u00eb v\u00ebrtet\u00eb banditesk, e nj\u00eb shteti kriminal elektoral, e akteve m\u00eb brutale, me listat, me bandat, me patronazhist\u00ebt, me aktivist\u00ebt, etj, t\u00eb votoheshe nga 600 mij\u00eb shqiptar\u00eb.<\/p>\n<p>N\u00eb historin\u00eb elektorale t\u00eb k\u00ebtij vendi ajo do mbetet habia elektorale e PD dhe opozit\u00ebs\u201d, u shpreh Berisha.<\/p>\n","protected":false},"excerpt":{"rendered":"<p>Kryetari i Partis\u00eb Demokratike, Sali Berisha, ka mbledhur t\u00eb zgjedhurit vendor\u00eb dhe k\u00ebshilltar\u00ebt bashkiak\u00eb n\u00eb nj\u00eb takim n\u00eb selin\u00eb blu, n\u00eb kuad\u00ebr t\u00eb zgjedhjeve t\u00eb p\u00ebrgjithshme t\u00eb 11 majit. Berisha gjat\u00eb fjal\u00ebs s\u00eb tij, tha se, kur ia dol\u00ebm t\u00eb marrim 600 mij\u00eb vota n\u00eb 2023, n\u00eb k\u00ebto zgjedhje do jemi forc\u00eb politike e nj\u00eb &hellip;<\/p>\n","protected":false},"author":4,"featured_media":101358,"comment_status":"closed","ping_status":"closed","sticky":false,"template":"","format":"standard","meta":{"footnotes":""},"categories":[37],"tags":[],"class_list":["post-101357","post","type-post","status-publish","format-standard","has-post-thumbnail","","category-politike"],"_links":{"self":[{"href":"https:\/\/rdnews.al\/index.php\/wp-json\/wp\/v2\/posts\/101357","targetHints":{"allow":["GET"]}}],"collection":[{"href":"https:\/\/rdnews.al\/index.php\/wp-json\/wp\/v2\/posts"}],"about":[{"href":"https:\/\/rdnews.al\/index.php\/wp-json\/wp\/v2\/types\/post"}],"author":[{"embeddable":true,"href":"https:\/\/rdnews.al\/index.php\/wp-json\/wp\/v2\/users\/4"}],"replies":[{"embeddable":true,"href":"https:\/\/rdnews.al\/index.php\/wp-json\/wp\/v2\/comments?post=101357"}],"version-history":[{"count":1,"href":"https:\/\/rdnews.al\/index.php\/wp-json\/wp\/v2\/posts\/101357\/revisions"}],"predecessor-version":[{"id":101359,"href":"https:\/\/rdnews.al\/index.php\/wp-json\/wp\/v2\/posts\/101357\/revisions\/101359"}],"wp:featuredmedia":[{"embeddable":true,"href":"https:\/\/rdnews.al\/index.php\/wp-json\/wp\/v2\/media\/101358"}],"wp:attachment":[{"href":"https:\/\/rdnews.al\/index.php\/wp-json\/wp\/v2\/media?parent=101357"}],"wp:term":[{"taxonomy":"category","embeddable":true,"href":"https:\/\/rdnews.al\/index.php\/wp-json\/wp\/v2\/categories?post=101357"},{"taxonomy":"post_tag","embeddable":true,"href":"https:\/\/rdnews.al\/index.php\/wp-json\/wp\/v2\/tags?post=101357"}],"curies":[{"name":"wp","href":"https:\/\/api.w.org\/{rel}","templated":true}]}}