{"id":101360,"date":"2025-01-14T17:54:01","date_gmt":"2025-01-14T17:54:01","guid":{"rendered":"https:\/\/rdnews.al\/?p=101360"},"modified":"2025-01-14T17:54:45","modified_gmt":"2025-01-14T17:54:45","slug":"berisha-mbrojtem-voten-e-shqiptareve-me-3-rezoluta-nderkombetare","status":"publish","type":"post","link":"https:\/\/rdnews.al\/index.php\/2025\/01\/14\/berisha-mbrojtem-voten-e-shqiptareve-me-3-rezoluta-nderkombetare\/","title":{"rendered":"Berisha: Mbrojt\u00ebm vot\u00ebn e shqiptar\u00ebve me 3 rezoluta nd\u00ebrkomb\u00ebtare!"},"content":{"rendered":"<p>Lideri i opozit\u00ebs, Sali Berisha, gjat\u00eb takimit me t\u00eb zgjedhurit vendor\u00eb dhe k\u00ebshilltar\u00ebt bashkiak\u00eb n\u00eb selin\u00eb blu, u shpreh se me angazhimin e Partis\u00eb Demokratike, u mbrojt vota e shqiptar\u00ebve me rezoluta nd\u00ebrkomb\u00ebtare.<\/p>\n<p>Berisha tha se, ne e mbrojt\u00ebm vot\u00ebn e shqiptar\u00ebve me 3 rezoluta nd\u00ebrkomb\u00ebtare! Kemi b\u00ebr\u00eb opozit\u00ebn m\u00eb efi\u00e7ente q\u00eb \u00ebsht\u00eb b\u00ebr\u00eb ndonj\u00ebher\u00eb n\u00eb k\u00ebt\u00eb vend.<\/p>\n<p>\u201cKu jemi sot?<\/p>\n<p>N\u00eb 2023-shin ishim t\u00eb p\u00ebr\u00e7ar\u00eb, ishim pra pa em\u00ebr n\u00eb flet\u00eb votimi, ishim pa asnj\u00eb qindark\u00eb financim, ishim n\u00eb p\u00ebrballje me mafien m\u00eb t\u00eb rrezikshme t\u00eb rajonit dhe bot\u00ebs me Xhorxh Sorosin.<\/p>\n<p>Nd\u00ebrsa sot jo q\u00eb nuk jemi t\u00eb izoluar, por jemi forca politike m\u00eb e mb\u00ebshtetur me tre rezoluta nd\u00ebrkomb\u00ebtare, t\u00eb cilat faktojn\u00eb nj\u00eb p\u00ebr nj\u00eb ato q\u00eb kemi deklaruar p\u00ebrpara shqiptar\u00ebve n\u00eb m\u00ebnyr\u00ebn m\u00eb t\u00eb p\u00ebrs\u00ebritur.<\/p>\n<p>Ju jeni d\u00ebshmitar\u00eb, me t\u00eb drejt\u00eb qytetar\u00ebt kan\u00eb shtruar pyetjen, si po e mbroni vot\u00ebn, pse nuk po e mbroni vot\u00ebn.<\/p>\n<p>Por sot secili prej nesh i thot\u00eb \u00e7do shqiptari se n\u00eb rast se tre rezoluta nd\u00ebrkomb\u00ebtare damkos\u00ebn zgjedhjet n\u00eb Shqip\u00ebri dhe deklaruan se Shqip\u00ebria zhvillon fars\u00eb elektorale, se n\u00eb Shqip\u00ebri, shteti dhe krimi jan\u00eb nj\u00eb sip\u00ebrmarrje e p\u00ebrbashk\u00ebt, un\u00eb mendoj se kjo \u00ebsht\u00eb mbrojtje bot\u00ebrore e vot\u00ebs.<\/p>\n<p>Jo vet\u00ebm shqiptare, por edhe bot\u00ebrore.<\/p>\n<p>Ne ia dol\u00ebm t\u2019i japim nd\u00ebshkimin e merituar nd\u00ebrkomb\u00ebtar atyre q\u00eb prek\u00ebn vot\u00ebn e shqiptar\u00ebve.<\/p>\n<p>Cilido \u00ebsht\u00eb i ftuar t\u00eb lexoj\u00eb rezolutat q\u00eb sanksionuan narkoshtetin shqiptar dhe q\u00ebndrimin e tij ndaj zgjedhjeve.<\/p>\n<p>Kjo \u00ebsht\u00eb nj\u00eb arritje shum\u00eb e madhe.<\/p>\n<p>Ju garantoj se pa procesin e 14 majit, kjo nuk do mund t\u00eb b\u00ebhej.<\/p>\n<p>B\u00ebri gjith\u00e7ka Edi Rama q\u00eb t\u00eb braktisim zgjedhjet, po t\u00eb braktisje zgjedhjet do t\u00eb thot\u00eb t\u00eb braktisje betej\u00ebn.<\/p>\n<p>Beteja vazhdoi edhe pas zgjedhjeve, gjersa zgjedhjet mor\u00ebn d\u00ebnim nd\u00ebrkomb\u00ebtar.<\/p>\n<p>Pse u ndala n\u00eb k\u00ebt\u00eb analiz\u00eb t\u00eb shkurt\u00ebr?<\/p>\n<p>U ndala p\u00ebr t\u00eb theksuar se PD d\u00ebshmoi nj\u00eb vitalitet t\u00eb jasht\u00ebzakonsh\u00ebm.<\/p>\n<p>P\u00ebrpjekje \u00e7njer\u00ebzore u b\u00ebn\u00eb p\u00ebr ta shuar k\u00ebt\u00eb forc\u00eb. Ajo u bashkua, \u00ebsht\u00eb n\u00eb k\u00ebmb\u00eb m\u00eb e fuqishme se kurr\u00eb, shkon drejt zgjedhjeve m\u00eb e sigurt se kurr\u00eb n\u00eb fitore.<\/p>\n<p>P\u00ebr \u00e7do shqiptar, ne sot jemi ata q\u00eb b\u00ebm\u00eb avokatin\u00eb n\u00eb radh\u00eb t\u00eb par\u00eb t\u00eb vot\u00ebs s\u00eb tij.<\/p>\n<p>Por b\u00ebm\u00eb avokatin\u00eb jo vet\u00ebm t\u00eb vot\u00ebs, b\u00ebm\u00eb edhe avokatin\u00eb e pasuris\u00eb komb\u00ebtare, edhe t\u00eb fondeve buxhetore.<\/p>\n<p>Kurr\u00eb ndonj\u00ebher\u00eb n\u00eb historin\u00eb e k\u00ebtij vendi nuk kan\u00eb qen\u00eb n\u00eb tryez\u00ebn e operacionit si\u00e7 jan\u00eb qeveritar\u00ebt e sot\u00ebm.<\/p>\n<p>Secili m\u00eb i damkosur se tjetri.<\/p>\n<p>Si opozit\u00eb kemi b\u00ebr\u00eb opozit\u00ebn m\u00eb efi\u00e7ente q\u00eb \u00ebsht\u00eb b\u00ebr\u00eb ndonj\u00ebher\u00eb n\u00eb k\u00ebt\u00eb vend. Me dokumente, me fakte.<\/p>\n<p>Por pa asnj\u00eb lloj kompromisi.<\/p>\n<p>Komisionet hetimore parlamentare nxor\u00ebn t\u00eb gjith\u00eb sh\u00ebmtin\u00eb e vjedhjeve t\u00eb pap\u00ebrmbajtura t\u00eb qeveritar\u00ebve. Edhe tre jet\u00eb po t\u00eb ket\u00eb Edi Rama, gur n\u00eb qaf\u00eb do mbaj\u00eb djeg\u00ebsin e Tiran\u00ebs, 130 milion\u00eb euro t\u00eb zhdukura.<\/p>\n<p>Asgj\u00eb nuk do mund ta shp\u00ebtoj\u00eb at\u00eb nga ajo vjedhje e pad\u00ebgjuar ndonj\u00ebher\u00eb n\u00eb histori.<\/p>\n<p>Edhe tre jet\u00eb po t\u00eb ket\u00eb Edi Rama, afera e sterilizimit me Beq\u00ebn e tij, me t\u00eb cil\u00ebn rrit\u00ebn \u00e7mimet e sterilizimit me 83 her\u00eb p\u00ebr t\u00eb vjedhur, nuk i shp\u00ebton dot m\u00eb.<\/p>\n<p>Kurr\u00eb, t\u00eb fluturoj\u00eb n\u00eb qiell dhe tok\u00eb Lubi Loti, nuk del kurr\u00eb, nuk shp\u00ebton kurr\u00eb nga krimet e sh\u00ebmtuara q\u00eb ka b\u00ebr\u00eb duke ndar\u00eb nj\u00eb cop\u00eb rrog\u00eb 13 kilometra n\u00eb 14 lote p\u00ebr t\u00eb vjedhur n\u00eb \u00e7do lot, si\u00e7 b\u00ebnte Edi Rama me lejet e nd\u00ebrtimit.<\/p>\n<p>Apo Erion Veliaj, i cili aplikoi n\u00eb Bashkin\u00eb e Tiran\u00ebs modelin m\u00eb t\u00eb pad\u00ebgjuar t\u00eb vjedhjes 100 p\u00ebrqind.<\/p>\n<p>Po jo vet\u00ebm t\u00eb vjedhjes 100 p\u00ebrqind t\u00eb parave t\u00eb buxhetit, por nj\u00eb krim shum\u00eb m\u00eb i avancuar, t\u00eb shkat\u00ebrrimit t\u00eb dhjet\u00ebra pallateve t\u00eb qytetar\u00ebve t\u00eb Tiran\u00ebs, p\u00ebr t\u00eb rind\u00ebrtuar aty pallate me dyfishin e kateve dhe p\u00ebr t\u2019u b\u00ebr\u00eb miliarder me hotelin m\u00eb t\u00eb madh n\u00eb Shqip\u00ebri, 20 kate me xham dhe Kristal\u201d, u shpreh Berisha.<\/p>\n","protected":false},"excerpt":{"rendered":"<p>Lideri i opozit\u00ebs, Sali Berisha, gjat\u00eb takimit me t\u00eb zgjedhurit vendor\u00eb dhe k\u00ebshilltar\u00ebt bashkiak\u00eb n\u00eb selin\u00eb blu, u shpreh se me angazhimin e Partis\u00eb Demokratike, u mbrojt vota e shqiptar\u00ebve me rezoluta nd\u00ebrkomb\u00ebtare. Berisha tha se, ne e mbrojt\u00ebm vot\u00ebn e shqiptar\u00ebve me 3 rezoluta nd\u00ebrkomb\u00ebtare! Kemi b\u00ebr\u00eb opozit\u00ebn m\u00eb efi\u00e7ente q\u00eb \u00ebsht\u00eb b\u00ebr\u00eb ndonj\u00ebher\u00eb &hellip;<\/p>\n","protected":false},"author":4,"featured_media":101361,"comment_status":"closed","ping_status":"closed","sticky":false,"template":"","format":"standard","meta":{"footnotes":""},"categories":[37],"tags":[],"class_list":["post-101360","post","type-post","status-publish","format-standard","has-post-thumbnail","","category-politike"],"_links":{"self":[{"href":"https:\/\/rdnews.al\/index.php\/wp-json\/wp\/v2\/posts\/101360","targetHints":{"allow":["GET"]}}],"collection":[{"href":"https:\/\/rdnews.al\/index.php\/wp-json\/wp\/v2\/posts"}],"about":[{"href":"https:\/\/rdnews.al\/index.php\/wp-json\/wp\/v2\/types\/post"}],"author":[{"embeddable":true,"href":"https:\/\/rdnews.al\/index.php\/wp-json\/wp\/v2\/users\/4"}],"replies":[{"embeddable":true,"href":"https:\/\/rdnews.al\/index.php\/wp-json\/wp\/v2\/comments?post=101360"}],"version-history":[{"count":2,"href":"https:\/\/rdnews.al\/index.php\/wp-json\/wp\/v2\/posts\/101360\/revisions"}],"predecessor-version":[{"id":101363,"href":"https:\/\/rdnews.al\/index.php\/wp-json\/wp\/v2\/posts\/101360\/revisions\/101363"}],"wp:featuredmedia":[{"embeddable":true,"href":"https:\/\/rdnews.al\/index.php\/wp-json\/wp\/v2\/media\/101361"}],"wp:attachment":[{"href":"https:\/\/rdnews.al\/index.php\/wp-json\/wp\/v2\/media?parent=101360"}],"wp:term":[{"taxonomy":"category","embeddable":true,"href":"https:\/\/rdnews.al\/index.php\/wp-json\/wp\/v2\/categories?post=101360"},{"taxonomy":"post_tag","embeddable":true,"href":"https:\/\/rdnews.al\/index.php\/wp-json\/wp\/v2\/tags?post=101360"}],"curies":[{"name":"wp","href":"https:\/\/api.w.org\/{rel}","templated":true}]}}