{"id":101365,"date":"2025-01-14T18:03:31","date_gmt":"2025-01-14T18:03:31","guid":{"rendered":"https:\/\/rdnews.al\/?p=101365"},"modified":"2025-01-14T18:05:12","modified_gmt":"2025-01-14T18:05:12","slug":"berisha-erion-veliaj-e-mori-me-vete-edi-ramen-per-36-ore-kemi-perballe-nje-kundershtar-te-diskredituar","status":"publish","type":"post","link":"https:\/\/rdnews.al\/index.php\/2025\/01\/14\/berisha-erion-veliaj-e-mori-me-vete-edi-ramen-per-36-ore-kemi-perballe-nje-kundershtar-te-diskredituar\/","title":{"rendered":"Berisha: Erion Veliaj e mori me vete Edi Ram\u00ebn p\u00ebr 36 or\u00eb!"},"content":{"rendered":"<p>Kryetari i PD, Sali Berisha, gjat\u00eb mbledhjes me t\u00eb zgjedhurit vendor\u00eb dhe k\u00ebshilltar\u00ebt bashkiak\u00eb n\u00eb selin\u00eb blu, u ndal edhe te lufta e hapur tashm\u00eb n\u00eb PS mes kryeministrit Edi Rama dhe kryebashkiakut t\u00eb Tiran\u00ebs, Erion Veliaj.<\/p>\n<p>Berisha tha se, Erion Veliaj e mori me vete Edi Ram\u00ebn p\u00ebr 36 or\u00eb! Kemi p\u00ebrball\u00eb nj\u00eb kund\u00ebrshtar t\u00eb diskredituar.<\/p>\n<p>\u201cPra, u zbuluan nj\u00eb nga nj\u00eb lidhjet e forta t\u00eb krimit, filluan nga Edi Rama me Sinaloan e Meksik\u00ebs.<\/p>\n<p>Me bandat shqiptare n\u00eb Aruba, n\u00eb Dubai.<\/p>\n<p>P\u00ebr t\u00eb mos th\u00ebn\u00eb pastaj me Taulantin dhe kompani.<\/p>\n<p>Pra, u ndala n\u00eb k\u00ebto p\u00ebr t\u00eb th\u00ebn\u00eb se opozita q\u00ebndroi, pavar\u00ebsisht nga t\u00eb gjitha format e presioneve, ajo i b\u00ebri gjyqin qytetar me dokumente k\u00ebsaj qeverie.<\/p>\n<p>Pse po ndalem n\u00eb k\u00ebt\u00eb? Po ndalem n\u00eb k\u00ebto sepse tani ne jemi n\u00eb prag t\u00eb zgjedhjeve t\u00eb reja dhe tani jemi n\u00eb kushte t\u00eb pakrahasueshme.<\/p>\n<p>Kemi p\u00ebrball\u00eb nj\u00eb kund\u00ebrshtar t\u00eb diskredituar, t\u00eb demaskuar, t\u00eb frik\u00ebsuar gjer n\u00eb palc\u00eb p\u00ebr krimet q\u00eb ka kryer, p\u00ebr vjedhjet e tmerrshme q\u00eb ka b\u00ebr\u00eb, jo nga ne, por nga vetja e tyre.<\/p>\n<p>Nga ana tjet\u00ebr \u00ebsht\u00eb opozita, e cila thash\u00eb, edhe n\u00eb kushtet m\u00eb t\u00eb pap\u00ebrshtatshme, fitoi 600 mij\u00eb vota. Opozita, e cila shkon ne sigurt drejt fitores n\u00eb zgjedhjet e 11 majit.<\/p>\n<p>Kemi p\u00ebrball\u00eb nj\u00eb kund\u00ebrshtar n\u00eb gjirin e t\u00eb cilit ka shp\u00ebrthyer lufta e t\u00eb gjith\u00ebve kund\u00ebr t\u00eb gjith\u00ebve.<\/p>\n<p>Se si e si t\u00eb mund t\u00eb kapin peng nj\u00ebri-tjetrit.<\/p>\n<p>T\u00eb dashur miq, kur un\u00eb u deklarova 3 jav\u00eb m\u00eb par\u00eb se Velica e famshme e Harabelit, 4 dit\u00eb para se ta bastisnin, i tha shoqes s\u00eb vet, le t\u00eb guxoj\u00eb Edi Rama se Erion Veliaj p\u00ebr tre or\u00eb e merr vete, dhe koha provoi se nuk iu desh\u00ebn tre or\u00eb, por brenda 36 or\u00ebve, Erion Veliaj e mori me vete. Kjo \u00ebsht\u00eb e v\u00ebrteta.<\/p>\n<p>Erion Veliaj me dosjen Zaho Koka apo me dosje t\u00eb tjera, ato nuk i di un\u00eb fare, por di nj\u00eb gj\u00eb, q\u00eb djeg\u00ebsin e Tiran\u00ebs e kan\u00eb vjedhur s\u00eb bashku, 130 milion\u00eb euro.<\/p>\n<p>Di nj\u00eb gj\u00eb tjet\u00ebr, q\u00eb n\u00eb k\u00ebt\u00eb tok\u00eb nuk ka njeri q\u00eb di m\u00eb shum\u00eb p\u00ebr gjobat e Edi Ram\u00ebs p\u00ebr nd\u00ebrtimet sa \u00e7\u2019di Erion Veliaj. Nuk ka kryeminist\u00ebr n\u00eb planet q\u00eb t\u00eb firmos\u00eb lejen p\u00ebr \u00e7do nd\u00ebrtim n\u00eb territorin e Shqip\u00ebris\u00eb si Edi Rama. T\u00eb gjobis\u00eb p\u00ebr \u00e7do nd\u00ebrtim n\u00eb territorin e Shqip\u00ebris\u00eb.<\/p>\n<p>K\u00ebto Erion Veliaj i ka t\u00eb regjistruara t\u00eb gjitha.<\/p>\n<p>Ndaj dhe nga nj\u00eb t\u00eb persekutuar totalisht, q\u00eb e shihnin si lebros, tani e marrin n\u00eb krah dhe shkojn\u00eb n\u00eb Itali dhe vende t\u00eb tjera me t\u00eb. K\u00ebrcen Rama nga sevdaja i thon\u00eb k\u00ebsaj. Po k\u00ebto jan\u00eb pun\u00ebt e tyre.<\/p>\n<p>Natyrisht k\u00ebto jan\u00eb edhe avantazh p\u00ebr ne, nuk mund t\u00eb themi jo.<\/p>\n<p>Tani nuk ka paqe midis tyre, jo\u201d, tha Berisha.<\/p>\n","protected":false},"excerpt":{"rendered":"<p>Kryetari i PD, Sali Berisha, gjat\u00eb mbledhjes me t\u00eb zgjedhurit vendor\u00eb dhe k\u00ebshilltar\u00ebt bashkiak\u00eb n\u00eb selin\u00eb blu, u ndal edhe te lufta e hapur tashm\u00eb n\u00eb PS mes kryeministrit Edi Rama dhe kryebashkiakut t\u00eb Tiran\u00ebs, Erion Veliaj. Berisha tha se, Erion Veliaj e mori me vete Edi Ram\u00ebn p\u00ebr 36 or\u00eb! Kemi p\u00ebrball\u00eb nj\u00eb kund\u00ebrshtar &hellip;<\/p>\n","protected":false},"author":4,"featured_media":101368,"comment_status":"closed","ping_status":"closed","sticky":false,"template":"","format":"standard","meta":{"footnotes":""},"categories":[37],"tags":[],"class_list":["post-101365","post","type-post","status-publish","format-standard","has-post-thumbnail","","category-politike"],"_links":{"self":[{"href":"https:\/\/rdnews.al\/index.php\/wp-json\/wp\/v2\/posts\/101365","targetHints":{"allow":["GET"]}}],"collection":[{"href":"https:\/\/rdnews.al\/index.php\/wp-json\/wp\/v2\/posts"}],"about":[{"href":"https:\/\/rdnews.al\/index.php\/wp-json\/wp\/v2\/types\/post"}],"author":[{"embeddable":true,"href":"https:\/\/rdnews.al\/index.php\/wp-json\/wp\/v2\/users\/4"}],"replies":[{"embeddable":true,"href":"https:\/\/rdnews.al\/index.php\/wp-json\/wp\/v2\/comments?post=101365"}],"version-history":[{"count":2,"href":"https:\/\/rdnews.al\/index.php\/wp-json\/wp\/v2\/posts\/101365\/revisions"}],"predecessor-version":[{"id":101369,"href":"https:\/\/rdnews.al\/index.php\/wp-json\/wp\/v2\/posts\/101365\/revisions\/101369"}],"wp:featuredmedia":[{"embeddable":true,"href":"https:\/\/rdnews.al\/index.php\/wp-json\/wp\/v2\/media\/101368"}],"wp:attachment":[{"href":"https:\/\/rdnews.al\/index.php\/wp-json\/wp\/v2\/media?parent=101365"}],"wp:term":[{"taxonomy":"category","embeddable":true,"href":"https:\/\/rdnews.al\/index.php\/wp-json\/wp\/v2\/categories?post=101365"},{"taxonomy":"post_tag","embeddable":true,"href":"https:\/\/rdnews.al\/index.php\/wp-json\/wp\/v2\/tags?post=101365"}],"curies":[{"name":"wp","href":"https:\/\/api.w.org\/{rel}","templated":true}]}}